{"id":1146332,"date":"2026-04-29T23:31:44","date_gmt":"2026-04-29T23:31:44","guid":{"rendered":"https:\/\/dimensionturistica.com\/es\/nuevo-queso-madurado-de-cabra-con-flores-de-corsevilla\/"},"modified":"2026-04-29T23:31:44","modified_gmt":"2026-04-29T23:31:44","slug":"nuevo-queso-madurado-de-cabra-con-flores-de-corsevilla","status":"publish","type":"post","link":"https:\/\/dimensionturistica.com\/es\/nuevo-queso-madurado-de-cabra-con-flores-de-corsevilla\/","title":{"rendered":"Nuevo queso madurado de cabra con flores de CorSevilla"},"content":{"rendered":"<h3>Delicias de la Tierra: El Queso Curado de Cabra con Flores de Corsevilla<\/h3>\n<p>En el vibrante panorama gastron\u00f3mico espa\u00f1ol, un nuevo protagonista ha emergido, y su nombre es el queso curado de cabra con flores de Corsevilla. Este exquisito producto no solo es un deleite para el paladar, sino que tambi\u00e9n encapsula la riqueza cultural y el patrimonio agr\u00edcola de la regi\u00f3n donde se elabora.<\/p>\n<h4>Un Viaje a la Tradici\u00f3n<\/h4>\n<p>Este queso se elabora en un peque\u00f1o pueblo donde la producci\u00f3n l\u00e1ctea tiene profundas ra\u00edces. Las cabras, alimentadas con las hierbas aut\u00f3ctonas, aportan una leche de calidad excepcional. Este contexto rural, donde la naturaleza y la tradici\u00f3n se entrelazan, es clave para entender la singularidad del queso. La t\u00e9cnica artesanal, transmitida de generaci\u00f3n en generaci\u00f3n, garantiza que cada queso cuente una historia.<\/p>\n<h4>Un Toque Floral y Distintivo<\/h4>\n<p>La aut\u00e9ntica magia de este queso radica en las flores de Corsevilla que se incorporan en su elaboraci\u00f3n. Estas flores, recolectadas de manera sostenible, aportan un aroma y un sabor distintivos que elevan la experiencia gustativa. La fusi\u00f3n entre la suavidad de la leche de cabra y las notas florales brinda un equilibrio perfecto que invitar\u00e1 a los comensales a disfrutar cada bocado.<\/p>\n<h4>Maridajes Perfectos<\/h4>\n<p>El queso curado de cabra con flores de Corsevilla no solo es perfecto para degustar solo o acompa\u00f1ado de un buen vino; su versatilidad lo convierte en un aliado ideal en la cocina. Desde ensaladas frescas hasta tablas de quesos, pasando por deliciosos aperitivos, este queso puede transformar cualquier plato en una experiencia culinaria memorable. Un vino blanco joven o un rosado ligeramente afrutado complementar\u00e1n sus notas florales de manera sublime.<\/p>\n<h4>Un Patrimonio por Descubrir<\/h4>\n<p>Probar este queso es tambi\u00e9n sumergirse en un viaje cultural. Las rutas gastron\u00f3micas de la regi\u00f3n ofrecen la posibilidad de conocer a los productores, quienes con orgullo comparten sus m\u00e9todos y su amor por el oficio. Adem\u00e1s, las ferias locales, que celebran la tradici\u00f3n quesera, son un excelente punto de encuentro para los amantes del queso y la gastronom\u00eda en general.<\/p>\n<h4>Una Experiencia \u00danica<\/h4>\n<p>Si eres un apasionado de la gastronom\u00eda o simplemente un curioso que busca nuevas experiencias, no puedes dejar de inclinarte por este queso curado de cabra con flores de Corsevilla. Deleitarte con su sabor es m\u00e1s que un simple gusto; es un reconocimiento al trabajo artesanal y a la biodiversidad que hace posible que llegue a tu mesa.<\/p>\n<p>Cada bocado te transporta a la tierra donde nace, y es un recordatorio de que, en un mundo cada vez m\u00e1s globalizado, a\u00fan hay sabores aut\u00e9nticos que celebrar. Descubre este tesoro gastron\u00f3mico y deja que su historia te inspire a explorar m\u00e1s sobre la rica tradici\u00f3n quesera de Espa\u00f1a. \u00a1El queso curado de cabra con flores de Corsevilla te espera en tu pr\u00f3xima aventura culinaria!<\/p>\n<p><em> &#8221; Sources financialfood.es &#8221; <\/em><\/p>\n","protected":false},"excerpt":{"rendered":"<p>Delicias de la Tierra: El Queso Curado de Cabra con Flores de Corsevilla En el vibrante panorama gastron\u00f3mico espa\u00f1ol, un nuevo protagonista ha emergido, y su nombre es el queso curado de cabra con flores de Corsevilla. Este exquisito producto no solo es un deleite para el paladar, sino que tambi\u00e9n encapsula la riqueza cultural [&hellip;]<\/p>\n","protected":false},"author":2,"featured_media":1146333,"comment_status":"open","ping_status":"closed","sticky":false,"template":"","format":"standard","meta":{"om_disable_all_campaigns":false,"jnews-multi-image_gallery":[],"jnews_single_post":[],"jnews_primary_category":[],"jnews_social_meta":[],"footnotes":""},"categories":[43],"tags":[36024,277630,84918,3051,743,760,238351,43682,277631,277632,19531,2222],"class_list":["post-1146332","post","type-post","status-publish","format-standard","has-post-thumbnail","hentry","category-gourmet","tag-cabra","tag-corsevilla","tag-curado","tag-flores","tag-gastronomia","tag-nuevo","tag-productos-artesanales","tag-queso","tag-queso-curado-de-cabra-con-flores","tag-queso-de-cabra","tag-sabores","tag-tradicion"],"_links":{"self":[{"href":"https:\/\/dimensionturistica.com\/es\/wp-json\/wp\/v2\/posts\/1146332","targetHints":{"allow":["GET"]}}],"collection":[{"href":"https:\/\/dimensionturistica.com\/es\/wp-json\/wp\/v2\/posts"}],"about":[{"href":"https:\/\/dimensionturistica.com\/es\/wp-json\/wp\/v2\/types\/post"}],"author":[{"embeddable":true,"href":"https:\/\/dimensionturistica.com\/es\/wp-json\/wp\/v2\/users\/2"}],"replies":[{"embeddable":true,"href":"https:\/\/dimensionturistica.com\/es\/wp-json\/wp\/v2\/comments?post=1146332"}],"version-history":[{"count":0,"href":"https:\/\/dimensionturistica.com\/es\/wp-json\/wp\/v2\/posts\/1146332\/revisions"}],"wp:featuredmedia":[{"embeddable":true,"href":"https:\/\/dimensionturistica.com\/es\/wp-json\/wp\/v2\/media\/1146333"}],"wp:attachment":[{"href":"https:\/\/dimensionturistica.com\/es\/wp-json\/wp\/v2\/media?parent=1146332"}],"wp:term":[{"taxonomy":"category","embeddable":true,"href":"https:\/\/dimensionturistica.com\/es\/wp-json\/wp\/v2\/categories?post=1146332"},{"taxonomy":"post_tag","embeddable":true,"href":"https:\/\/dimensionturistica.com\/es\/wp-json\/wp\/v2\/tags?post=1146332"}],"curies":[{"name":"wp","href":"https:\/\/api.w.org\/{rel}","templated":true}]}}