{"id":1146309,"date":"2026-04-29T22:31:06","date_gmt":"2026-04-29T22:31:06","guid":{"rendered":"https:\/\/dimensionturistica.com\/es\/?p=1146309"},"modified":"2026-04-29T22:31:06","modified_gmt":"2026-04-29T22:31:06","slug":"chi-osse-potenciando-su-carrera-politica-a-traves-del-powerlifting","status":"publish","type":"post","link":"https:\/\/dimensionturistica.com\/es\/chi-osse-potenciando-su-carrera-politica-a-traves-del-powerlifting\/","title":{"rendered":"Chi Oss\u00e9: Potenciando Su Carrera Pol\u00edtica a Trav\u00e9s del Powerlifting"},"content":{"rendered":"<p>En un mundo donde la influencia de las redes sociales y la moda convergen de maneras inesperadas, Chi Osse emerge como una figura destacada que desaf\u00eda los estereotipos tradicionales. A trav\u00e9s de su amor por la moda y el powerlifting, este joven pol\u00edtico ha encontrado la forma de combinar dos mundos aparentemente dispares, capturando la atenci\u00f3n de una generaci\u00f3n entusiasta por la autenticidad y el cambio social.<\/p>\n<p>### Un Estilo \u00danico en el Escenario Pol\u00edtico<\/p>\n<p>Chi Osse no es solo un candidato joven; su enfoque en la moda lo ha convertido en un \u00edcono que trasciende el \u00e1mbito pol\u00edtico. Su sentido del estilo es audaz, con colores vibrantes y cortes innovadores que comunican su personalidad din\u00e1mica. Cada elecci\u00f3n de vestuario parece un manifiesto, evocando conversaciones sobre la autoexpresi\u00f3n en un entorno donde la imagen a menudo se siente confinada por normas r\u00edgidas. <\/p>\n<p>### El Poder del Powerlifting<\/p>\n<p>M\u00e1s all\u00e1 de su carisma y su estilo, Chi Osse destaca por su dedicaci\u00f3n al powerlifting, un deporte que no solo exige fuerza f\u00edsica, sino tambi\u00e9n una gran disciplina y compromiso. Al igual que con su carrera pol\u00edtica, en el powerlifting no existen atajos; cada levantamiento es una representaci\u00f3n de esfuerzo y perseverancia. Este paralelo revela un mensaje poderoso: el \u00e9xito en cualquier campo requiere trabajo arduo, algo que resuena profundamente en aquellos que luchan por hacer sentir su voz en un sistema a menudo desalentador.<\/p>\n<p>### Conectando con la Audiencia<\/p>\n<p>La combinaci\u00f3n de su pasi\u00f3n por la moda y el deporte ha permitido a Osse conectarse de manera \u00fanica con su audiencia. Utiliza su plataforma para hablar sobre temas que importan, desde la justicia social hasta la inclusi\u00f3n, al tiempo que inspira a otros a adoptar su autenticidad. En un momento en que los j\u00f3venes buscan figuras que reflejen sus aspiraciones y desaf\u00edos, su voz se siente tanto necesaria como refrescante.<\/p>\n<p>### Una Nueva Generaci\u00f3n de L\u00edderes<\/p>\n<p>La presencia de Chi Osse en el espacio pol\u00edtico sugiere una evoluci\u00f3n en la forma en que los j\u00f3venes perciben el activismo y la representaci\u00f3n. En lugar de conformarse a moldes preestablecidos, busca romper el estigma asociado a la pol\u00edtica tradicional. Esto podr\u00eda marcar el inicio de una nueva era de l\u00edderes que no solo se centran en las pol\u00edticas, sino que tambi\u00e9n celebran la individualidad y el estilo personal como formas de innovar y conectar con la comunidad.<\/p>\n<p>### \u00bfEl Futuro de la Moda y la Pol\u00edtica?<\/p>\n<p>Con Chi Osse como un claro ejemplo, la intersecci\u00f3n entre moda y pol\u00edtica est\u00e1 m\u00e1s viva que nunca. Una nueva oleada de pol\u00edticos est\u00e1 comenzando a adoptar su propia est\u00e9tica, entendiendo que cada elecci\u00f3n de vestuario y cada peso levantado son actos de resistencia y definici\u00f3n personal. El compromiso genuino con la comunidad, combinado con un estilo distintivo, se est\u00e1 convirtiendo en una estrategia eficaz para atraer a una audiencia m\u00e1s amplia y participativa.<\/p>\n<p>En un mundo donde los desaf\u00edos son constantes, figuras como Chi Osse muestran que se puede ser fiel a uno mismo mientras se busca el cambio. La audacia en su enfoque y su capacidad para captar la atenci\u00f3n de diferentes sectores nos llevan a considerar verdaderamente el poder que la moda y el deporte pueden tener en el \u00e1mbito pol\u00edtico. \u00bfQui\u00e9n sabe qu\u00e9 nuevas fronteras se pueden abrir cuando el estilo y el activismo se unen? La historia de Chi Osse es solo el principio.<\/p>\n<p><em> &#8221; Fuentes www.vogue.com &#8221; <\/em><\/p>\n","protected":false},"excerpt":{"rendered":"<p>En un mundo donde la influencia de las redes sociales y la moda convergen de maneras inesperadas, Chi Osse emerge como una figura destacada que desaf\u00eda los estereotipos tradicionales. A trav\u00e9s de su amor por la moda y el powerlifting, este joven pol\u00edtico ha encontrado la forma de combinar dos mundos aparentemente dispares, capturando la [&hellip;]<\/p>\n","protected":false},"author":14,"featured_media":1146310,"comment_status":"open","ping_status":"closed","sticky":false,"template":"","format":"standard","meta":{"om_disable_all_campaigns":false,"jnews-multi-image_gallery":[],"jnews_single_post":[],"jnews_primary_category":[],"jnews_social_meta":[],"footnotes":""},"categories":[144872],"tags":[172058,277618,163229,17224,190,277619,98081,277621,304,209,277620],"class_list":["post-1146309","post","type-post","status-publish","format-standard","has-post-thumbnail","hentry","category-fashion","tag-activism","tag-chi-osse","tag-community-engagement","tag-fitness","tag-politics","tag-powerlifting","tag-protein","tag-public-service","tag-social-issues","tag-wellness","tag-youth-leadership"],"_links":{"self":[{"href":"https:\/\/dimensionturistica.com\/es\/wp-json\/wp\/v2\/posts\/1146309","targetHints":{"allow":["GET"]}}],"collection":[{"href":"https:\/\/dimensionturistica.com\/es\/wp-json\/wp\/v2\/posts"}],"about":[{"href":"https:\/\/dimensionturistica.com\/es\/wp-json\/wp\/v2\/types\/post"}],"author":[{"embeddable":true,"href":"https:\/\/dimensionturistica.com\/es\/wp-json\/wp\/v2\/users\/14"}],"replies":[{"embeddable":true,"href":"https:\/\/dimensionturistica.com\/es\/wp-json\/wp\/v2\/comments?post=1146309"}],"version-history":[{"count":1,"href":"https:\/\/dimensionturistica.com\/es\/wp-json\/wp\/v2\/posts\/1146309\/revisions"}],"predecessor-version":[{"id":1146311,"href":"https:\/\/dimensionturistica.com\/es\/wp-json\/wp\/v2\/posts\/1146309\/revisions\/1146311"}],"wp:featuredmedia":[{"embeddable":true,"href":"https:\/\/dimensionturistica.com\/es\/wp-json\/wp\/v2\/media\/1146310"}],"wp:attachment":[{"href":"https:\/\/dimensionturistica.com\/es\/wp-json\/wp\/v2\/media?parent=1146309"}],"wp:term":[{"taxonomy":"category","embeddable":true,"href":"https:\/\/dimensionturistica.com\/es\/wp-json\/wp\/v2\/categories?post=1146309"},{"taxonomy":"post_tag","embeddable":true,"href":"https:\/\/dimensionturistica.com\/es\/wp-json\/wp\/v2\/tags?post=1146309"}],"curies":[{"name":"wp","href":"https:\/\/api.w.org\/{rel}","templated":true}]}}