{"id":1146294,"date":"2026-04-29T22:28:23","date_gmt":"2026-04-29T22:28:23","guid":{"rendered":"https:\/\/dimensionturistica.com\/es\/?p=1146294"},"modified":"2026-04-29T22:28:23","modified_gmt":"2026-04-29T22:28:23","slug":"el-canal-de-streaming-trae-personajes-animados-adaptaciones-de-libros-y-hasta-documentales-para-hacer-un-maraton-con-los-cinefilos-mas-pequenos","status":"publish","type":"post","link":"https:\/\/dimensionturistica.com\/es\/el-canal-de-streaming-trae-personajes-animados-adaptaciones-de-libros-y-hasta-documentales-para-hacer-un-maraton-con-los-cinefilos-mas-pequenos\/","title":{"rendered":"El canal de streaming trae personajes animados, adaptaciones de libros y hasta documentales para hacer un marat\u00f3n con los cin\u00e9filos m\u00e1s peque\u00f1os"},"content":{"rendered":"\n<p>Este 30 de abril, como ya es tradici\u00f3n en M\u00e9xico, celebraremos a todos los ni\u00f1os y las ni\u00f1as. El D\u00eda del Ni\u00f1o es la fecha anual espec\u00edfica para festejar a las infancias y qu\u00e9 mejor manera de hacerlo que con la magia del cine, a muchos peque\u00f1os les encanta ver pel\u00edculas y este a\u00f1o en su d\u00eda especial podr\u00e1n ver en Filmelier+ una cuidada selecci\u00f3n que les har\u00e1 emocionarse, sentir felicidad, re\u00edr y pensar en muchas cosas mientras ven lo que hacen en pantalla personajes animados, personas y simp\u00e1ticos animales reales; todo en la comodidad de sus hogares y junto a sus seres queridos consinti\u00e9ndoles como se lo merecen.<\/p>\n\n\n\n<figure class=\"wp-block-gallery has-nested-images columns-default is-cropped wp-block-gallery-1 is-layout-flex wp-block-gallery-is-layout-flex\">\n<figure class=\"wp-block-image size-large\"><img decoding=\"async\" width=\"500\" height=\"274\" data-id=\"1146298\" src=\"https:\/\/dimensionturistica.com\/es\/wp-content\/uploads\/2026\/04\/1LOBO.jpg\" alt=\"\" class=\"wp-image-1146298\" srcset=\"https:\/\/dimensionturistica.com\/es\/wp-content\/uploads\/2026\/04\/1LOBO.jpg 500w, https:\/\/dimensionturistica.com\/es\/wp-content\/uploads\/2026\/04\/1LOBO-300x164.jpg 300w\" sizes=\"(max-width: 500px) 100vw, 500px\" \/><\/figure>\n<\/figure>\n\n\n\n<p>La ganadora del Oscar en 2025 a Mejor Pel\u00edcula Animada, Flow, nos hace parte de una aventura sin precedentes en la que un gato y un variado grupo de animales buscan la forma de sobrevivir en medio de una gran inundaci\u00f3n. Se trata de una historia sumamente emotiva que no necesita di\u00e1logos para transmitir las emociones de sus simp\u00e1ticos personajes.<\/p>\n\n\n\n<p>un oso que no quiere convertirse en notario tiene una amistad con una ratoncita distra\u00edda que no tiene ganas de ser dentista. Ernest y Celestine muestra con personajes carism\u00e1ticos el valor que se necesita para hacer aquello que realmente nos haga felices.<\/p>\n\n\n\n<figure class=\"wp-block-gallery has-nested-images columns-default is-cropped wp-block-gallery-2 is-layout-flex wp-block-gallery-is-layout-flex\">\n<figure class=\"wp-block-image size-large\"><img decoding=\"async\" width=\"500\" height=\"279\" data-id=\"1146299\" src=\"https:\/\/dimensionturistica.com\/es\/wp-content\/uploads\/2026\/04\/2LOBO.jpg\" alt=\"\" class=\"wp-image-1146299\" srcset=\"https:\/\/dimensionturistica.com\/es\/wp-content\/uploads\/2026\/04\/2LOBO.jpg 500w, https:\/\/dimensionturistica.com\/es\/wp-content\/uploads\/2026\/04\/2LOBO-300x167.jpg 300w\" sizes=\"(max-width: 500px) 100vw, 500px\" \/><\/figure>\n<\/figure>\n\n\n\n<p>La marcha de los ping\u00fcinos es un documental ideal para ni\u00f1os un poco m\u00e1s grandes, en este aprender\u00e1n c\u00f3mo cada a\u00f1o en la Ant\u00e1rtida da comienzo un emocionante y hermoso viaje con cientos de miles de ping\u00fcinos Emperador que abandonan la seguridad del oc\u00e9ano para adentrarse en la des\u00e9rtica tierra helada.<\/p>\n\n\n\n<p>En Mirai: mi peque\u00f1a hermana un ni\u00f1o consentido de cuatro a\u00f1os al que sus padres dejan de prestar atenci\u00f3n cuando nace su hermana, es visitado por la versi\u00f3n adolescente de su hermana para juntos una aventura extraordinaria.<\/p>\n\n\n\n<figure class=\"wp-block-gallery has-nested-images columns-default is-cropped wp-block-gallery-3 is-layout-flex wp-block-gallery-is-layout-flex\">\n<figure class=\"wp-block-image size-large\"><img decoding=\"async\" width=\"500\" height=\"363\" data-id=\"1146300\" src=\"https:\/\/dimensionturistica.com\/es\/wp-content\/uploads\/2026\/04\/3LOBO.jpg\" alt=\"\" class=\"wp-image-1146300\" srcset=\"https:\/\/dimensionturistica.com\/es\/wp-content\/uploads\/2026\/04\/3LOBO.jpg 500w, https:\/\/dimensionturistica.com\/es\/wp-content\/uploads\/2026\/04\/3LOBO-300x218.jpg 300w, https:\/\/dimensionturistica.com\/es\/wp-content\/uploads\/2026\/04\/3LOBO-120x86.jpg 120w\" sizes=\"(max-width: 500px) 100vw, 500px\" \/><\/figure>\n<\/figure>\n\n\n\n<p>Los ni\u00f1os lobo es una fantas\u00eda familiar sobre una mujer cuyos dos hijos nacieron con la capacidad de convertirse en lobos. Tras mudarse al campo para vivir tranquilos y sin que las extraordinarias facultades de los ni\u00f1os sean descubiertas, al crecer los hermanos deber\u00e1n decidir si quieren vivir como humanos o como lobos.<\/p>\n\n\n\n<p>Ser diferente a los dem\u00e1s ni\u00f1os puede ser algo complicado y justo esto es lo que retrata Extraordinario con su historia de un ni\u00f1o de 10 a\u00f1os de edad con una deformidad facial que se esfuerza por encajar en su nuevo colegio e intenta llevar una vida normal a pesar de verse distinto.<\/p>\n\n\n\n<figure class=\"wp-block-gallery has-nested-images columns-default is-cropped wp-block-gallery-4 is-layout-flex wp-block-gallery-is-layout-flex\">\n<figure class=\"wp-block-image size-large\"><img decoding=\"async\" width=\"500\" height=\"157\" data-id=\"1146301\" src=\"https:\/\/dimensionturistica.com\/es\/wp-content\/uploads\/2026\/04\/5LOBO.jpg\" alt=\"\" class=\"wp-image-1146301\" srcset=\"https:\/\/dimensionturistica.com\/es\/wp-content\/uploads\/2026\/04\/5LOBO.jpg 500w, https:\/\/dimensionturistica.com\/es\/wp-content\/uploads\/2026\/04\/5LOBO-300x94.jpg 300w\" sizes=\"(max-width: 500px) 100vw, 500px\" \/><\/figure>\n<\/figure>\n\n\n\n<p>Astro Kid es una peculiar propuesta francesa animada en la que, despu\u00e9s de que su nave queda reducida a cenizas, el joven Willy pierde el contacto con sus padres y con la ayuda de un robot trata de salvaguardarse hasta que alguien acuda a su rescate.<\/p>\n\n\n\n<p>En la aventura brit\u00e1nica \u00a1Pide un deseo!, un grupo de ni\u00f1os que pasa unos d\u00edas de vacaciones en la ciudad de Cornwall descubren en la playa a un ser m\u00e1gico con el poder de hacer sus sue\u00f1os realidad, lo cual siempre puede resultar en algo fant\u00e1stico u tal vez alocado. Recomendada para ni\u00f1os mayores.<\/p>\n\n\n\n<figure class=\"wp-block-gallery has-nested-images columns-default is-cropped wp-block-gallery-5 is-layout-flex wp-block-gallery-is-layout-flex\">\n<figure class=\"wp-block-image size-large\"><img decoding=\"async\" width=\"500\" height=\"278\" data-id=\"1146302\" src=\"https:\/\/dimensionturistica.com\/es\/wp-content\/uploads\/2026\/04\/6LOBO.jpg\" alt=\"\" class=\"wp-image-1146302\" srcset=\"https:\/\/dimensionturistica.com\/es\/wp-content\/uploads\/2026\/04\/6LOBO.jpg 500w, https:\/\/dimensionturistica.com\/es\/wp-content\/uploads\/2026\/04\/6LOBO-300x167.jpg 300w\" sizes=\"(max-width: 500px) 100vw, 500px\" \/><\/figure>\n<\/figure>\n\n\n\n<p>Y para los ni\u00f1os de menor edad, en Ladybug: Aventura de los insectos podr\u00e1n acompa\u00f1ar a una catalina que sue\u00f1a con conocer el para\u00edso de los insectos. Con la ayuda de una lib\u00e9lula divertida, vivir\u00e1 una aventura llena de sorpresas en la cual aprender\u00e1 que a veces el viaje es m\u00e1s importante que el destino.<\/p>\n\n\n\n<figure class=\"wp-block-gallery has-nested-images columns-default is-cropped wp-block-gallery-6 is-layout-flex wp-block-gallery-is-layout-flex\">\n<figure class=\"wp-block-image size-large\"><img decoding=\"async\" width=\"500\" height=\"273\" data-id=\"1146303\" src=\"https:\/\/dimensionturistica.com\/es\/wp-content\/uploads\/2026\/04\/7LOBO.jpg\" alt=\"\" class=\"wp-image-1146303\" srcset=\"https:\/\/dimensionturistica.com\/es\/wp-content\/uploads\/2026\/04\/7LOBO.jpg 500w, https:\/\/dimensionturistica.com\/es\/wp-content\/uploads\/2026\/04\/7LOBO-300x164.jpg 300w\" sizes=\"(max-width: 500px) 100vw, 500px\" \/><\/figure>\n<\/figure>\n\n\n\n<p>Al entrar al canal de Filmelier+, en este encontrar\u00e1n f\u00e1cilmente el carrusel Cine para Ni\u00f1os con las pel\u00edculas de este lista y lo \u00fanico que deber\u00e1n hacer ser\u00e1 darle play a lo que quieran ver, as\u00ed que ahora solo tienen que disfrutar de esta programaci\u00f3n.<\/p>\n","protected":false},"excerpt":{"rendered":"<p>Este 30 de abril, como ya es tradici\u00f3n en M\u00e9xico, celebraremos a todos los ni\u00f1os y las ni\u00f1as. El D\u00eda del Ni\u00f1o es la fecha anual espec\u00edfica para festejar a las infancias y qu\u00e9 mejor manera de hacerlo que con la magia del cine, a muchos peque\u00f1os les encanta ver pel\u00edculas y este a\u00f1o en [&hellip;]<\/p>\n","protected":false},"author":1,"featured_media":1146307,"comment_status":"open","ping_status":"closed","sticky":false,"template":"","format":"standard","meta":{"om_disable_all_campaigns":false,"jnews-multi-image_gallery":[],"jnews_single_post":[],"jnews_primary_category":[],"jnews_social_meta":[],"footnotes":""},"categories":[144872],"tags":[],"class_list":["post-1146294","post","type-post","status-publish","format-standard","has-post-thumbnail","hentry","category-fashion"],"_links":{"self":[{"href":"https:\/\/dimensionturistica.com\/es\/wp-json\/wp\/v2\/posts\/1146294","targetHints":{"allow":["GET"]}}],"collection":[{"href":"https:\/\/dimensionturistica.com\/es\/wp-json\/wp\/v2\/posts"}],"about":[{"href":"https:\/\/dimensionturistica.com\/es\/wp-json\/wp\/v2\/types\/post"}],"author":[{"embeddable":true,"href":"https:\/\/dimensionturistica.com\/es\/wp-json\/wp\/v2\/users\/1"}],"replies":[{"embeddable":true,"href":"https:\/\/dimensionturistica.com\/es\/wp-json\/wp\/v2\/comments?post=1146294"}],"version-history":[{"count":1,"href":"https:\/\/dimensionturistica.com\/es\/wp-json\/wp\/v2\/posts\/1146294\/revisions"}],"predecessor-version":[{"id":1146308,"href":"https:\/\/dimensionturistica.com\/es\/wp-json\/wp\/v2\/posts\/1146294\/revisions\/1146308"}],"wp:featuredmedia":[{"embeddable":true,"href":"https:\/\/dimensionturistica.com\/es\/wp-json\/wp\/v2\/media\/1146307"}],"wp:attachment":[{"href":"https:\/\/dimensionturistica.com\/es\/wp-json\/wp\/v2\/media?parent=1146294"}],"wp:term":[{"taxonomy":"category","embeddable":true,"href":"https:\/\/dimensionturistica.com\/es\/wp-json\/wp\/v2\/categories?post=1146294"},{"taxonomy":"post_tag","embeddable":true,"href":"https:\/\/dimensionturistica.com\/es\/wp-json\/wp\/v2\/tags?post=1146294"}],"curies":[{"name":"wp","href":"https:\/\/api.w.org\/{rel}","templated":true}]}}