{"id":1146234,"date":"2026-04-29T20:35:23","date_gmt":"2026-04-29T20:35:23","guid":{"rendered":"https:\/\/dimensionturistica.com\/es\/?p=1146234"},"modified":"2026-04-29T20:35:23","modified_gmt":"2026-04-29T20:35:23","slug":"la-inauguracion-oficial-del-congreso-de-agentes-de-viajes-se-llevo-a-cabo-en-buenos-aires","status":"publish","type":"post","link":"https:\/\/dimensionturistica.com\/es\/la-inauguracion-oficial-del-congreso-de-agentes-de-viajes-se-llevo-a-cabo-en-buenos-aires\/","title":{"rendered":"La inauguraci\u00f3n oficial del Congreso de Agentes de Viajes se llev\u00f3 a cabo en Buenos Aires."},"content":{"rendered":"<p><strong>Explorando Nuevas Oportunidades en el Turismo: El Congreso de Agentes de Viajes en Buenos Aires<\/strong><\/p>\n<p>En el vibrante coraz\u00f3n de Buenos Aires, se avecina un evento que promete ser un hito para los profesionales del turismo: el Congreso de Agentes de Viajes. Este encuentro no solo es una plataforma para compartir conocimientos, sino que tambi\u00e9n es una ventana hacia el futuro de la industria tur\u00edstica, en tiempos de constantes cambios.<\/p>\n<p>Este congreso reunir\u00e1 a expertos de diversas \u00e1reas relacionadas con el turismo, destacando la importancia de la colaboraci\u00f3n y la innovaci\u00f3n. El entorno actual ha forzado a los agentes de viajes a adaptarse r\u00e1pidamente, y este evento se presenta como una respuesta integral a esos desaf\u00edos. Nuevas tendencias, herramientas digitales y estrategias de sostenibilidad ser\u00e1n algunos de los temas centrales que se abordar\u00e1n, permitiendo a los participantes enriquecer su perspectiva sobre c\u00f3mo operar en un mercado cada vez m\u00e1s competitivo.<\/p>\n<p>La organizaci\u00f3n del congreso ha despertado un gran inter\u00e9s entre los profesionales del sector, quienes buscan no solo actualizar sus conocimientos, sino tambi\u00e9n establecer conexiones valiosas con otros agentes y proveedores. La posibilidad de interactuar directamente con representantes de diferentes segmentos del turismo permitir\u00e1 a los asistentes conocer a fondo las nuevas ofertas y servicios disponibles en el mercado.<\/p>\n<p>Adem\u00e1s, el congreso se complementar\u00e1 con una serie de ponencias y talleres pr\u00e1cticos, dise\u00f1ados para fortalecer las capacidades de los asistentes. Expertos internacionales compartir\u00e1n sus experiencias, lo que brindar\u00e1 un contexto global a las realidades locales. Esta interacci\u00f3n enriquecer\u00e1 la formaci\u00f3n profesional, creando un entorno ideal para el intercambio de ideas y la generaci\u00f3n de nuevas sinergias.<\/p>\n<p>La acogedora ciudad de Buenos Aires, conocida por su rica cultura, gastronom\u00eda \u00fanica y hospitalidad, se convertir\u00e1 en el escenario perfecto para este importante evento. La amalgama de modernidad y tradici\u00f3n que caracteriza a la capital argentina ofrecer\u00e1 a los visitantes una experiencia inolvidable, permiti\u00e9ndoles explorar sus rincones mientras asisten a las actividades programadas.<\/p>\n<p>En un mundo donde el turismo enfrenta desaf\u00edos inesperados, como la pandemia y los cambios clim\u00e1ticos, este congreso se perfila como un faro de esperanza para la industria. Es un recordatorio de que, aunque el camino puede estar lleno de obst\u00e1culos, tambi\u00e9n hay oportunidades para el crecimiento y la reinvenci\u00f3n.<\/p>\n<p>El Congreso de Agentes de Viajes en Buenos Aires no solo ser\u00e1 una plataforma de aprendizaje; ser\u00e1 un catalizador para el cambio y la evoluci\u00f3n del turismo. Con el compromiso de los profesionales que conforman esta comunidad, se vislumbra un futuro prometedor para un sector que, a pesar de las adversidades, contin\u00faa apasionando a millones de viajeros en todo el mundo.<\/p>\n<p><em> &#8221; Sources mensajero.com.ar &#8221; <\/em><\/p>\n","protected":false},"excerpt":{"rendered":"<p>Explorando Nuevas Oportunidades en el Turismo: El Congreso de Agentes de Viajes en Buenos Aires En el vibrante coraz\u00f3n de Buenos Aires, se avecina un evento que promete ser un hito para los profesionales del turismo: el Congreso de Agentes de Viajes. Este encuentro no solo es una plataforma para compartir conocimientos, sino que tambi\u00e9n [&hellip;]<\/p>\n","protected":false},"author":4,"featured_media":1146235,"comment_status":"open","ping_status":"closed","sticky":false,"template":"","format":"standard","meta":{"om_disable_all_campaigns":false,"jnews-multi-image_gallery":[],"jnews_single_post":[],"jnews_primary_category":[],"jnews_social_meta":[],"footnotes":""},"categories":[40],"tags":[1895,557,31752,277591,724,1296,82288,255848,544,545],"class_list":["post-1146234","post","type-post","status-publish","format-standard","has-post-thumbnail","hentry","category-industria","tag-agentes-de-viajes","tag-buenos-aires","tag-congreso-de-agentes-de-viajes","tag-congreso-de-agentes-de-viajes-de-faevyt","tag-eventos","tag-industria-turistica","tag-networking","tag-presentacion-oficial","tag-turismo","tag-viajes"],"_links":{"self":[{"href":"https:\/\/dimensionturistica.com\/es\/wp-json\/wp\/v2\/posts\/1146234","targetHints":{"allow":["GET"]}}],"collection":[{"href":"https:\/\/dimensionturistica.com\/es\/wp-json\/wp\/v2\/posts"}],"about":[{"href":"https:\/\/dimensionturistica.com\/es\/wp-json\/wp\/v2\/types\/post"}],"author":[{"embeddable":true,"href":"https:\/\/dimensionturistica.com\/es\/wp-json\/wp\/v2\/users\/4"}],"replies":[{"embeddable":true,"href":"https:\/\/dimensionturistica.com\/es\/wp-json\/wp\/v2\/comments?post=1146234"}],"version-history":[{"count":1,"href":"https:\/\/dimensionturistica.com\/es\/wp-json\/wp\/v2\/posts\/1146234\/revisions"}],"predecessor-version":[{"id":1146236,"href":"https:\/\/dimensionturistica.com\/es\/wp-json\/wp\/v2\/posts\/1146234\/revisions\/1146236"}],"wp:featuredmedia":[{"embeddable":true,"href":"https:\/\/dimensionturistica.com\/es\/wp-json\/wp\/v2\/media\/1146235"}],"wp:attachment":[{"href":"https:\/\/dimensionturistica.com\/es\/wp-json\/wp\/v2\/media?parent=1146234"}],"wp:term":[{"taxonomy":"category","embeddable":true,"href":"https:\/\/dimensionturistica.com\/es\/wp-json\/wp\/v2\/categories?post=1146234"},{"taxonomy":"post_tag","embeddable":true,"href":"https:\/\/dimensionturistica.com\/es\/wp-json\/wp\/v2\/tags?post=1146234"}],"curies":[{"name":"wp","href":"https:\/\/api.w.org\/{rel}","templated":true}]}}