{"id":1146212,"date":"2026-04-29T19:55:06","date_gmt":"2026-04-29T19:55:06","guid":{"rendered":"https:\/\/dimensionturistica.com\/es\/?p=1146212"},"modified":"2026-04-29T19:55:06","modified_gmt":"2026-04-29T19:55:06","slug":"reconocimiento-a-mujeres-transformadoras-en-los-premios-globales-de-liderazgo","status":"publish","type":"post","link":"https:\/\/dimensionturistica.com\/es\/reconocimiento-a-mujeres-transformadoras-en-los-premios-globales-de-liderazgo\/","title":{"rendered":"Reconocimiento a Mujeres Transformadoras en los Premios Globales de Liderazgo"},"content":{"rendered":"<h3>Brillando con Prop\u00f3sito: La Gala de los Liderazgos Vitales<\/h3>\n<p>La noche del evento se transform\u00f3 en un escaparate de elegancia y compromiso global, donde l\u00edderes influyentes y defensores de causas vitales se reunieron para celebrar el poder del liderazgo transformador. Esta gala, marcada por la destacada presencia de figuras emblem\u00e1ticas de la moda y el arte, no solo deslumbr\u00f3 por sus atuendos, sino tambi\u00e9n por los mensajes profundos que se compartieron a lo largo de la velada.<\/p>\n<p><strong>Un lazo entre la moda y el cambio social<\/strong><\/p>\n<p>La conexi\u00f3n entre la moda y el activismo fue palpable. Dise\u00f1adores de renombre y celebridades utilizaron esta plataforma para visibilizar problem\u00e1ticas que afectan a millones en el mundo. Con trajes que no solo son una declaraci\u00f3n de estilo, sino tambi\u00e9n de prop\u00f3sito, se reafirm\u00f3 que la moda tiene la capacidad de contar historias y alzar voces que, de otro modo, podr\u00edan quedar silenciadas.<\/p>\n<p><strong>Reconociendo a las pioneras<\/strong><\/p>\n<p>Las premiadas de la noche incluyeron innovadoras que han hecho contribuciones significativas al \u00e1mbito social y medioambiental. Cada uno de sus relatos se entrelaz\u00f3 con la narrativa de superaci\u00f3n y resiliencia, sirviendo como recordatorio de que el verdadero liderazgo reside en aquellos que luchan por un ma\u00f1ana mejor. Al recibir su reconocimiento, cada una de estas l\u00edderes comparti\u00f3 su visi\u00f3n y compromiso, inspirando al p\u00fablico presente a asumir un rol activo en el cambio social.<\/p>\n<p><strong>Momentos que marcan la diferencia<\/strong><\/p>\n<p>La gala no se limit\u00f3 a ser una simple celebraci\u00f3n. Se crearon momentos de reflexi\u00f3n profunda, donde los asistentes fueron invitados a cuestionar su propio papel en la creaci\u00f3n de un mundo m\u00e1s equitativo. Las emotivas intervenciones resaltaron la importancia de la colaboraci\u00f3n y el apoyo entre diferentes sectores, subrayando que el liderazgo eficaz no se trata solo de influir, sino de servir.<\/p>\n<p><strong>Estilo que inspira<\/strong><\/p>\n<p>El fashion statement de la noche fue, sin duda, la fusi\u00f3n de est\u00e9tica y mensaje. Muchos asistentes optaron por looks que combinaban dise\u00f1o audaz con materiales sostenibles, un gui\u00f1o a la necesidad de un cambio en la industria de la moda. Esta tendencia no solo marca una evoluci\u00f3n en los conceptos de estilo, sino que tambi\u00e9n invita a repensar el impacto de nuestras elecciones diarias.<\/p>\n<p>La gala dej\u00f3 una impresi\u00f3n imborrable, recordando que la moda puede ser una herramienta poderosa para el activismo. Cada vestido, cada discurso y cada aplauso reson\u00f3 con el eco de un compromiso compartido: la b\u00fasqueda de un futuro m\u00e1s justo y sostenible para todos.<\/p>\n<p>Con este destacado evento, queda claro que los pasarelas no son solo para mostrar tendencias, sino tambi\u00e9n para elevar voces y construir puentes hacia un liderazgo que se nutre del prop\u00f3sito. La moda puede brillar, pero su verdadero resplandor proviene de los valores que representa.<\/p>\n<p><em> &#8221; Fuentes www.vogue.com &#8221; <\/em><\/p>\n","protected":false},"excerpt":{"rendered":"<p>Brillando con Prop\u00f3sito: La Gala de los Liderazgos Vitales La noche del evento se transform\u00f3 en un escaparate de elegancia y compromiso global, donde l\u00edderes influyentes y defensores de causas vitales se reunieron para celebrar el poder del liderazgo transformador. Esta gala, marcada por la destacada presencia de figuras emblem\u00e1ticas de la moda y el [&hellip;]<\/p>\n","protected":false},"author":14,"featured_media":1146213,"comment_status":"open","ping_status":"closed","sticky":false,"template":"","format":"standard","meta":{"om_disable_all_campaigns":false,"jnews-multi-image_gallery":[],"jnews_single_post":[],"jnews_primary_category":[],"jnews_social_meta":[],"footnotes":""},"categories":[144872],"tags":[118007,277582,228092,277583,277584,85814,69417,188889,249607,203622,115283],"class_list":["post-1146212","post","type-post","status-publish","format-standard","has-post-thumbnail","hentry","category-fashion","tag-advocacy","tag-change-making-women","tag-female-leaders","tag-global-leadership-awards","tag-international-honors","tag-leadership","tag-recognition","tag-social-impact","tag-vital-voices","tag-vogue-parties","tag-women-empowerment"],"_links":{"self":[{"href":"https:\/\/dimensionturistica.com\/es\/wp-json\/wp\/v2\/posts\/1146212","targetHints":{"allow":["GET"]}}],"collection":[{"href":"https:\/\/dimensionturistica.com\/es\/wp-json\/wp\/v2\/posts"}],"about":[{"href":"https:\/\/dimensionturistica.com\/es\/wp-json\/wp\/v2\/types\/post"}],"author":[{"embeddable":true,"href":"https:\/\/dimensionturistica.com\/es\/wp-json\/wp\/v2\/users\/14"}],"replies":[{"embeddable":true,"href":"https:\/\/dimensionturistica.com\/es\/wp-json\/wp\/v2\/comments?post=1146212"}],"version-history":[{"count":1,"href":"https:\/\/dimensionturistica.com\/es\/wp-json\/wp\/v2\/posts\/1146212\/revisions"}],"predecessor-version":[{"id":1146214,"href":"https:\/\/dimensionturistica.com\/es\/wp-json\/wp\/v2\/posts\/1146212\/revisions\/1146214"}],"wp:featuredmedia":[{"embeddable":true,"href":"https:\/\/dimensionturistica.com\/es\/wp-json\/wp\/v2\/media\/1146213"}],"wp:attachment":[{"href":"https:\/\/dimensionturistica.com\/es\/wp-json\/wp\/v2\/media?parent=1146212"}],"wp:term":[{"taxonomy":"category","embeddable":true,"href":"https:\/\/dimensionturistica.com\/es\/wp-json\/wp\/v2\/categories?post=1146212"},{"taxonomy":"post_tag","embeddable":true,"href":"https:\/\/dimensionturistica.com\/es\/wp-json\/wp\/v2\/tags?post=1146212"}],"curies":[{"name":"wp","href":"https:\/\/api.w.org\/{rel}","templated":true}]}}