{"id":1146195,"date":"2026-04-29T19:52:19","date_gmt":"2026-04-29T19:52:19","guid":{"rendered":"https:\/\/dimensionturistica.com\/es\/?p=1146195"},"modified":"2026-04-29T19:52:19","modified_gmt":"2026-04-29T19:52:19","slug":"asetur-refrenda-su-compromiso-para-hacer-del-turismo-una-prioridad-en-la-agenda-nacional","status":"publish","type":"post","link":"https:\/\/dimensionturistica.com\/es\/asetur-refrenda-su-compromiso-para-hacer-del-turismo-una-prioridad-en-la-agenda-nacional\/","title":{"rendered":"ASETUR refrenda su compromiso para hacer del turismo una prioridad en la agenda nacional"},"content":{"rendered":"\n<p>Como parte de las actividades de la edici\u00f3n 50 del Tianguis Tur\u00edstico M\u00e9xico, en el puerto de Acapulco, las Secretarias y Secretarios de Turismo de M\u00e9xico (ASETUR) llevaron a cabo su 68\u00aa Asamblea General Ordinaria, en la que refrendaron su compromiso por hacer del turismo una prioridad en la agenda nacional, con un trabajo coordinado entre autoridades, con el respaldo de la Secretar\u00eda de Turismo del Gobierno de M\u00e9xico (SECTUR), y el invaluable apoyo del sector privado.<\/p>\n\n\n\n<figure class=\"wp-block-gallery has-nested-images columns-default is-cropped wp-block-gallery-1 is-layout-flex wp-block-gallery-is-layout-flex\">\n<figure class=\"wp-block-image size-large\"><img decoding=\"async\" width=\"500\" height=\"333\" data-id=\"1146198\" src=\"https:\/\/dimensionturistica.com\/es\/wp-content\/uploads\/2026\/04\/9ASETUR.jpg\" alt=\"\" class=\"wp-image-1146198\" srcset=\"https:\/\/dimensionturistica.com\/es\/wp-content\/uploads\/2026\/04\/9ASETUR.jpg 500w, https:\/\/dimensionturistica.com\/es\/wp-content\/uploads\/2026\/04\/9ASETUR-300x200.jpg 300w\" sizes=\"(max-width: 500px) 100vw, 500px\" \/><\/figure>\n<\/figure>\n\n\n\n<p>Acompa\u00f1ado de la titular de SECTUR, Josefina Rodr\u00edguez Zamora, y con la afitrion\u00eda del secretario de Turismo de Guerrero, Sim\u00f3n Qui\u00f1ones Orozco, el presidente de ASETUR, Bernardo Cueto Riestra, destac\u00f3 que hoy existe una alineaci\u00f3n real de esfuerzos en torno a la pol\u00edtica tur\u00edstica nacional, en la que convergen la Federaci\u00f3n, las entidades federativas y los actores del sector, bajo una l\u00f3gica de unidad y corresponsabilidad.<\/p>\n\n\n\n<p>\u201cEstamos convencidos de que el turismo no es solamente el presente, sino uno de los pilares del futuro de M\u00e9xico. Desde ASETUR, nuestra responsabilidad es consolidar a esta Asociaci\u00f3n como una voz activa y propositiva que impulse que el turismo sea reconocido como una verdadera prioridad nacional. Es un sector que genera prosperidad compartida, fortalece la identidad de nuestro pa\u00eds, proyecta a M\u00e9xico en el mundo y nos posiciona como una potencia tur\u00edstica global, al ubicarnos dentro del Top 10\u201d, se\u00f1al\u00f3.<\/p>\n\n\n\n<figure class=\"wp-block-gallery has-nested-images columns-default is-cropped wp-block-gallery-2 is-layout-flex wp-block-gallery-is-layout-flex\">\n<figure class=\"wp-block-image size-large\"><img decoding=\"async\" width=\"500\" height=\"295\" data-id=\"1146199\" src=\"https:\/\/dimensionturistica.com\/es\/wp-content\/uploads\/2026\/04\/ASETUR-1.jpg\" alt=\"\" class=\"wp-image-1146199\" srcset=\"https:\/\/dimensionturistica.com\/es\/wp-content\/uploads\/2026\/04\/ASETUR-1.jpg 500w, https:\/\/dimensionturistica.com\/es\/wp-content\/uploads\/2026\/04\/ASETUR-1-300x177.jpg 300w\" sizes=\"(max-width: 500px) 100vw, 500px\" \/><\/figure>\n<\/figure>\n\n\n\n<p>Cueto Riestra reconoci\u00f3 el trabajo conjunto de las y los integrantes de ASETUR y el esfuerzo de cada entidad federativa por fortalecer sus destinos, al tiempo que subray\u00f3 que espacios como el Tianguis Tur\u00edstico representan una plataforma estrat\u00e9gica para proyectar a M\u00e9xico ante el mundo, consolidar alianzas y reafirmar la importancia de seguir apostando por el turismo como motor de desarrollo nacional.<\/p>\n\n\n\n<p>Por su parte, la secretaria de Turismo del Gobierno de M\u00e9xico, Josefina Rodr\u00edguez Zamora, reconoci\u00f3 el trabajo de cada uno de todas las secretarias y secretarios de Turismo estatales por el acompa\u00f1amiento a las iniciativas que permiten que M\u00e9xico est\u00e9 de moda; y reiter\u00f3 su compromiso de seguir trabajando desde su trinchera para impulsar la actividad tur\u00edstica en el pa\u00eds, con actividades como \u201cM\u00e9xico de mis sabores\u201d, el Distintivo M\u00e9xico Anfitri\u00f3n y una aplicaci\u00f3n m\u00f3vil relativa al Mundial.<\/p>\n\n\n\n<figure class=\"wp-block-gallery has-nested-images columns-default is-cropped wp-block-gallery-3 is-layout-flex wp-block-gallery-is-layout-flex\">\n<figure class=\"wp-block-image size-large\"><img decoding=\"async\" width=\"500\" height=\"333\" data-id=\"1146200\" src=\"https:\/\/dimensionturistica.com\/es\/wp-content\/uploads\/2026\/04\/2ASETUR.jpg\" alt=\"\" class=\"wp-image-1146200\" srcset=\"https:\/\/dimensionturistica.com\/es\/wp-content\/uploads\/2026\/04\/2ASETUR.jpg 500w, https:\/\/dimensionturistica.com\/es\/wp-content\/uploads\/2026\/04\/2ASETUR-300x200.jpg 300w\" sizes=\"(max-width: 500px) 100vw, 500px\" \/><\/figure>\n<\/figure>\n\n\n\n<p>A su vez, Sim\u00f3n Qui\u00f1ones Orozco, secretario de Turismo de Guerrero, destac\u00f3 la relevancia de la 50 edici\u00f3n del Tianguis Tur\u00edstico al regresar al destino que lo vio nacer, pero ahora con una evoluci\u00f3n al abrirse al p\u00fablico en general el \u00faltimo d\u00eda e internacionalizarse al recibir la oferta de ocho pa\u00edses, teniendo como invitado a Colombia.<\/p>\n\n\n\n<p>En el marco de la 68\u00aa Asamblea General Ordinaria, se llev\u00f3 a cabo el proceso de elecci\u00f3n de la Mesa Directiva para el periodo 2026-2027, que ser\u00e1 encabezada por Roberto Monroy Garc\u00eda, secretario de Turismo de Michoac\u00e1n, y quien formalmente asumir\u00e1 funciones en la pr\u00f3xima Asamblea.<\/p>\n\n\n\n<figure class=\"wp-block-gallery has-nested-images columns-default is-cropped wp-block-gallery-4 is-layout-flex wp-block-gallery-is-layout-flex\">\n<figure class=\"wp-block-image size-large\"><img decoding=\"async\" width=\"500\" height=\"333\" data-id=\"1146201\" src=\"https:\/\/dimensionturistica.com\/es\/wp-content\/uploads\/2026\/04\/4ASETUR.jpg\" alt=\"\" class=\"wp-image-1146201\" srcset=\"https:\/\/dimensionturistica.com\/es\/wp-content\/uploads\/2026\/04\/4ASETUR.jpg 500w, https:\/\/dimensionturistica.com\/es\/wp-content\/uploads\/2026\/04\/4ASETUR-300x200.jpg 300w\" sizes=\"(max-width: 500px) 100vw, 500px\" \/><\/figure>\n<\/figure>\n\n\n\n<p>\u201cAsumo esta responsabilidad con compromiso y con una visi\u00f3n clara: trabajar en equipo, continuar estrechando la coordinaci\u00f3n con la Secretar\u00eda de Turismo de M\u00e9xico y su titular, Josefina Rodr\u00edguez Zamora, y construir, desde la unidad, un proyecto que impulse al turismo como motor de bienestar para nuestras comunidades\u201d, declar\u00f3 Monroy Garc\u00eda.<\/p>\n\n\n\n<p>Durante la reuni\u00f3n, tambi\u00e9n se expusieron diversos temas de relevancia para fortalecer la actividad tur\u00edstica, de la mano de importantes aliados del sector p\u00fablico y privado. El director general de Mexicana de Aviaci\u00f3n, Leobardo \u00c1vila Boj\u00f3rquez, expuso los nuevos destinos a los que llegar\u00e1 la aerol\u00ednea, as\u00ed como su propuesta de servicios personalizados y diferenciados.<\/p>\n\n\n\n<figure class=\"wp-block-gallery has-nested-images columns-default is-cropped wp-block-gallery-5 is-layout-flex wp-block-gallery-is-layout-flex\">\n<figure class=\"wp-block-image size-large\"><img decoding=\"async\" width=\"500\" height=\"333\" data-id=\"1146203\" src=\"https:\/\/dimensionturistica.com\/es\/wp-content\/uploads\/2026\/04\/3ASETUR.jpg\" alt=\"\" class=\"wp-image-1146203\" srcset=\"https:\/\/dimensionturistica.com\/es\/wp-content\/uploads\/2026\/04\/3ASETUR.jpg 500w, https:\/\/dimensionturistica.com\/es\/wp-content\/uploads\/2026\/04\/3ASETUR-300x200.jpg 300w\" sizes=\"(max-width: 500px) 100vw, 500px\" \/><\/figure>\n<\/figure>\n\n\n\n<p>El presidente de Concanaco-Servytur, Octavio de la Torre de St\u00e9ffano, expuso las estrategias: Viernes Muy Mexicano, La Gran Escapada 2026 y el 4\u00ba Congreso Mundial de Turismo Deportivo, entre otras, que puedan articularse de manera conjunta con los integrantes de ASETUR.<\/p>\n\n\n\n<p>El director del Centro de Investigaci\u00f3n y Competitividad Tur\u00edstica (Cicotur) de la Universidad An\u00e1huac, Francisco Madrid, habl\u00f3 de la importancia que tienen los sitios web de turismo de los estados y c\u00f3mo fortalecerlos para impulsar el sector; y Diana Segoviano, de la Comisi\u00f3n Mexicana de Filmaciones (COMEFILM), del Instituto Mexicano de Cinematograf\u00eda (IMCINE), present\u00f3 el plan integral de apoyo al Cine Nacional como incentivo para la promoci\u00f3n del turismo a cargo.<\/p>\n\n\n\n<figure class=\"wp-block-gallery has-nested-images columns-default is-cropped wp-block-gallery-6 is-layout-flex wp-block-gallery-is-layout-flex\">\n<figure class=\"wp-block-image size-large\"><img decoding=\"async\" width=\"500\" height=\"333\" data-id=\"1146207\" src=\"https:\/\/dimensionturistica.com\/es\/wp-content\/uploads\/2026\/04\/8ASETUR.jpg\" alt=\"\" class=\"wp-image-1146207\" srcset=\"https:\/\/dimensionturistica.com\/es\/wp-content\/uploads\/2026\/04\/8ASETUR.jpg 500w, https:\/\/dimensionturistica.com\/es\/wp-content\/uploads\/2026\/04\/8ASETUR-300x200.jpg 300w\" sizes=\"(max-width: 500px) 100vw, 500px\" \/><\/figure>\n<\/figure>\n\n\n\n<p>Tambi\u00e9n se firmaron Convenios de Colaboraci\u00f3n con, Aurore brandeo de productos y un estudio de IA para el turismo, respectivamente.<\/p>\n\n\n\n<figure class=\"wp-block-gallery has-nested-images columns-default is-cropped wp-block-gallery-7 is-layout-flex wp-block-gallery-is-layout-flex\">\n<figure class=\"wp-block-image size-large\"><img decoding=\"async\" width=\"500\" height=\"327\" data-id=\"1146209\" src=\"https:\/\/dimensionturistica.com\/es\/wp-content\/uploads\/2026\/04\/7ASETUR.jpg\" alt=\"\" class=\"wp-image-1146209\" srcset=\"https:\/\/dimensionturistica.com\/es\/wp-content\/uploads\/2026\/04\/7ASETUR.jpg 500w, https:\/\/dimensionturistica.com\/es\/wp-content\/uploads\/2026\/04\/7ASETUR-300x196.jpg 300w\" sizes=\"(max-width: 500px) 100vw, 500px\" \/><\/figure>\n<\/figure>\n\n\n\n<p>Previo a la Asamblea General Ordinaria de ASETUR, se llev\u00f3 a cabo la Primera Sesi\u00f3n Ordinaria 2026 de la Conferencia Nacional de Secretarios de Turismo y Funcionarios Tur\u00edsticos (CNT), encabezada por la titular de SECTUR, Josefina Rodr\u00edguez Zamora, espacio de coordinaci\u00f3n para articular estrategias, evaluar pol\u00edticas p\u00fablicas y se compartir experiencias para fortalecer el desarrollo tur\u00edstico del pa\u00eds. Durante el Tianguis Tur\u00edstico M\u00e9xico 2026, ASETUR tendr\u00e1 una activa agenda de trabajo, en donde su presidente, Bernardo Cueto Riestra, participar\u00e1 en importantes foros y eventos, junto con representantes del sector p\u00fablico y privado, y con la representatividad de los 32 est<\/p>\n","protected":false},"excerpt":{"rendered":"<p>Como parte de las actividades de la edici\u00f3n 50 del Tianguis Tur\u00edstico M\u00e9xico, en el puerto de Acapulco, las Secretarias y Secretarios de Turismo de M\u00e9xico (ASETUR) llevaron a cabo su 68\u00aa Asamblea General Ordinaria, en la que refrendaron su compromiso por hacer del turismo una prioridad en la agenda nacional, con un trabajo coordinado [&hellip;]<\/p>\n","protected":false},"author":1,"featured_media":1146210,"comment_status":"open","ping_status":"closed","sticky":false,"template":"","format":"standard","meta":{"om_disable_all_campaigns":false,"jnews-multi-image_gallery":[],"jnews_single_post":[],"jnews_primary_category":[],"jnews_social_meta":[],"footnotes":""},"categories":[39],"tags":[],"class_list":["post-1146195","post","type-post","status-publish","format-standard","has-post-thumbnail","hentry","category-viajes"],"_links":{"self":[{"href":"https:\/\/dimensionturistica.com\/es\/wp-json\/wp\/v2\/posts\/1146195","targetHints":{"allow":["GET"]}}],"collection":[{"href":"https:\/\/dimensionturistica.com\/es\/wp-json\/wp\/v2\/posts"}],"about":[{"href":"https:\/\/dimensionturistica.com\/es\/wp-json\/wp\/v2\/types\/post"}],"author":[{"embeddable":true,"href":"https:\/\/dimensionturistica.com\/es\/wp-json\/wp\/v2\/users\/1"}],"replies":[{"embeddable":true,"href":"https:\/\/dimensionturistica.com\/es\/wp-json\/wp\/v2\/comments?post=1146195"}],"version-history":[{"count":1,"href":"https:\/\/dimensionturistica.com\/es\/wp-json\/wp\/v2\/posts\/1146195\/revisions"}],"predecessor-version":[{"id":1146211,"href":"https:\/\/dimensionturistica.com\/es\/wp-json\/wp\/v2\/posts\/1146195\/revisions\/1146211"}],"wp:featuredmedia":[{"embeddable":true,"href":"https:\/\/dimensionturistica.com\/es\/wp-json\/wp\/v2\/media\/1146210"}],"wp:attachment":[{"href":"https:\/\/dimensionturistica.com\/es\/wp-json\/wp\/v2\/media?parent=1146195"}],"wp:term":[{"taxonomy":"category","embeddable":true,"href":"https:\/\/dimensionturistica.com\/es\/wp-json\/wp\/v2\/categories?post=1146195"},{"taxonomy":"post_tag","embeddable":true,"href":"https:\/\/dimensionturistica.com\/es\/wp-json\/wp\/v2\/tags?post=1146195"}],"curies":[{"name":"wp","href":"https:\/\/api.w.org\/{rel}","templated":true}]}}