{"id":1146182,"date":"2026-04-29T19:23:30","date_gmt":"2026-04-29T19:23:30","guid":{"rendered":"https:\/\/dimensionturistica.com\/es\/?p=1146182"},"modified":"2026-04-29T19:23:30","modified_gmt":"2026-04-29T19:23:30","slug":"icc-mexico-destaca-que-la-proteccion-de-marcas-derechos-y-tecnologia-sera-clave-para-maximizar-el-impacto-economico-y-garantizar-la-integridad-del-mayor-evento-deportivo-del-mundo","status":"publish","type":"post","link":"https:\/\/dimensionturistica.com\/es\/icc-mexico-destaca-que-la-proteccion-de-marcas-derechos-y-tecnologia-sera-clave-para-maximizar-el-impacto-economico-y-garantizar-la-integridad-del-mayor-evento-deportivo-del-mundo\/","title":{"rendered":"* ICC M\u00e9xico destaca que la protecci\u00f3n de marcas, derechos y tecnolog\u00eda ser\u00e1 clave para maximizar el impacto econ\u00f3mico y garantizar la integridad del mayor evento deportivo del mundo"},"content":{"rendered":"\n<p>En el marco del D\u00eda Mundial de la Propiedad Intelectual 2026, la International Chamber of Commerce M\u00e9xico (ICC M\u00e9xico) subraya que en el pr\u00f3ximo Campeonato Mundial de Futbol 2026\u2014que tendr\u00e1 como sede a M\u00e9xico, Estados Unidos y Canad\u00e1\u2014 coloca a la propiedad intelectual como un elemento estrat\u00e9gico para el desarrollo econ\u00f3mico, la innovaci\u00f3n y la competitividad en uno de los eventos de mayor alcance global.<\/p>\n\n\n\n<figure class=\"wp-block-gallery has-nested-images columns-default is-cropped wp-block-gallery-1 is-layout-flex wp-block-gallery-is-layout-flex\">\n<figure class=\"wp-block-image size-large\"><img decoding=\"async\" width=\"500\" height=\"333\" data-id=\"1146183\" src=\"https:\/\/dimensionturistica.com\/es\/wp-content\/uploads\/2026\/04\/6DIA.JOG_.jpg\" alt=\"\" class=\"wp-image-1146183\" srcset=\"https:\/\/dimensionturistica.com\/es\/wp-content\/uploads\/2026\/04\/6DIA.JOG_.jpg 500w, https:\/\/dimensionturistica.com\/es\/wp-content\/uploads\/2026\/04\/6DIA.JOG_-300x200.jpg 300w\" sizes=\"(max-width: 500px) 100vw, 500px\" \/><\/figure>\n<\/figure>\n\n\n\n<p>Bajo el lema de este a\u00f1o definido por la Organizaci\u00f3n Mundial de la Propiedad Intelectual, \u201cLa propiedad intelectual y el deporte: preparados, listos, \u00a1a innovar!\u201d, ICC M\u00e9xico enfatiza que el deporte moderno no puede entenderse sin un sistema s\u00f3lido de protecci\u00f3n de activos intangibles, que abarca desde marcas, patentes y dise\u00f1os industriales, hasta derechos de autor y de transmisi\u00f3n.<\/p>\n\n\n\n<p>El mes de abril concentra tres fechas clave que reflejan la relevancia de estos temas: el D\u00eda Mundial de la Creatividad y la Innovaci\u00f3n (21 de abril), el D\u00eda Mundial del Libro y del Derecho de Autor (23 de abril) y el D\u00eda Mundial de la Propiedad Intelectual (26 de abril), todas ellas vinculadas con el impulso al conocimiento, la creatividad y el desarrollo sostenible.<\/p>\n\n\n\n<p>En el marco de estas fechas, incluso el Instituto Mexicano de la Propiedad Intelectual (IMPI) otorg\u00f3<\/p>\n\n\n\n<p>la declaratoria de marca famosa a \u201cFIFA\u201d y al \u201cTrofeo de la Copa Mundial de la FIFA\u201d, reconociendo<\/p>\n\n\n\n<p>su prestigio y posicionamiento global.<\/p>\n\n\n\n<p>ICC M\u00e9xico destaca que la propiedad intelectual es un habilitador del deporte contempor\u00e1neo, al<\/p>\n\n\n\n<p>permitir la inversi\u00f3n en tecnolog\u00eda, el desarrollo de equipamiento especializado, la explotaci\u00f3n de contenidos audiovisuales y la construcci\u00f3n de marcas globales que conectan con millones de aficionados, cuyos productos van desde un bal\u00f3n de f\u00fatbol hasta los derechos de transmisi\u00f3n internacional, y est\u00e1 presente en toda la cadena de valor del ecosistema deportivo.<\/p>\n\n\n\n<p>Asimismo, su correcta aplicaci\u00f3n fortalece la integridad del deporte al combatir fen\u00f3menos como<\/p>\n\n\n\n<p>la falsificaci\u00f3n de productos y el uso indebido de marcas, generando certeza jur\u00eddica para patrocinadores, organizadores y participantes.<\/p>\n\n\n\n<p>En este contexto, resulta relevante la reciente reforma a la Ley Federal de Protecci\u00f3n a la Propiedad Industrial, publicada el pasado 3 de abril, que incorpora disposiciones espec\u00edficas para regular pr\u00e1cticas como el ambush marketing, con el objetivo de proteger a los patrocinadores oficiales de eventos masivos y evitar asociaciones indebidas.<\/p>\n\n\n\n<p>De cara al Mundial 2026, ICC M\u00e9xico considera que la adecuada protecci\u00f3n de la propiedad intelectual ser\u00e1 fundamental para atraer inversi\u00f3n, detonar cadenas de valor en sectores como turismo, entretenimiento, tecnolog\u00eda y consumo, as\u00ed como para garantizar condiciones de competencia equitativas.<\/p>\n\n\n\n<p>Finalmente, ICC M\u00e9xico hace un llamado a fortalecer una cultura de respeto y cumplimiento en materia de propiedad intelectual, reconociendo que su protecci\u00f3n no es solo un asunto legal, sino<\/p>\n\n\n\n<figure class=\"wp-block-gallery has-nested-images columns-default is-cropped wp-block-gallery-2 is-layout-flex wp-block-gallery-is-layout-flex\">\n<figure class=\"wp-block-image size-large\"><img decoding=\"async\" width=\"500\" height=\"299\" data-id=\"1146184\" src=\"https:\/\/dimensionturistica.com\/es\/wp-content\/uploads\/2026\/04\/1DIA.jpg\" alt=\"\" class=\"wp-image-1146184\" srcset=\"https:\/\/dimensionturistica.com\/es\/wp-content\/uploads\/2026\/04\/1DIA.jpg 500w, https:\/\/dimensionturistica.com\/es\/wp-content\/uploads\/2026\/04\/1DIA-300x179.jpg 300w\" sizes=\"(max-width: 500px) 100vw, 500px\" \/><\/figure>\n<\/figure>\n\n\n\n<p>un factor determinante para impulsar la innovaci\u00f3n, el desarrollo econ\u00f3mico y el posicionamiento<\/p>\n\n\n\n<p>de M\u00e9xico en la econom\u00eda global. La convergencia entre deporte y propiedad intelectual representa una oportunidad \u00fanica para el pa\u00eds y aprovecharla plenamente depender\u00e1 de la capacidad de todo s los actores para proteger, La convergencia entre deporte y propiedad intelectual representa una oportunidad \u00fanica para el pa\u00eds y aprovecharla plenamente depender\u00e1 de la capacidad de todos los actores para proteger, valorar y potenciar los activos intangibles que hoy im<\/p>\n","protected":false},"excerpt":{"rendered":"<p>En el marco del D\u00eda Mundial de la Propiedad Intelectual 2026, la International Chamber of Commerce M\u00e9xico (ICC M\u00e9xico) subraya que en el pr\u00f3ximo Campeonato Mundial de Futbol 2026\u2014que tendr\u00e1 como sede a M\u00e9xico, Estados Unidos y Canad\u00e1\u2014 coloca a la propiedad intelectual como un elemento estrat\u00e9gico para el desarrollo econ\u00f3mico, la innovaci\u00f3n y la [&hellip;]<\/p>\n","protected":false},"author":1,"featured_media":1146185,"comment_status":"open","ping_status":"closed","sticky":false,"template":"","format":"standard","meta":{"om_disable_all_campaigns":false,"jnews-multi-image_gallery":[],"jnews_single_post":{"format":"standard"},"jnews_primary_category":[],"jnews_social_meta":[],"footnotes":""},"categories":[40],"tags":[],"class_list":["post-1146182","post","type-post","status-publish","format-standard","has-post-thumbnail","hentry","category-industria"],"_links":{"self":[{"href":"https:\/\/dimensionturistica.com\/es\/wp-json\/wp\/v2\/posts\/1146182","targetHints":{"allow":["GET"]}}],"collection":[{"href":"https:\/\/dimensionturistica.com\/es\/wp-json\/wp\/v2\/posts"}],"about":[{"href":"https:\/\/dimensionturistica.com\/es\/wp-json\/wp\/v2\/types\/post"}],"author":[{"embeddable":true,"href":"https:\/\/dimensionturistica.com\/es\/wp-json\/wp\/v2\/users\/1"}],"replies":[{"embeddable":true,"href":"https:\/\/dimensionturistica.com\/es\/wp-json\/wp\/v2\/comments?post=1146182"}],"version-history":[{"count":1,"href":"https:\/\/dimensionturistica.com\/es\/wp-json\/wp\/v2\/posts\/1146182\/revisions"}],"predecessor-version":[{"id":1146186,"href":"https:\/\/dimensionturistica.com\/es\/wp-json\/wp\/v2\/posts\/1146182\/revisions\/1146186"}],"wp:featuredmedia":[{"embeddable":true,"href":"https:\/\/dimensionturistica.com\/es\/wp-json\/wp\/v2\/media\/1146185"}],"wp:attachment":[{"href":"https:\/\/dimensionturistica.com\/es\/wp-json\/wp\/v2\/media?parent=1146182"}],"wp:term":[{"taxonomy":"category","embeddable":true,"href":"https:\/\/dimensionturistica.com\/es\/wp-json\/wp\/v2\/categories?post=1146182"},{"taxonomy":"post_tag","embeddable":true,"href":"https:\/\/dimensionturistica.com\/es\/wp-json\/wp\/v2\/tags?post=1146182"}],"curies":[{"name":"wp","href":"https:\/\/api.w.org\/{rel}","templated":true}]}}