{"id":1146158,"date":"2026-04-29T18:55:00","date_gmt":"2026-04-29T18:55:00","guid":{"rendered":"https:\/\/dimensionturistica.com\/es\/?p=1146158"},"modified":"2026-04-29T18:55:00","modified_gmt":"2026-04-29T18:55:00","slug":"enfrenta-el-modelo-educativo-de-mexico-importantes-rezagos-en-el-desarrollo-de-habilidades-suaves-y-liderazgo","status":"publish","type":"post","link":"https:\/\/dimensionturistica.com\/es\/enfrenta-el-modelo-educativo-de-mexico-importantes-rezagos-en-el-desarrollo-de-habilidades-suaves-y-liderazgo\/","title":{"rendered":"Enfrenta el modelo educativo de M\u00e9xico importantes rezagos en el desarrollo de \u201chabilidades suaves\u201d y liderazgo"},"content":{"rendered":"\n<p>El modelo educativo de M\u00e9xico presenta importantes rezagos a nivel internacional en materia de desarrollo de las llamadas \u201chabilidades suaves o blandas\u201d, que se reflejan en la escasa capacidad para fomentar cuadros de liderazgo entre los estudiantes de todos sus niveles acad\u00e9micos.<\/p>\n\n\n\n<figure class=\"wp-block-gallery has-nested-images columns-default is-cropped wp-block-gallery-1 is-layout-flex wp-block-gallery-is-layout-flex\">\n<figure class=\"wp-block-image size-large\"><img decoding=\"async\" width=\"768\" height=\"1024\" data-id=\"1146162\" src=\"https:\/\/dimensionturistica.com\/es\/wp-content\/uploads\/2026\/04\/IMG-20260427-WA0017-768x1024.webp\" alt=\"\" class=\"wp-image-1146162\" srcset=\"https:\/\/dimensionturistica.com\/es\/wp-content\/uploads\/2026\/04\/IMG-20260427-WA0017-768x1024.webp 768w, https:\/\/dimensionturistica.com\/es\/wp-content\/uploads\/2026\/04\/IMG-20260427-WA0017-225x300.webp 225w, https:\/\/dimensionturistica.com\/es\/wp-content\/uploads\/2026\/04\/IMG-20260427-WA0017-750x1000.webp 750w, https:\/\/dimensionturistica.com\/es\/wp-content\/uploads\/2026\/04\/IMG-20260427-WA0017.webp 960w\" sizes=\"(max-width: 768px) 100vw, 768px\" \/><\/figure>\n<\/figure>\n\n\n\n<p>El asesor pol\u00edtico y autor Luis Jorge Galindo, advirti\u00f3 que el desarrollo de estas habilidades son vitales generar m\u00e1s eficientes y robustas generaciones de directivos, ejecutivos y l\u00edderes con capacidad de influr posivamente en la sociedad desde sus respectivos \u00e1mbitos de acci\u00f3n.<\/p>\n\n\n\n<p>Explico que las habilidades blandas permiten establecer competencias interpersonales y sociales, a trav\u00e9s de rasgos de car\u00e1cter, que son importantes en la manera en que una persona o un n\u00facleo social interact\u00faa, trabaja en equipo y gestiona su entorno.<\/p>\n\n\n\n<p>En el marco del D\u00eda Internacional del Libro, proclamado por la UNESCO, el autor Luis Jorge Galindo present\u00f3 su obra Los Ecos del Poder ante estudiantes de la Universidad Marista de Quer\u00e9taro.<\/p>\n\n\n\n<figure class=\"wp-block-gallery has-nested-images columns-default is-cropped wp-block-gallery-2 is-layout-flex wp-block-gallery-is-layout-flex\"><\/figure>\n\n\n\n<figure class=\"wp-block-gallery has-nested-images columns-default is-cropped wp-block-gallery-3 is-layout-flex wp-block-gallery-is-layout-flex\"><\/figure>\n\n\n\n<p>Ante un auditorio conformado por alumnos de nivel preparatoria y de diversas licenciaturas en \u00e1reas de negocios, educaci\u00f3n y humanidades, el autor destac\u00f3 la relevancia de desarrollar habilidades como la comunicaci\u00f3n, la lectura entre l\u00edneas y el pensamiento matem\u00e1tico y abstracto, las cuales defini\u00f3 como herramientas clave para el crecimiento profesional.<\/p>\n\n\n\n<p>Al no desarrollar estas habilidades blandas, advirti\u00f3, en el pa\u00eds se ha creado una importante brecha entre la formaci\u00f3n acad\u00e9mica y las demandas actuales del mercado laboral, especialmente ante el auge de la inteligencia artificial.<\/p>\n\n\n\n<figure class=\"wp-block-gallery has-nested-images columns-default is-cropped wp-block-gallery-4 is-layout-flex wp-block-gallery-is-layout-flex\"><\/figure>\n\n\n\n<figure class=\"wp-block-gallery has-nested-images columns-default is-cropped wp-block-gallery-5 is-layout-flex wp-block-gallery-is-layout-flex\"><\/figure>\n\n\n\n<p>En su intervenci\u00f3n tambi\u00e9n destac\u00f3 la evoluci\u00f3n econ\u00f3mica y educativa del estado de Quer\u00e9taro. Asegur\u00f3 que en 2005 la entidad ocupaba el lugar 20 a nivel nacional en contribuci\u00f3n al Producto Interno Bruto (PIB), mientras que en 2025 se posicion\u00f3 en el lugar 14, as\u00ed como en el lugar 12 en PIB per c\u00e1pita. Asimismo, resalt\u00f3 que Quer\u00e9taro ocupa actualmente el segundo lugar nacional en promedio de escolaridad, con aproximadamente 11 a\u00f1os, solo por debajo de la Ciudad de M\u00e9xico.<\/p>\n\n\n\n<p>El autor atribuy\u00f3 estos resultados al esfuerzo conjunto entre gobierno, iniciativa privada e instituciones educativas, orientado a fortalecer la preparaci\u00f3n de los estudiantes para su incorporaci\u00f3n al mercado laboral, as\u00ed como a reducir la deserci\u00f3n escolar.<\/p>\n\n\n\n<figure class=\"wp-block-gallery has-nested-images columns-default is-cropped wp-block-gallery-6 is-layout-flex wp-block-gallery-is-layout-flex\">\n<figure class=\"wp-block-image size-large\"><img decoding=\"async\" width=\"270\" height=\"180\" data-id=\"1146166\" src=\"https:\/\/dimensionturistica.com\/es\/wp-content\/uploads\/2026\/04\/th.jpg\" alt=\"\" class=\"wp-image-1146166\"\/><\/figure>\n<\/figure>\n\n\n\n<p>Estos avances, a\u00f1adi\u00f3, est\u00e1n sustentados en informaci\u00f3n del INEGI y estudios especializados como Aprender Parejo en Quer\u00e9taro, desarrollado por el Tecnol\u00f3gico de Monterrey en colaboraci\u00f3n con M\u00e9xico Eval\u00faa.<\/p>\n\n\n\n<p>Finalmente, Galindo afirm\u00f3 que la educaci\u00f3n constituye uno de los pilares fundamentales del desarrollo en Quer\u00e9taro, cuyos resultados son hoy visibles en distintos indicadores sociales y econ\u00f3micos. La ceremonia de cierre de la presentaci\u00f3n de Los Ecos del Poder estuvo a cargo de la Rectora de la instituci\u00f3n, Mtra. Alida Karina M\u00e1rquez, y de la Mtra. Roc\u00edo Gabriela Mart\u00ednez Hern\u00e1ndez, quienes reconocieron la aportaci\u00f3n del autor y la relevancia de su obra para la formaci\u00f3n de los<\/p>\n\n\n\n<p><\/p>\n","protected":false},"excerpt":{"rendered":"<p>El modelo educativo de M\u00e9xico presenta importantes rezagos a nivel internacional en materia de desarrollo de las llamadas \u201chabilidades suaves o blandas\u201d, que se reflejan en la escasa capacidad para fomentar cuadros de liderazgo entre los estudiantes de todos sus niveles acad\u00e9micos. El asesor pol\u00edtico y autor Luis Jorge Galindo, advirti\u00f3 que el desarrollo de [&hellip;]<\/p>\n","protected":false},"author":1,"featured_media":1146167,"comment_status":"open","ping_status":"closed","sticky":false,"template":"","format":"standard","meta":{"om_disable_all_campaigns":false,"jnews-multi-image_gallery":[],"jnews_single_post":[],"jnews_primary_category":[],"jnews_social_meta":[],"footnotes":""},"categories":[144872],"tags":[],"class_list":["post-1146158","post","type-post","status-publish","format-standard","has-post-thumbnail","hentry","category-fashion"],"_links":{"self":[{"href":"https:\/\/dimensionturistica.com\/es\/wp-json\/wp\/v2\/posts\/1146158","targetHints":{"allow":["GET"]}}],"collection":[{"href":"https:\/\/dimensionturistica.com\/es\/wp-json\/wp\/v2\/posts"}],"about":[{"href":"https:\/\/dimensionturistica.com\/es\/wp-json\/wp\/v2\/types\/post"}],"author":[{"embeddable":true,"href":"https:\/\/dimensionturistica.com\/es\/wp-json\/wp\/v2\/users\/1"}],"replies":[{"embeddable":true,"href":"https:\/\/dimensionturistica.com\/es\/wp-json\/wp\/v2\/comments?post=1146158"}],"version-history":[{"count":1,"href":"https:\/\/dimensionturistica.com\/es\/wp-json\/wp\/v2\/posts\/1146158\/revisions"}],"predecessor-version":[{"id":1146168,"href":"https:\/\/dimensionturistica.com\/es\/wp-json\/wp\/v2\/posts\/1146158\/revisions\/1146168"}],"wp:featuredmedia":[{"embeddable":true,"href":"https:\/\/dimensionturistica.com\/es\/wp-json\/wp\/v2\/media\/1146167"}],"wp:attachment":[{"href":"https:\/\/dimensionturistica.com\/es\/wp-json\/wp\/v2\/media?parent=1146158"}],"wp:term":[{"taxonomy":"category","embeddable":true,"href":"https:\/\/dimensionturistica.com\/es\/wp-json\/wp\/v2\/categories?post=1146158"},{"taxonomy":"post_tag","embeddable":true,"href":"https:\/\/dimensionturistica.com\/es\/wp-json\/wp\/v2\/tags?post=1146158"}],"curies":[{"name":"wp","href":"https:\/\/api.w.org\/{rel}","templated":true}]}}