{"id":1146148,"date":"2026-04-29T18:30:50","date_gmt":"2026-04-29T18:30:50","guid":{"rendered":"https:\/\/dimensionturistica.com\/es\/?p=1146148"},"modified":"2026-04-29T18:30:50","modified_gmt":"2026-04-29T18:30:50","slug":"cis-university-y-la-fundacion-robert-f-kennedy-human-rights-spain-impulsan-el-arte-como-herramienta-de-transformacion-social-con-el-artista-internacional-januario-jano","status":"publish","type":"post","link":"https:\/\/dimensionturistica.com\/es\/cis-university-y-la-fundacion-robert-f-kennedy-human-rights-spain-impulsan-el-arte-como-herramienta-de-transformacion-social-con-el-artista-internacional-januario-jano\/","title":{"rendered":"CIS University y la Fundaci\u00f3n Robert F. Kennedy Human Rights Spain, impulsan el arte como herramienta de transformaci\u00f3n social con el artista internacional Janu\u00e1rio Jano."},"content":{"rendered":"\n<p>Una iniciativa educativa que une arte, memoria y derechos humanos para inspirar a una nueva generaci\u00f3n de l\u00edderes comprometidos con la verdad y la justicia Madrid, 21 de abril de 2026\u2013 En un mundo donde la memoria colectiva define el rumbo de las sociedades, CIS University y la Fundaci\u00f3n Robert F. Kennedy Human Rights Spain presentan un innovador workshop art\u00edstico liderado por el reconocido artista internacional Janu\u00e1rio Jano. Esta iniciativa se enmarca en el compromiso continuo de las instituciones por fomentar una educaci\u00f3n transformadora basada en los derechos humanos, el pensamiento cr\u00edtico y la dignidad de cada persona.<\/p>\n\n\n\n<figure class=\"wp-block-gallery has-nested-images columns-default is-cropped wp-block-gallery-1 is-layout-flex wp-block-gallery-is-layout-flex\">\n<figure class=\"wp-block-image size-large\"><img decoding=\"async\" width=\"500\" height=\"516\" data-id=\"1146149\" src=\"https:\/\/dimensionturistica.com\/es\/wp-content\/uploads\/2026\/04\/1DRA.jpg\" alt=\"\" class=\"wp-image-1146149\" srcset=\"https:\/\/dimensionturistica.com\/es\/wp-content\/uploads\/2026\/04\/1DRA.jpg 500w, https:\/\/dimensionturistica.com\/es\/wp-content\/uploads\/2026\/04\/1DRA-291x300.jpg 291w\" sizes=\"(max-width: 500px) 100vw, 500px\" \/><\/figure>\n<\/figure>\n\n\n\n<p>A trav\u00e9s de este programa, estudiantes universitarios explorar\u00e1n el poder del arte como herramienta para cuestionar narrativas oficiales, reconstruir identidades y dar voz a historias silenciadas. La propuesta no solo busca formar profesionales, sino ciudadanos conscientes capaces de interpretar el mundo desde una perspectiva \u00e9tica y humanista.<\/p>\n\n\n\n<p>Un legado que inspira acci\u00f3n<\/p>\n\n\n\n<figure class=\"wp-block-gallery has-nested-images columns-default is-cropped wp-block-gallery-2 is-layout-flex wp-block-gallery-is-layout-flex\">\n<figure class=\"wp-block-image size-large\"><img decoding=\"async\" width=\"1024\" height=\"682\" data-id=\"1146150\" src=\"https:\/\/dimensionturistica.com\/es\/wp-content\/uploads\/2026\/04\/001-1024x682.jpeg\" alt=\"\" class=\"wp-image-1146150\" srcset=\"https:\/\/dimensionturistica.com\/es\/wp-content\/uploads\/2026\/04\/001-1024x682.jpeg 1024w, https:\/\/dimensionturistica.com\/es\/wp-content\/uploads\/2026\/04\/001-300x200.jpeg 300w, https:\/\/dimensionturistica.com\/es\/wp-content\/uploads\/2026\/04\/001-768x512.jpeg 768w, https:\/\/dimensionturistica.com\/es\/wp-content\/uploads\/2026\/04\/001-1536x1023.jpeg 1536w, https:\/\/dimensionturistica.com\/es\/wp-content\/uploads\/2026\/04\/001-750x500.jpeg 750w, https:\/\/dimensionturistica.com\/es\/wp-content\/uploads\/2026\/04\/001-1140x760.jpeg 1140w, https:\/\/dimensionturistica.com\/es\/wp-content\/uploads\/2026\/04\/001.jpeg 1600w\" sizes=\"(max-width: 1024px) 100vw, 1024px\" \/><\/figure>\n<\/figure>\n\n\n\n<p>El proyecto encuentra su ra\u00edz en el legado de Robert F. Kennedy, cuya visi\u00f3n de justicia social y compromiso con los m\u00e1s vulnerables contin\u00faa guiando el trabajo de la Fundaci\u00f3n en todo el mundo. Desde su creaci\u00f3n, la organizaci\u00f3n ha promovido programas educativos que acercan los derechos humanos a las aulas, convencida de que el cambio social comienza con la educaci\u00f3n y la acci\u00f3n individual .<\/p>\n\n\n\n<figure class=\"wp-block-gallery has-nested-images columns-default is-cropped wp-block-gallery-3 is-layout-flex wp-block-gallery-is-layout-flex\">\n<figure class=\"wp-block-image size-large\"><img decoding=\"async\" width=\"704\" height=\"1024\" data-id=\"1146151\" src=\"https:\/\/dimensionturistica.com\/es\/wp-content\/uploads\/2026\/04\/003-704x1024.jpeg\" alt=\"\" class=\"wp-image-1146151\" srcset=\"https:\/\/dimensionturistica.com\/es\/wp-content\/uploads\/2026\/04\/003-704x1024.jpeg 704w, https:\/\/dimensionturistica.com\/es\/wp-content\/uploads\/2026\/04\/003-206x300.jpeg 206w, https:\/\/dimensionturistica.com\/es\/wp-content\/uploads\/2026\/04\/003-768x1117.jpeg 768w, https:\/\/dimensionturistica.com\/es\/wp-content\/uploads\/2026\/04\/003-1056x1536.jpeg 1056w, https:\/\/dimensionturistica.com\/es\/wp-content\/uploads\/2026\/04\/003-750x1091.jpeg 750w, https:\/\/dimensionturistica.com\/es\/wp-content\/uploads\/2026\/04\/003.jpeg 1100w\" sizes=\"(max-width: 704px) 100vw, 704px\" \/><\/figure>\n<\/figure>\n\n\n\n<p>En Espa\u00f1a, esta misi\u00f3n se materializa a trav\u00e9s de alianzas estrat\u00e9gicas con instituciones acad\u00e9micas como CIS University, que desde hace m\u00e1s de cuatro d\u00e9cadas apuesta por una formaci\u00f3n integral basada en valores como la \u00e9tica, la responsabilidad y el respeto a los derechos humanos . Este nuevo workshop representa una evoluci\u00f3n natural de ese compromiso, incorporando el lenguaje del arte contempor\u00e1neo como veh\u00edculo para el aprendizaje y la reflexi\u00f3n.<\/p>\n\n\n\n<p>El arte como espacio de verdad y cuestionamiento El n\u00facleo de esta iniciativa gira en torno al trabajo del artista angole\u00f1o-brit\u00e1nico Janu\u00e1rio Jano, cuya pr\u00e1ctica interdisciplinar aborda cuestiones fundamentales como la identidad, la memoria y la historia colonial. Su enfoque invita a repensar el concepto de archivo, entendido no como un registro neutral, sino como un sistema que decide qu\u00e9 se recuerda y qu\u00e9 se olvida .<\/p>\n\n\n\n<figure class=\"wp-block-gallery has-nested-images columns-default is-cropped wp-block-gallery-4 is-layout-flex wp-block-gallery-is-layout-flex\">\n<figure class=\"wp-block-image size-large\"><img decoding=\"async\" width=\"1024\" height=\"682\" data-id=\"1146152\" src=\"https:\/\/dimensionturistica.com\/es\/wp-content\/uploads\/2026\/04\/002-1024x682.jpeg\" alt=\"\" class=\"wp-image-1146152\" srcset=\"https:\/\/dimensionturistica.com\/es\/wp-content\/uploads\/2026\/04\/002-1024x682.jpeg 1024w, https:\/\/dimensionturistica.com\/es\/wp-content\/uploads\/2026\/04\/002-300x200.jpeg 300w, https:\/\/dimensionturistica.com\/es\/wp-content\/uploads\/2026\/04\/002-768x512.jpeg 768w, https:\/\/dimensionturistica.com\/es\/wp-content\/uploads\/2026\/04\/002-1536x1023.jpeg 1536w, https:\/\/dimensionturistica.com\/es\/wp-content\/uploads\/2026\/04\/002-750x500.jpeg 750w, https:\/\/dimensionturistica.com\/es\/wp-content\/uploads\/2026\/04\/002-1140x760.jpeg 1140w, https:\/\/dimensionturistica.com\/es\/wp-content\/uploads\/2026\/04\/002.jpeg 1600w\" sizes=\"(max-width: 1024px) 100vw, 1024px\" \/><\/figure>\n<\/figure>\n\n\n\n<p>Durante el workshop, los estudiantes participar\u00e1n en la creaci\u00f3n de un \u201carchivo no fiable\u201d, una propuesta art\u00edstica en la que combinar\u00e1n elementos reales y ficticios para explorar c\u00f3mo se construyen las narrativas personales y colectivas. Este ejercicio permite cuestionar las versiones oficiales de la historia y descubrir verdades emocionales que a menudo quedan fuera de los registros tradicionales .<\/p>\n\n\n\n<p>La metodolog\u00eda, basada en la experimentaci\u00f3n y la reflexi\u00f3n cr\u00edtica, refuerza la idea de que el conocimiento no es est\u00e1tico, sino un proceso vivo en constante construcci\u00f3n.<\/p>\n\n\n\n<p>Voces que lideran el cambio<\/p>\n\n\n\n<p>La Dra. Mar\u00eda D\u00edaz de la Cebosa, presidenta de CIS University y de la Fundaci\u00f3n Robert F. Kennedy Human Rights Spain, ha destacado la relevancia de este tipo de iniciativas en el contexto educativo actual:<\/p>\n\n\n\n<p>\u201cNuestra misi\u00f3n es formar seres humanos comprometidos con el bien com\u00fan, capaces de cuestionar, de empatizar y de actuar. El arte tiene una capacidad \u00fanica para despertar conciencias y abrir espacios de di\u00e1logo que transforman tanto a los estudiantes como a la sociedad\u201d.<\/p>\n\n\n\n<figure class=\"wp-block-gallery has-nested-images columns-default is-cropped wp-block-gallery-5 is-layout-flex wp-block-gallery-is-layout-flex\"><\/figure>\n\n\n\n<p>Por su parte, Janu\u00e1rio Jano subraya la importancia de repensar la memoria desde una perspectiva cr\u00edtica y creativa: \u201cEl archivo no es solo un lugar donde guardamos el pasado, sino una herramienta que define qui\u00e9nes somos. A trav\u00e9s del arte, podemos recuperar historias olvidadas y construir nuevas formas de entender nuestra identidad\u201d .<\/p>\n\n\n\n<p>Estas voces reflejan un liderazgo comprometido con una educaci\u00f3n que trasciende lo acad\u00e9mico y se convierte en motor de cambio social. Impacto y proyecci\u00f3n internacional<\/p>\n\n\n\n<p>Este workshop se suma a una trayectoria consolidada de proyectos impulsados por CIS University y sus fundaciones, que han impactado a miles de j\u00f3venes en Espa\u00f1a y Estados Unidos a trav\u00e9s de programas educativos y experiencias interculturales. Iniciativas como el Programa Camino de Santiago o el desarrollo del programa Speak Truth to Power han demostrado el poder de la educaci\u00f3n para transformar vidas y construir puentes entre culturas .<\/p>\n\n\n\n<p>La incorporaci\u00f3n del arte como herramienta pedag\u00f3gica ampl\u00eda el alcance de estas acciones, posicionando a Espa\u00f1a como un referente en la innovaci\u00f3n educativa en derechos humanos. Adem\u00e1s, refuerza la dimensi\u00f3n internacional del proyecto, al integrar perspectivas globales y fomentar el di\u00e1logo entre diferentes contextos culturales.<\/p>\n\n\n\n<figure class=\"wp-block-gallery has-nested-images columns-default is-cropped wp-block-gallery-6 is-layout-flex wp-block-gallery-is-layout-flex\">\n<figure class=\"wp-block-image size-large\"><img decoding=\"async\" width=\"500\" height=\"333\" data-id=\"1146153\" src=\"https:\/\/dimensionturistica.com\/es\/wp-content\/uploads\/2026\/04\/3DRA.jpg\" alt=\"\" class=\"wp-image-1146153\" srcset=\"https:\/\/dimensionturistica.com\/es\/wp-content\/uploads\/2026\/04\/3DRA.jpg 500w, https:\/\/dimensionturistica.com\/es\/wp-content\/uploads\/2026\/04\/3DRA-300x200.jpg 300w\" sizes=\"(max-width: 500px) 100vw, 500px\" \/><\/figure>\n<\/figure>\n\n\n\n<p>El impacto esperado va m\u00e1s all\u00e1 del aula: se trata de formar individuos capaces de influir positivamente en sus comunidades, promoviendo valores de justicia, inclusi\u00f3n y respeto.<\/p>\n\n\n\n<figure class=\"wp-block-gallery has-nested-images columns-default is-cropped wp-block-gallery-7 is-layout-flex wp-block-gallery-is-layout-flex\">\n<figure class=\"wp-block-image size-large\"><img decoding=\"async\" width=\"500\" height=\"750\" data-id=\"1146154\" src=\"https:\/\/dimensionturistica.com\/es\/wp-content\/uploads\/2026\/04\/4DRA.jpg\" alt=\"\" class=\"wp-image-1146154\" srcset=\"https:\/\/dimensionturistica.com\/es\/wp-content\/uploads\/2026\/04\/4DRA.jpg 500w, https:\/\/dimensionturistica.com\/es\/wp-content\/uploads\/2026\/04\/4DRA-200x300.jpg 200w\" sizes=\"(max-width: 500px) 100vw, 500px\" \/><\/figure>\n<\/figure>\n\n\n\n<p>Un llamado a construir el futuro<\/p>\n\n\n\n<p>En un momento hist\u00f3rico marcado por la polarizaci\u00f3n y la incertidumbre, iniciativas como esta recuerdan el poder transformador de la educaci\u00f3n y el compromiso individual. CIS University, la Fundaci\u00f3n Robert F. Kennedy Human Rights Spain reafirman as\u00ed su misi\u00f3n de sembrar esperanza a trav\u00e9s del conocimiento, la creatividad y la acci\u00f3n.<br><br><\/p>\n","protected":false},"excerpt":{"rendered":"<p>Una iniciativa educativa que une arte, memoria y derechos humanos para inspirar a una nueva generaci\u00f3n de l\u00edderes comprometidos con la verdad y la justicia Madrid, 21 de abril de 2026\u2013 En un mundo donde la memoria colectiva define el rumbo de las sociedades, CIS University y la Fundaci\u00f3n Robert F. Kennedy Human Rights Spain [&hellip;]<\/p>\n","protected":false},"author":1,"featured_media":1146155,"comment_status":"open","ping_status":"closed","sticky":false,"template":"","format":"standard","meta":{"om_disable_all_campaigns":false,"jnews-multi-image_gallery":[],"jnews_single_post":{"format":"standard"},"jnews_primary_category":[],"jnews_social_meta":[],"footnotes":""},"categories":[40],"tags":[],"class_list":["post-1146148","post","type-post","status-publish","format-standard","has-post-thumbnail","hentry","category-industria"],"_links":{"self":[{"href":"https:\/\/dimensionturistica.com\/es\/wp-json\/wp\/v2\/posts\/1146148","targetHints":{"allow":["GET"]}}],"collection":[{"href":"https:\/\/dimensionturistica.com\/es\/wp-json\/wp\/v2\/posts"}],"about":[{"href":"https:\/\/dimensionturistica.com\/es\/wp-json\/wp\/v2\/types\/post"}],"author":[{"embeddable":true,"href":"https:\/\/dimensionturistica.com\/es\/wp-json\/wp\/v2\/users\/1"}],"replies":[{"embeddable":true,"href":"https:\/\/dimensionturistica.com\/es\/wp-json\/wp\/v2\/comments?post=1146148"}],"version-history":[{"count":1,"href":"https:\/\/dimensionturistica.com\/es\/wp-json\/wp\/v2\/posts\/1146148\/revisions"}],"predecessor-version":[{"id":1146156,"href":"https:\/\/dimensionturistica.com\/es\/wp-json\/wp\/v2\/posts\/1146148\/revisions\/1146156"}],"wp:featuredmedia":[{"embeddable":true,"href":"https:\/\/dimensionturistica.com\/es\/wp-json\/wp\/v2\/media\/1146155"}],"wp:attachment":[{"href":"https:\/\/dimensionturistica.com\/es\/wp-json\/wp\/v2\/media?parent=1146148"}],"wp:term":[{"taxonomy":"category","embeddable":true,"href":"https:\/\/dimensionturistica.com\/es\/wp-json\/wp\/v2\/categories?post=1146148"},{"taxonomy":"post_tag","embeddable":true,"href":"https:\/\/dimensionturistica.com\/es\/wp-json\/wp\/v2\/tags?post=1146148"}],"curies":[{"name":"wp","href":"https:\/\/api.w.org\/{rel}","templated":true}]}}