{"id":1146112,"date":"2026-04-29T17:28:27","date_gmt":"2026-04-29T17:28:27","guid":{"rendered":"https:\/\/dimensionturistica.com\/es\/?p=1146112"},"modified":"2026-04-29T17:28:27","modified_gmt":"2026-04-29T17:28:27","slug":"arsenal-efectivo-innovando-el-trap-corrido-con-problemas-mentales-adelanto-de-su-proximo-ep-trap-romantix","status":"publish","type":"post","link":"https:\/\/dimensionturistica.com\/es\/arsenal-efectivo-innovando-el-trap-corrido-con-problemas-mentales-adelanto-de-su-proximo-ep-trap-romantix\/","title":{"rendered":"Arsenal Efectivo: innovando el trap corrido con \u201cProblemas Mentales\u201d, adelanto de su pr\u00f3ximo EP Trap Romantix"},"content":{"rendered":"\n<p>Arsenal Efectivo presenta \u201cProblemas Mentales\u201d, uno de los temas clave rumbo a Trap Romantix, el EP con el que el proyecto retoma actividad con una l\u00ednea m\u00e1s emocional dentro del trap corrido.<\/p>\n\n\n\n<figure class=\"wp-block-gallery has-nested-images columns-default is-cropped wp-block-gallery-1 is-layout-flex wp-block-gallery-is-layout-flex\">\n<figure class=\"wp-block-image size-large\"><img decoding=\"async\" width=\"500\" height=\"625\" data-id=\"1146113\" src=\"https:\/\/dimensionturistica.com\/es\/wp-content\/uploads\/2026\/04\/4ZIMA.jpg\" alt=\"\" class=\"wp-image-1146113\" srcset=\"https:\/\/dimensionturistica.com\/es\/wp-content\/uploads\/2026\/04\/4ZIMA.jpg 500w, https:\/\/dimensionturistica.com\/es\/wp-content\/uploads\/2026\/04\/4ZIMA-240x300.jpg 240w\" sizes=\"(max-width: 500px) 100vw, 500px\" \/><\/figure>\n<\/figure>\n\n\n\n<p>La canci\u00f3n se construye desde un lugar \u00edntimo: la ansiedad, la desilusi\u00f3n y el eco constante de una relaci\u00f3n que persiste en la memoria, conectando as\u00ed&nbsp; con una audiencia que encuentra en estas historias un reflejo directo de su experiencia emocional.<\/p>\n\n\n\n<p>En lo sonoro, el tema integra guitarras, bajoloche y charchetas para equilibrar la melancol\u00eda con una energ\u00eda contenida, manteniendo la identidad del proyecto mientras ampl\u00eda su rango expresivo. El uso del bajoloche \u2014un recurso que hoy forma parte del lenguaje sonoro del movimiento\u2014 remite directamente a la innovaci\u00f3n de Shrekk, quien impuls\u00f3 este estilo al reinterpretar el bajo ac\u00fastico con una ejecuci\u00f3n percusiva, sentando una base que posteriormente ha sido adoptada por m\u00faltiples artistas dentro del g\u00e9nero.<\/p>\n\n\n\n<figure class=\"wp-block-gallery has-nested-images columns-default is-cropped wp-block-gallery-2 is-layout-flex wp-block-gallery-is-layout-flex\">\n<figure class=\"wp-block-image size-large\"><img decoding=\"async\" width=\"500\" height=\"500\" data-id=\"1146114\" src=\"https:\/\/dimensionturistica.com\/es\/wp-content\/uploads\/2026\/04\/2ZIMA.jpg\" alt=\"\" class=\"wp-image-1146114\" srcset=\"https:\/\/dimensionturistica.com\/es\/wp-content\/uploads\/2026\/04\/2ZIMA.jpg 500w, https:\/\/dimensionturistica.com\/es\/wp-content\/uploads\/2026\/04\/2ZIMA-300x300.jpg 300w, https:\/\/dimensionturistica.com\/es\/wp-content\/uploads\/2026\/04\/2ZIMA-150x150.jpg 150w, https:\/\/dimensionturistica.com\/es\/wp-content\/uploads\/2026\/04\/2ZIMA-75x75.jpg 75w, https:\/\/dimensionturistica.com\/es\/wp-content\/uploads\/2026\/04\/2ZIMA-350x350.jpg 350w\" sizes=\"(max-width: 500px) 100vw, 500px\" \/><\/figure>\n<\/figure>\n\n\n\n<p>El lanzamiento se acompa\u00f1a de un video oficial dirigido por V\u00edctor Zambrano, cuya narrativa visual profundiza en el aislamiento y la introspecci\u00f3n que atraviesan la canci\u00f3n. La pieza forma parte de un cortometraje que da forma al universo de Trap Romantix, funcionando como el cap\u00edtulo 2 de esta historia.<\/p>\n\n\n\n<p>Con \u201cProblemas Mentales\u201d, Arsenal Efectivo perfila el tono de Trap Romantix: un proyecto que apuesta por una lectura m\u00e1s emocional del g\u00e9nero, sin desprenderse de su esencia, y que marca una nueva etapa en su evoluci\u00f3n art\u00edstica.<\/p>\n\n\n\n<p>Ver video oficial aqu\u00ed<\/p>\n\n\n\n<p>&#8221;Problemas Mentales&#8221; ya est\u00e1 disponible en todas las plataformas digitales.<\/p>\n\n\n\n<p>GIRA 2026: ARSENAL EFECTIVO LLEVA TRAP ROMANTIX A LOS ESCENARIOS<\/p>\n\n\n\n<figure class=\"wp-block-gallery has-nested-images columns-default is-cropped wp-block-gallery-3 is-layout-flex wp-block-gallery-is-layout-flex\">\n<figure class=\"wp-block-image size-large\"><img decoding=\"async\" width=\"500\" height=\"375\" data-id=\"1146115\" src=\"https:\/\/dimensionturistica.com\/es\/wp-content\/uploads\/2026\/04\/6ZIMA.jpg\" alt=\"\" class=\"wp-image-1146115\" srcset=\"https:\/\/dimensionturistica.com\/es\/wp-content\/uploads\/2026\/04\/6ZIMA.jpg 500w, https:\/\/dimensionturistica.com\/es\/wp-content\/uploads\/2026\/04\/6ZIMA-300x225.jpg 300w\" sizes=\"(max-width: 500px) 100vw, 500px\" \/><\/figure>\n<\/figure>\n\n\n\n<p>En paralelo al lanzamiento, Arsenal Efectivo contin\u00faa fortaleciendo su presencia en vivo con una serie de presentaciones en Estados Unidos, llevando esta nueva etapa a escenarios clave:<\/p>\n\n\n\n<p>2 de mayo \u2014 Michelada Fest, El Paso, TX<\/p>\n\n\n\n<p>16 de mayo &#8211; Jaripeo Rice County Fair, Faribault, MN<\/p>\n\n\n\n<p>7 de junio \u2014 Santa Clara Fairground, San Jos\u00e9, CA<\/p>\n\n\n\n<p>25 de julio \u2014 801 Event Center, Salt Lake City, UT<\/p>\n\n\n\n<p>Estas fechas no solo consolidan el crecimiento del proyecto en el circuito en vivo, sino que tambi\u00e9n funcionan como extensi\u00f3n natural del universo de Trap Romantix, llevando su narrativa emocional directamente al p\u00fablico.<\/p>\n","protected":false},"excerpt":{"rendered":"<p>Arsenal Efectivo presenta \u201cProblemas Mentales\u201d, uno de los temas clave rumbo a Trap Romantix, el EP con el que el proyecto retoma actividad con una l\u00ednea m\u00e1s emocional dentro del trap corrido. La canci\u00f3n se construye desde un lugar \u00edntimo: la ansiedad, la desilusi\u00f3n y el eco constante de una relaci\u00f3n que persiste en la [&hellip;]<\/p>\n","protected":false},"author":1,"featured_media":1146116,"comment_status":"open","ping_status":"closed","sticky":false,"template":"","format":"standard","meta":{"om_disable_all_campaigns":false,"jnews-multi-image_gallery":[],"jnews_single_post":[],"jnews_primary_category":[],"jnews_social_meta":[],"footnotes":""},"categories":[40],"tags":[],"class_list":["post-1146112","post","type-post","status-publish","format-standard","has-post-thumbnail","hentry","category-industria"],"_links":{"self":[{"href":"https:\/\/dimensionturistica.com\/es\/wp-json\/wp\/v2\/posts\/1146112","targetHints":{"allow":["GET"]}}],"collection":[{"href":"https:\/\/dimensionturistica.com\/es\/wp-json\/wp\/v2\/posts"}],"about":[{"href":"https:\/\/dimensionturistica.com\/es\/wp-json\/wp\/v2\/types\/post"}],"author":[{"embeddable":true,"href":"https:\/\/dimensionturistica.com\/es\/wp-json\/wp\/v2\/users\/1"}],"replies":[{"embeddable":true,"href":"https:\/\/dimensionturistica.com\/es\/wp-json\/wp\/v2\/comments?post=1146112"}],"version-history":[{"count":1,"href":"https:\/\/dimensionturistica.com\/es\/wp-json\/wp\/v2\/posts\/1146112\/revisions"}],"predecessor-version":[{"id":1146118,"href":"https:\/\/dimensionturistica.com\/es\/wp-json\/wp\/v2\/posts\/1146112\/revisions\/1146118"}],"wp:featuredmedia":[{"embeddable":true,"href":"https:\/\/dimensionturistica.com\/es\/wp-json\/wp\/v2\/media\/1146116"}],"wp:attachment":[{"href":"https:\/\/dimensionturistica.com\/es\/wp-json\/wp\/v2\/media?parent=1146112"}],"wp:term":[{"taxonomy":"category","embeddable":true,"href":"https:\/\/dimensionturistica.com\/es\/wp-json\/wp\/v2\/categories?post=1146112"},{"taxonomy":"post_tag","embeddable":true,"href":"https:\/\/dimensionturistica.com\/es\/wp-json\/wp\/v2\/tags?post=1146112"}],"curies":[{"name":"wp","href":"https:\/\/api.w.org\/{rel}","templated":true}]}}