{"id":1146104,"date":"2026-04-29T17:21:12","date_gmt":"2026-04-29T17:21:12","guid":{"rendered":"https:\/\/dimensionturistica.com\/es\/?p=1146104"},"modified":"2026-04-29T17:21:12","modified_gmt":"2026-04-29T17:21:12","slug":"melania-opta-por-dior-alta-costura-para-la-visita-real-de-carlos-y-camila","status":"publish","type":"post","link":"https:\/\/dimensionturistica.com\/es\/melania-opta-por-dior-alta-costura-para-la-visita-real-de-carlos-y-camila\/","title":{"rendered":"Melania Opta por Dior Alta Costura para la Visita Real de Carlos y Camila"},"content":{"rendered":"<h3>La Elegancia Transformadora: Un An\u00e1lisis del Estilo de Melania Trump<\/h3>\n<p>El mundo de la moda siempre ha estado intr\u00ednsecamente vinculado a la pol\u00edtica; sin embargo, pocas figuras han logrado fusionar ambos \u00e1mbitos de manera tan impactante como Melania Trump. La ex primera dama de Estados Unidos ha dejado una huella indeleble en la cultura contempor\u00e1nea, no solo por su papel en la Casa Blanca, sino tambi\u00e9n por su notable sentido del estilo.<\/p>\n<p>Recientes apariciones han vuelto a colocar a Melania en el punto de mira de los amantes de la moda. Su elecci\u00f3n de atuendos, en particular una ic\u00f3nica pieza de alta costura de Christian Dior, ha suscitado debate y admiraci\u00f3n entre cr\u00edticos y aficionados. Este vestido no es solo una mera prenda; representa una declaraci\u00f3n de intenciones, un simbolismo del poder y la sofisticaci\u00f3n con los que Melania ha navegado a lo largo de su carrera.<\/p>\n<h4>La Alta Costura como Proclamaci\u00f3n<\/h4>\n<p>La elecci\u00f3n de Dior resuena con la historia de la moda francesa, renombrada por su refinamiento y dedicaci\u00f3n al arte de la sastrer\u00eda. Melania, al optar por esta maison, a\u00fana tradici\u00f3n y modernidad, haciendo eco de una narrativa en la que el glamour y la pol\u00edtica se entrelazan. Cada detalle del vestido est\u00e1 meticulosamente dise\u00f1ado, convirti\u00e9ndolo en un manifiesto visual de su identidad, un reflejo de su herencia eslovena y su adaptaci\u00f3n al estilo estadounidense.<\/p>\n<h4>Estilo y Estrategia<\/h4>\n<p>La ex primera dama ha dominado la habilidad de utilizar su vestimenta como una herramienta de comunicaci\u00f3n. En diversos eventos, su elecci\u00f3n de atuendos ha logrado atraer la atenci\u00f3n de los medios, generando an\u00e1lisis sobre la imagen que proyecta. Esto plantea cuestiones sobre c\u00f3mo los l\u00edderes, y sus consortes, pueden influir en la percepci\u00f3n p\u00fablica a trav\u00e9s de su presentaci\u00f3n personal.<\/p>\n<p>Los looks de Melania han estado pensados para proyectar confianza, elegancia y, en ocasiones, audacia. La capacidad de transformar un simple vestido en un objeto de an\u00e1lisis ha capturado el inter\u00e9s de grandes publicaciones, alimentando conversaciones alrededor de la intersecci\u00f3n entre moda y poder.<\/p>\n<h4>Detalles que Marcan la Diferencia<\/h4>\n<p>El poder de la moda no radica solo en la prenda en s\u00ed, sino en c\u00f3mo se lleva y se interpreta. Con una est\u00e9tica que mezcla lo cl\u00e1sico y lo contempor\u00e1neo, Melania ha sabido transmitir un mensaje claro: la moda es una forma de arte y una poderosa herramienta narrativa. Cada uno de sus looks es un cap\u00edtulo en una historia que invita a la reflexi\u00f3n sobre el papel de la mujer en espacios dominados por hombres.<\/p>\n<h4>Yoga, Estilo e Impacto Cultural<\/h4>\n<p>M\u00e1s all\u00e1 de la pol\u00edtica, Melania se est\u00e1 posicionando como un \u00edcono cultural. Ha logrado atraer a un p\u00fablico diverso, dejando claro que la moda no conoce fronteras. La fusi\u00f3n de su estilo con los elementos de la cultura pop crea un fen\u00f3meno viral que trasciende las pasarelas y llega al cotidiano de las personas.<\/p>\n<p>M\u00e1s que una mera espectadora del mundo de la moda, Melania Trump ha tomado un papel activo, contribuyendo a un di\u00e1logo sobre la identidad, la autoexpresi\u00f3n y el poder de la imagen. Su estilo sigue siendo un punto de referencia, invitando a los amantes de la moda a explorar sus propios significados y narrativas a trav\u00e9s de la vestimenta.<\/p>\n<h3>Conclusi\u00f3n Inmediata<\/h3>\n<p>El legado de Melania Trump en la moda es indiscutible. Desde la elecci\u00f3n sabia de la alta costura hasta su habilidad para hacer una declaraci\u00f3n, es claro que su impacto seguir\u00e1 siendo analizado y celebrado. En un mundo donde la imagen cuenta tanto como la acci\u00f3n, su enfoque nos recuerda que, en la moda, la elegancia no es solo un adorno, sino un poderoso medio de comunicaci\u00f3n.<\/p>\n<p><em> &#8221; Fuentes www.vogue.com &#8221; <\/em><\/p>\n","protected":false},"excerpt":{"rendered":"<p>La Elegancia Transformadora: Un An\u00e1lisis del Estilo de Melania Trump El mundo de la moda siempre ha estado intr\u00ednsecamente vinculado a la pol\u00edtica; sin embargo, pocas figuras han logrado fusionar ambos \u00e1mbitos de manera tan impactante como Melania Trump. La ex primera dama de Estados Unidos ha dejado una huella indeleble en la cultura contempor\u00e1nea, [&hellip;]<\/p>\n","protected":false},"author":14,"featured_media":1146105,"comment_status":"open","ping_status":"closed","sticky":false,"template":"","format":"standard","meta":{"om_disable_all_campaigns":false,"jnews-multi-image_gallery":[],"jnews_single_post":[],"jnews_primary_category":[],"jnews_social_meta":[],"footnotes":""},"categories":[144872],"tags":[190583,198490,76029,199076,25966,198691,166,277562,206135,225925,372],"class_list":["post-1146104","post","type-post","status-publish","format-standard","has-post-thumbnail","hentry","category-fashion","tag-camilla","tag-celebrity-fashion","tag-charles","tag-couture","tag-dior","tag-elegance","tag-fashion","tag-melania","tag-melania-trump","tag-royal-visit","tag-style"],"_links":{"self":[{"href":"https:\/\/dimensionturistica.com\/es\/wp-json\/wp\/v2\/posts\/1146104","targetHints":{"allow":["GET"]}}],"collection":[{"href":"https:\/\/dimensionturistica.com\/es\/wp-json\/wp\/v2\/posts"}],"about":[{"href":"https:\/\/dimensionturistica.com\/es\/wp-json\/wp\/v2\/types\/post"}],"author":[{"embeddable":true,"href":"https:\/\/dimensionturistica.com\/es\/wp-json\/wp\/v2\/users\/14"}],"replies":[{"embeddable":true,"href":"https:\/\/dimensionturistica.com\/es\/wp-json\/wp\/v2\/comments?post=1146104"}],"version-history":[{"count":1,"href":"https:\/\/dimensionturistica.com\/es\/wp-json\/wp\/v2\/posts\/1146104\/revisions"}],"predecessor-version":[{"id":1146106,"href":"https:\/\/dimensionturistica.com\/es\/wp-json\/wp\/v2\/posts\/1146104\/revisions\/1146106"}],"wp:featuredmedia":[{"embeddable":true,"href":"https:\/\/dimensionturistica.com\/es\/wp-json\/wp\/v2\/media\/1146105"}],"wp:attachment":[{"href":"https:\/\/dimensionturistica.com\/es\/wp-json\/wp\/v2\/media?parent=1146104"}],"wp:term":[{"taxonomy":"category","embeddable":true,"href":"https:\/\/dimensionturistica.com\/es\/wp-json\/wp\/v2\/categories?post=1146104"},{"taxonomy":"post_tag","embeddable":true,"href":"https:\/\/dimensionturistica.com\/es\/wp-json\/wp\/v2\/tags?post=1146104"}],"curies":[{"name":"wp","href":"https:\/\/api.w.org\/{rel}","templated":true}]}}