{"id":1146091,"date":"2026-04-29T16:56:04","date_gmt":"2026-04-29T16:56:04","guid":{"rendered":"https:\/\/dimensionturistica.com\/es\/?p=1146091"},"modified":"2026-04-29T16:56:04","modified_gmt":"2026-04-29T16:56:04","slug":"la-epidemia-del-estres-cronico-burnout-el-desafio-del-capital-humano-que-el-coaching-puede-resolver","status":"publish","type":"post","link":"https:\/\/dimensionturistica.com\/es\/la-epidemia-del-estres-cronico-burnout-el-desafio-del-capital-humano-que-el-coaching-puede-resolver\/","title":{"rendered":"La epidemia del estr\u00e9s cr\u00f3nico (Burnout): El desaf\u00edo del Capital Humano que el Coaching puede resolver"},"content":{"rendered":"\n<p>El 28 de abril es el D\u00eda Mundial de la Seguridad y la Salud en el Trabajo, algo que hace algunos a\u00f1os era sin\u00f3nimo de seguridad f\u00edsica o la ergonom\u00eda de una oficina, sin embargo, en la actualidad el concepto se ha expandido pues la salud mental y la resiliencia emocional se han consolidado como los indicadores de rendimiento (KPIs) m\u00e1s cr\u00edticos para la sostenibilidad de cualquier modelo de negocio. En este escenario de alta complejidad, el coaching profesional se posiciona no solo como una disciplina de desarrollo de talento, sino como la manera m\u00e1s efectiva para gestionar el S\u00edndrome de Burnout.<\/p>\n\n\n\n<figure class=\"wp-block-gallery has-nested-images columns-default is-cropped wp-block-gallery-1 is-layout-flex wp-block-gallery-is-layout-flex\">\n<figure class=\"wp-block-image size-large\"><img decoding=\"async\" width=\"500\" height=\"305\" data-id=\"1146092\" src=\"https:\/\/dimensionturistica.com\/es\/wp-content\/uploads\/2026\/04\/3ICF.jpg\" alt=\"\" class=\"wp-image-1146092\" srcset=\"https:\/\/dimensionturistica.com\/es\/wp-content\/uploads\/2026\/04\/3ICF.jpg 500w, https:\/\/dimensionturistica.com\/es\/wp-content\/uploads\/2026\/04\/3ICF-300x183.jpg 300w\" sizes=\"(max-width: 500px) 100vw, 500px\" \/><\/figure>\n<\/figure>\n\n\n\n<p>Se trata de un verdadero desaf\u00edo de capital humano y rentabilidad. La Organizaci\u00f3n Mundial de la Salud en su Clasificaci\u00f3n Internacional de Enfermedades (CIE-11) reconoci\u00f3 al Burnout como una enfermedad laboral. En el caso de M\u00e9xico, el pa\u00eds enfrenta una realidad estad\u00edstica alarmante. De acuerdo con el Instituto Mexicano del Seguro Social (IMSS), nuestro pa\u00eds lidera los \u00edndices globales de estr\u00e9s laboral pues el 75% de los trabajadores mexicanos padece fatiga por estr\u00e9s cr\u00f3nico, \u00edndice a\u00fan m\u00e1s alto que naciones como China (73%) y Estados Unidos (59%).<\/p>\n\n\n\n<p>Este fen\u00f3meno no debe leerse \u00fanicamente como una crisis de bienestar individual; es una amenaza directa a la rentabilidad corporativa. El burnout se refleja en una reducci\u00f3n dr\u00e1stica de la productividad, un aumento en el error operativo y, lo m\u00e1s costoso para una organizaci\u00f3n, la fuga de capital intelectual en puestos clave. Un l\u00edder agotado no solo deja de ser creativo, sino que su capacidad de toma de decisiones se ve nublada por el cortoplacismo que, a su vez, afecta los objetivos primordiales de las empresas.<\/p>\n\n\n\n<p>\u00bfC\u00f3mo el coaching profesional desarticula el ciclo del agotamiento?<\/p>\n\n\n\n<p>A diferencia de otras intervenciones, el coaching profesional avalado por organizaciones como la International Coaching Federation (ICF), no es una terapia ni una consultor\u00eda de procesos, es un acompa\u00f1amiento que transforma la estructura de pensamiento del individuo.<\/p>\n\n\n\n<figure class=\"wp-block-gallery has-nested-images columns-default is-cropped wp-block-gallery-2 is-layout-flex wp-block-gallery-is-layout-flex\">\n<figure class=\"wp-block-image size-large\"><img decoding=\"async\" width=\"500\" height=\"333\" data-id=\"1146093\" src=\"https:\/\/dimensionturistica.com\/es\/wp-content\/uploads\/2026\/04\/6ICF.jpg\" alt=\"\" class=\"wp-image-1146093\" srcset=\"https:\/\/dimensionturistica.com\/es\/wp-content\/uploads\/2026\/04\/6ICF.jpg 500w, https:\/\/dimensionturistica.com\/es\/wp-content\/uploads\/2026\/04\/6ICF-300x200.jpg 300w\" sizes=\"(max-width: 500px) 100vw, 500px\" \/><\/figure>\n<\/figure>\n\n\n\n<p>El burnout no nace exclusivamente del volumen de trabajo, sino de una gesti\u00f3n ineficiente de la energ\u00eda y de la falta de herramientas para navegar la incertidumbre, as\u00ed como del sistema interno de creencias u observaciones sobre el entorno interior y exterior de cada individuo.<\/p>\n\n\n\n<p>Para Vannessa Valle, Directora de Marketing y Comunicaciones ICF Cap\u00edtulo M\u00e9xico, el proceso de coaching interviene a trav\u00e9s de pilares estrat\u00e9gicos que reconfiguran el desempe\u00f1o laboral, entre los que destacan:<\/p>\n\n\n\n<p>Presencia plena (Enfoque estrat\u00e9gico vs Multitasking)<\/p>\n\n\n\n<p>Uno de los mitos m\u00e1s destructivos en la cultura corporativa es que el tiempo es nuestro recurso m\u00e1s valioso. En realidad, es la energ\u00eda direccionada sumada a una intencionalidad clara y dentro de un espacio definido &#8211; como lo es el tiempo &#8211; lo que proporciona un retorno de valor.<\/p>\n\n\n\n<p>El coaching profesional entrena al l\u00edder en la presencia. Esta competencia permite al ejecutivo desarrollar una auto-observaci\u00f3n aguda para identificar sus propios disparadores de estr\u00e9s en tiempo real. Al ser consciente de sus &#8220;fugas de energ\u00eda&#8221;, el l\u00edder puede pasar de una actitud reactiva a una proactiva, estableciendo l\u00edmites que no son muros, sino filtros de eficiencia.<\/p>\n\n\n\n<p>Despertar de Conciencia, reencuadre de la Autoexigencia<\/p>\n\n\n\n<figure class=\"wp-block-gallery has-nested-images columns-default is-cropped wp-block-gallery-3 is-layout-flex wp-block-gallery-is-layout-flex\">\n<figure class=\"wp-block-image size-large\"><img decoding=\"async\" width=\"500\" height=\"272\" data-id=\"1146094\" src=\"https:\/\/dimensionturistica.com\/es\/wp-content\/uploads\/2026\/04\/2ICF.jpg\" alt=\"\" class=\"wp-image-1146094\" srcset=\"https:\/\/dimensionturistica.com\/es\/wp-content\/uploads\/2026\/04\/2ICF.jpg 500w, https:\/\/dimensionturistica.com\/es\/wp-content\/uploads\/2026\/04\/2ICF-300x163.jpg 300w\" sizes=\"(max-width: 500px) 100vw, 500px\" \/><\/figure>\n<\/figure>\n\n\n\n<p>El agotamiento cr\u00f3nico suele estar alimentado por &#8220;lealtades invisibles&#8221; a narrativas de perfeccionismo extremo. Mediante el despertar de conciencia, el coach facilita un espacio seguro donde el cliente identifica las creencias que dictan que su valor como profesional depende de una hiper-disponibilidad constante y expectativas en ocasiones poco realistas o imposibles de alcanzar, lo que detona no solamente en el s\u00edndrome del Burnout sino en condiciones psicol\u00f3gicas como por ejemplo el s\u00edndrome del impostor, entre otras. Al cuestionar el coach con total intencionalidad estos paradigmas, el ejecutivo recupera el sentido de autonom\u00eda y control direccionando su potencial hacia objetivos claros, asertivos y sustentables, acrecentando la auto seguridad del ejecutivo y\/o equipo, y por consecuencia eficientando sus resultados.<\/p>\n\n\n\n<p>Integraci\u00f3n Vida-Trabajo como Estrategia de Excelencia<\/p>\n\n\n\n<p>Desde la visi\u00f3n del coaching, el bienestar no es un evento que ocurre en determinados momentos donde le es posible al ejecutivo \u201cdescansar de\u201d, sino que es un estado de coherencia interna que debe permear la jornada laboral.<\/p>\n\n\n\n<p>El coaching facilita que los objetivos profesionales se alineen con los valores personales fundamentales. Cuando existe esta alineaci\u00f3n, el esfuerzo deja de ser drenante y se convierte en una inversi\u00f3n de energ\u00eda con sentido y balance. Un l\u00edder que integra su bienestar personal en su identidad profesional es, por definici\u00f3n, un l\u00edder m\u00e1s resiliente y capaz de inspirar a sus equipos.<\/p>\n\n\n\n<figure class=\"wp-block-gallery has-nested-images columns-default is-cropped wp-block-gallery-4 is-layout-flex wp-block-gallery-is-layout-flex\">\n<figure class=\"wp-block-image size-large\"><img decoding=\"async\" width=\"500\" height=\"203\" data-id=\"1146095\" src=\"https:\/\/dimensionturistica.com\/es\/wp-content\/uploads\/2026\/04\/1ICF.jpg\" alt=\"\" class=\"wp-image-1146095\" srcset=\"https:\/\/dimensionturistica.com\/es\/wp-content\/uploads\/2026\/04\/1ICF.jpg 500w, https:\/\/dimensionturistica.com\/es\/wp-content\/uploads\/2026\/04\/1ICF-300x122.jpg 300w\" sizes=\"(max-width: 500px) 100vw, 500px\" \/><\/figure>\n<\/figure>\n\n\n\n<p>Prevenir el agotamiento genera beneficios que trascienden al individuo. Cuando la alta direcci\u00f3n opera desde un estado de regulaci\u00f3n emocional, se fomenta una cultura de &#8220;Seguridad Psicol\u00f3gica&#8221;. Para las empresas, esto se traduce en una ventaja competitiva pues en un mercado laboral altamente demandante, el balance entre el manejo emocional y la efectividad de resultado, prioriza el equilibrio y el prop\u00f3sito sobre la remuneraci\u00f3n econ\u00f3mica simple, ofrecer una cultura apoyada por procesos de coaching es la estrategia de retenci\u00f3n y rentabilidad m\u00e1s poderosa disponible hoy en d\u00eda.<\/p>\n","protected":false},"excerpt":{"rendered":"<p>El 28 de abril es el D\u00eda Mundial de la Seguridad y la Salud en el Trabajo, algo que hace algunos a\u00f1os era sin\u00f3nimo de seguridad f\u00edsica o la ergonom\u00eda de una oficina, sin embargo, en la actualidad el concepto se ha expandido pues la salud mental y la resiliencia emocional se han consolidado como [&hellip;]<\/p>\n","protected":false},"author":1,"featured_media":1146096,"comment_status":"open","ping_status":"closed","sticky":false,"template":"","format":"standard","meta":{"om_disable_all_campaigns":false,"jnews-multi-image_gallery":[],"jnews_single_post":{"format":"standard"},"jnews_primary_category":[],"jnews_social_meta":[],"footnotes":""},"categories":[40],"tags":[],"class_list":["post-1146091","post","type-post","status-publish","format-standard","has-post-thumbnail","hentry","category-industria"],"_links":{"self":[{"href":"https:\/\/dimensionturistica.com\/es\/wp-json\/wp\/v2\/posts\/1146091","targetHints":{"allow":["GET"]}}],"collection":[{"href":"https:\/\/dimensionturistica.com\/es\/wp-json\/wp\/v2\/posts"}],"about":[{"href":"https:\/\/dimensionturistica.com\/es\/wp-json\/wp\/v2\/types\/post"}],"author":[{"embeddable":true,"href":"https:\/\/dimensionturistica.com\/es\/wp-json\/wp\/v2\/users\/1"}],"replies":[{"embeddable":true,"href":"https:\/\/dimensionturistica.com\/es\/wp-json\/wp\/v2\/comments?post=1146091"}],"version-history":[{"count":1,"href":"https:\/\/dimensionturistica.com\/es\/wp-json\/wp\/v2\/posts\/1146091\/revisions"}],"predecessor-version":[{"id":1146097,"href":"https:\/\/dimensionturistica.com\/es\/wp-json\/wp\/v2\/posts\/1146091\/revisions\/1146097"}],"wp:featuredmedia":[{"embeddable":true,"href":"https:\/\/dimensionturistica.com\/es\/wp-json\/wp\/v2\/media\/1146096"}],"wp:attachment":[{"href":"https:\/\/dimensionturistica.com\/es\/wp-json\/wp\/v2\/media?parent=1146091"}],"wp:term":[{"taxonomy":"category","embeddable":true,"href":"https:\/\/dimensionturistica.com\/es\/wp-json\/wp\/v2\/categories?post=1146091"},{"taxonomy":"post_tag","embeddable":true,"href":"https:\/\/dimensionturistica.com\/es\/wp-json\/wp\/v2\/tags?post=1146091"}],"curies":[{"name":"wp","href":"https:\/\/api.w.org\/{rel}","templated":true}]}}