{"id":1146056,"date":"2026-04-29T15:48:18","date_gmt":"2026-04-29T15:48:18","guid":{"rendered":"https:\/\/dimensionturistica.com\/es\/?p=1146056"},"modified":"2026-04-29T15:48:18","modified_gmt":"2026-04-29T15:48:18","slug":"la-leche-numero-1-de-mexico-celebra-el-deporte-con-un-empaque-especial-para-los-aficionados-del-beisbol","status":"publish","type":"post","link":"https:\/\/dimensionturistica.com\/es\/la-leche-numero-1-de-mexico-celebra-el-deporte-con-un-empaque-especial-para-los-aficionados-del-beisbol\/","title":{"rendered":"La leche n\u00famero 1\u00b0 de M\u00e9xico celebra el deporte con un empaque especial para los aficionados del b\u00e9isbol"},"content":{"rendered":"\n<p>Lala batea fuerte en el diamante y refuerza su v\u00ednculo con el deporte en M\u00e9xico al anunciar la presentaci\u00f3n de un empaque coleccionable de edici\u00f3n limitada, desarrollado en alianza con la Major League Baseball (MLB), en la presentaci\u00f3n de 180 ml de leche entera, que se entregar\u00e1 de forma exclusiva a los asistentes de los partidos entre los Arizona Diamondbacks y los San Diego Padres, los pr\u00f3ximos 25 y 26 de abril, en el Estadio Alfredo Harp Hel\u00fa, como parte de la MLB World Tour Mexico City Series.<\/p>\n\n\n\n<figure class=\"wp-block-gallery has-nested-images columns-default is-cropped wp-block-gallery-1 is-layout-flex wp-block-gallery-is-layout-flex\">\n<figure class=\"wp-block-image size-large\"><img decoding=\"async\" width=\"500\" height=\"573\" data-id=\"1146058\" src=\"https:\/\/dimensionturistica.com\/es\/wp-content\/uploads\/2026\/04\/9lala.jpg\" alt=\"\" class=\"wp-image-1146058\" srcset=\"https:\/\/dimensionturistica.com\/es\/wp-content\/uploads\/2026\/04\/9lala.jpg 500w, https:\/\/dimensionturistica.com\/es\/wp-content\/uploads\/2026\/04\/9lala-262x300.jpg 262w\" sizes=\"(max-width: 500px) 100vw, 500px\" \/><\/figure>\n<\/figure>\n\n\n\n<p>Esta iniciativa celebra la pasi\u00f3n por el b\u00e9isbol y la conexi\u00f3n emocional que genera entre los aficionados, llevando a Lala a uno de los escenarios deportivos y culturales m\u00e1s relevantes del pa\u00eds. Con una producci\u00f3n limitada, distribuidas a lo largo de ambos d\u00edas de partido, el empaque se posiciona como un objeto de colecci\u00f3n, pensado para quienes viven intensamente el deporte y buscan llevarse un recuerdo \u00fanico de esta experiencia hist\u00f3rica.<\/p>\n\n\n\n<figure class=\"wp-block-gallery has-nested-images columns-default is-cropped wp-block-gallery-2 is-layout-flex wp-block-gallery-is-layout-flex\">\n<figure class=\"wp-block-image size-large\"><img decoding=\"async\" width=\"500\" height=\"279\" data-id=\"1146059\" src=\"https:\/\/dimensionturistica.com\/es\/wp-content\/uploads\/2026\/04\/3lala.jpg\" alt=\"\" class=\"wp-image-1146059\" srcset=\"https:\/\/dimensionturistica.com\/es\/wp-content\/uploads\/2026\/04\/3lala.jpg 500w, https:\/\/dimensionturistica.com\/es\/wp-content\/uploads\/2026\/04\/3lala-300x167.jpg 300w\" sizes=\"(max-width: 500px) 100vw, 500px\" \/><\/figure>\n<\/figure>\n\n\n\n<p>El dise\u00f1o del empaque destaca por su alto nivel de detalle y storytelling. En \u00e9l se integran figuras emblem\u00e1ticas de la MLB, as\u00ed como los equipos protagonistas de esta edici\u00f3n. Cada una de sus caras fue cuidadosamente intervenida con elementos gr\u00e1ficos que lo hacen especial desde cualquier \u00e1ngulo: ilustraciones de jugadores, gui\u00f1os visuales al b\u00e9isbol y hasta un c\u00f3digo de barras dise\u00f1ado con un bat y una pelota, reforzando su car\u00e1cter l\u00fadico, ic\u00f3nico y coleccionable. Para dar vida a esta edici\u00f3n, Lala trabaj\u00f3 junto con la agencia Conciergency en el desarrollo de una pieza pensada para trascender el consumo y convertirse en un recuerdo tangible de la experiencia en el estadio.<\/p>\n\n\n\n<figure class=\"wp-block-gallery has-nested-images columns-default is-cropped wp-block-gallery-3 is-layout-flex wp-block-gallery-is-layout-flex\">\n<figure class=\"wp-block-image size-large\"><img decoding=\"async\" width=\"500\" height=\"573\" data-id=\"1146060\" src=\"https:\/\/dimensionturistica.com\/es\/wp-content\/uploads\/2026\/04\/9lala-1.jpg\" alt=\"\" class=\"wp-image-1146060\" srcset=\"https:\/\/dimensionturistica.com\/es\/wp-content\/uploads\/2026\/04\/9lala-1.jpg 500w, https:\/\/dimensionturistica.com\/es\/wp-content\/uploads\/2026\/04\/9lala-1-262x300.jpg 262w\" sizes=\"(max-width: 500px) 100vw, 500px\" \/><\/figure>\n<\/figure>\n\n\n\n<p>\u201cEn Lala creemos que el deporte tiene una capacidad \u00fanica de reunir a las familias y convertir un momento cotidiano en una experiencia memorable. Con esta alianza con la MLB, quisimos llevar la leche n\u00famero 1 de M\u00e9xico a un escenario donde se viven la emoci\u00f3n, la convivencia y la pasi\u00f3n por el juego. Esta edici\u00f3n coleccionable nace justamente de eso: de celebrar el b\u00e9isbol con una pieza que los aficionados puedan disfrutar, conservar y recordar m\u00e1s all\u00e1 del estadio\u201d, se\u00f1al\u00f3 Arturo Duarte, Gerente de Marca de la categor\u00eda de leche blanca.<\/p>\n\n\n\n<figure class=\"wp-block-gallery has-nested-images columns-default is-cropped wp-block-gallery-4 is-layout-flex wp-block-gallery-is-layout-flex\">\n<figure class=\"wp-block-image size-large\"><img decoding=\"async\" width=\"500\" height=\"279\" data-id=\"1146061\" src=\"https:\/\/dimensionturistica.com\/es\/wp-content\/uploads\/2026\/04\/5lala.jpg\" alt=\"\" class=\"wp-image-1146061\" srcset=\"https:\/\/dimensionturistica.com\/es\/wp-content\/uploads\/2026\/04\/5lala.jpg 500w, https:\/\/dimensionturistica.com\/es\/wp-content\/uploads\/2026\/04\/5lala-300x167.jpg 300w\" sizes=\"(max-width: 500px) 100vw, 500px\" \/><\/figure>\n<\/figure>\n\n\n\n<p>M\u00e1s all\u00e1 del empaque, Lala llevar\u00e1 la experiencia al centro de la acci\u00f3n con un stand dentro del estadio, donde los aficionados podr\u00e1n degustar el portafolio de productos de la marca, incluyendo el nuevo Lala Griego, una de sus m\u00e1s recientes innovaciones. La experiencia tambi\u00e9n se extender\u00e1 a la oferta gastron\u00f3mica del evento, con platillos preparados con crema y queso Lala, dos productos que refuerzan el papel de la marca como acompa\u00f1ante natural de los momentos de convivencia, sabor y diversi\u00f3n familiar. Este espacio tambi\u00e9n contar\u00e1 con din\u00e1micas interactivas y photo opps, creados para amplificar la emoci\u00f3n del juego, generar momentos compartibles y fortalecer la conexi\u00f3n entre la marca y los asistentes.<\/p>\n\n\n\n<p>Esta edici\u00f3n marca un momento especial para la marca. Por segundo a\u00f1o consecutivo, Lala participa como patrocinador de la MLB World Tour en M\u00e9xico, pero es la primera vez que transforma este patrocinio en una experiencia integral para consumidores y aficionados, llevando su presencia m\u00e1s all\u00e1 del logo para convertirse en parte activa de la vivencia dentro del estadio. Lala trasciende el consumo tradicional en el hogar y se consolida como una opci\u00f3n que acompa\u00f1a distintos momentos del d\u00eda, dentro y fuera de casa, incluyendo aquellos que se viven con intensidad y se convierten en memorables.<\/p>\n\n\n\n<figure class=\"wp-block-gallery has-nested-images columns-default is-cropped wp-block-gallery-5 is-layout-flex wp-block-gallery-is-layout-flex\">\n<figure class=\"wp-block-image size-large\"><img decoding=\"async\" width=\"500\" height=\"335\" data-id=\"1146062\" src=\"https:\/\/dimensionturistica.com\/es\/wp-content\/uploads\/2026\/04\/45lala.jpg\" alt=\"\" class=\"wp-image-1146062\" srcset=\"https:\/\/dimensionturistica.com\/es\/wp-content\/uploads\/2026\/04\/45lala.jpg 500w, https:\/\/dimensionturistica.com\/es\/wp-content\/uploads\/2026\/04\/45lala-300x201.jpg 300w\" sizes=\"(max-width: 500px) 100vw, 500px\" \/><\/figure>\n<\/figure>\n\n\n\n<p>Con esta iniciativa, Lala contin\u00faa consolidando su presencia en el territorio deportivo, integrando su portafolio a experiencias que van m\u00e1s all\u00e1 del consumo y reafirmando su papel como una marca cercana, relevante y presente en los eventos culturales y deportivos m\u00e1s importantes del pa\u00eds, justo donde nacen la emoci\u00f3n, la comunidad y los grandes recuerdos.<\/p>\n","protected":false},"excerpt":{"rendered":"<p>Lala batea fuerte en el diamante y refuerza su v\u00ednculo con el deporte en M\u00e9xico al anunciar la presentaci\u00f3n de un empaque coleccionable de edici\u00f3n limitada, desarrollado en alianza con la Major League Baseball (MLB), en la presentaci\u00f3n de 180 ml de leche entera, que se entregar\u00e1 de forma exclusiva a los asistentes de los [&hellip;]<\/p>\n","protected":false},"author":1,"featured_media":1146063,"comment_status":"open","ping_status":"closed","sticky":false,"template":"","format":"standard","meta":{"om_disable_all_campaigns":false,"jnews-multi-image_gallery":[],"jnews_single_post":[],"jnews_primary_category":[],"jnews_social_meta":[],"footnotes":""},"categories":[43],"tags":[],"class_list":["post-1146056","post","type-post","status-publish","format-standard","has-post-thumbnail","hentry","category-gourmet"],"_links":{"self":[{"href":"https:\/\/dimensionturistica.com\/es\/wp-json\/wp\/v2\/posts\/1146056","targetHints":{"allow":["GET"]}}],"collection":[{"href":"https:\/\/dimensionturistica.com\/es\/wp-json\/wp\/v2\/posts"}],"about":[{"href":"https:\/\/dimensionturistica.com\/es\/wp-json\/wp\/v2\/types\/post"}],"author":[{"embeddable":true,"href":"https:\/\/dimensionturistica.com\/es\/wp-json\/wp\/v2\/users\/1"}],"replies":[{"embeddable":true,"href":"https:\/\/dimensionturistica.com\/es\/wp-json\/wp\/v2\/comments?post=1146056"}],"version-history":[{"count":1,"href":"https:\/\/dimensionturistica.com\/es\/wp-json\/wp\/v2\/posts\/1146056\/revisions"}],"predecessor-version":[{"id":1146064,"href":"https:\/\/dimensionturistica.com\/es\/wp-json\/wp\/v2\/posts\/1146056\/revisions\/1146064"}],"wp:featuredmedia":[{"embeddable":true,"href":"https:\/\/dimensionturistica.com\/es\/wp-json\/wp\/v2\/media\/1146063"}],"wp:attachment":[{"href":"https:\/\/dimensionturistica.com\/es\/wp-json\/wp\/v2\/media?parent=1146056"}],"wp:term":[{"taxonomy":"category","embeddable":true,"href":"https:\/\/dimensionturistica.com\/es\/wp-json\/wp\/v2\/categories?post=1146056"},{"taxonomy":"post_tag","embeddable":true,"href":"https:\/\/dimensionturistica.com\/es\/wp-json\/wp\/v2\/tags?post=1146056"}],"curies":[{"name":"wp","href":"https:\/\/api.w.org\/{rel}","templated":true}]}}