{"id":1146043,"date":"2026-04-29T15:23:14","date_gmt":"2026-04-29T15:23:14","guid":{"rendered":"https:\/\/dimensionturistica.com\/es\/?p=1146043"},"modified":"2026-04-29T15:23:14","modified_gmt":"2026-04-29T15:23:14","slug":"el-cambio-climatico-podria-aumentar-hasta-un-15-la-mortalidad-en-mexico-alerta-analisis-de-la-ibero","status":"publish","type":"post","link":"https:\/\/dimensionturistica.com\/es\/el-cambio-climatico-podria-aumentar-hasta-un-15-la-mortalidad-en-mexico-alerta-analisis-de-la-ibero\/","title":{"rendered":"El Cambio clim\u00e1tico podr\u00eda aumentar hasta un 15% la mortalidad en M\u00e9xico, alerta an\u00e1lisis de la IBERO"},"content":{"rendered":"\n<p>enfermedades respiratorias, mentales y virales, advierte an\u00e1lisis de Centrus IBERO.<\/p>\n\n\n\n<p>El cambio clim\u00e1tico no s\u00f3lo est\u00e1 transformando el medio ambiente: tambi\u00e9n est\u00e1 poniendo en riesgo directo la vida de las personas. En M\u00e9xico, la mortalidad puede aumentar hasta en 15% tras eventos extremos asociados al clima, advierte un an\u00e1lisis del Centro Transdisciplinar Universitario para la Sustentabilidad (Centrus) de la Universidad Iberoamericana.<\/p>\n\n\n\n<p>El estudio Cambio clim\u00e1tico y salud en M\u00e9xico, elaborado por el Dr. Jos\u00e9 Alberto Lara Pulido en 2025, documenta c\u00f3mo fen\u00f3menos como ciclones, inundaciones, lluvias intensas o temperaturas extremas no s\u00f3lo generan da\u00f1os inmediatos, sino que elevan el riesgo de muerte por diversas causas durante semanas posteriores.<\/p>\n\n\n\n<p>De acuerdo con el an\u00e1lisis, el incremento en la mortalidad no es homog\u00e9neo: depende del tipo de evento clim\u00e1tico y de las condiciones sociales de la poblaci\u00f3n afectada.<\/p>\n\n\n\n<p>Por ejemplo:<\/p>\n\n\n\n<p>La mortalidad por accidentes puede aumentar hasta 70% tras ciclones<\/p>\n\n\n\n<p>Las enfermedades respiratorias pueden duplicarse<\/p>\n\n\n\n<p>Los padecimientos mentales crecen hasta 50%<\/p>\n\n\n\n<p>Las enfermedades virales pueden m\u00e1s que duplicarse<\/p>\n\n\n\n<p>En conjunto, estos efectos elevan la tasa de mortalidad alrededor de 15% y pueden prolongarse hasta por dos meses despu\u00e9s de ocurrido el desastre.<\/p>\n\n\n\n<p>El calor, un riesgo creciente para la salud<\/p>\n\n\n\n<p>Uno de los factores m\u00e1s preocupantes es el aumento de la temperatura. El propio estudio advierte que M\u00e9xico podr\u00eda experimentar incrementos de entre 1.4 y 2.5 \u00b0C hacia 2060, lo que intensificar\u00eda la frecuencia y severidad de eventos extremos.<\/p>\n\n\n\n<p>Esto tiene efectos directos en la salud: el calor favorece la proliferaci\u00f3n de pat\u00f3genos en alimentos y agua, incrementa los al\u00e9rgenos en el ambiente y agrava enfermedades respiratorias.<\/p>\n\n\n\n<p>Adem\u00e1s, investigaciones en salud p\u00fablica ya han documentado un aumento sostenido en las muertes relacionadas con el calor en el pa\u00eds en la \u00faltima d\u00e9cada, reflejando la creciente exposici\u00f3n de la poblaci\u00f3n a temperaturas extremas.<\/p>\n\n\n\n<figure class=\"wp-block-gallery has-nested-images columns-default is-cropped wp-block-gallery-1 is-layout-flex wp-block-gallery-is-layout-flex\">\n<figure class=\"wp-block-image size-large\"><img decoding=\"async\" width=\"500\" height=\"333\" data-id=\"1146044\" src=\"https:\/\/dimensionturistica.com\/es\/wp-content\/uploads\/2026\/04\/3ibero.jpg\" alt=\"\" class=\"wp-image-1146044\" srcset=\"https:\/\/dimensionturistica.com\/es\/wp-content\/uploads\/2026\/04\/3ibero.jpg 500w, https:\/\/dimensionturistica.com\/es\/wp-content\/uploads\/2026\/04\/3ibero-300x200.jpg 300w\" sizes=\"(max-width: 500px) 100vw, 500px\" \/><\/figure>\n<\/figure>\n\n\n\n<p>El an\u00e1lisis tambi\u00e9n advierte que el impacto del cambio clim\u00e1tico en la salud no se distribuye de manera equitativa: Ni\u00f1as y ni\u00f1os, personas adultas mayores y quienes viven con enfermedades previas son los grupos m\u00e1s expuestos a los efectos de los desastres clim\u00e1ticos.<\/p>\n\n\n\n<p>A esto se suma la desigualdad social: comunidades con menor acceso a servicios de salud, infraestructura o informaci\u00f3n enfrentan mayores riesgos ante eventos extremos.<\/p>\n\n\n\n<p>El investigador tambi\u00e9n alert\u00f3 que M\u00e9xico sigue privilegiando la atenci\u00f3n a desastres sobre la prevenci\u00f3n, cuando la evidencia demuestra que anticiparse es menos costoso y m\u00e1s efectivo.<\/p>\n\n\n\n<p>La investigaci\u00f3n plantea la necesidad urgente de:<\/p>\n\n\n\n<p>Fortalecer pol\u00edticas de prevenci\u00f3n y adaptaci\u00f3n<\/p>\n\n\n\n<p>Invertir en infraestructura resiliente<\/p>\n\n\n\n<p>Integrar la salud p\u00fablica en la agenda clim\u00e1tica<\/p>\n\n\n\n<p>Priorizar a las poblaciones m\u00e1s vulnerables<\/p>\n\n\n\n<p>Una crisis que ya est\u00e1 aqu\u00ed<\/p>\n\n\n\n<p>El cambio clim\u00e1tico dej\u00f3 de ser un problema ambiental para convertirse en una crisis de salud p\u00fablica.<\/p>\n\n\n\n<p>Los datos son claros: cada evento extremo no solo destruye infraestructura o ecosistemas, sino que incrementa el riesgo de enfermar y morir. En un pa\u00eds altamente vulnerable como M\u00e9xico, el desaf\u00edo ya no es solo entender el fen\u00f3meno, sino actuar a tiempo para evitar que el aumento de temperatura se traduzca en<\/p>\n","protected":false},"excerpt":{"rendered":"<p>enfermedades respiratorias, mentales y virales, advierte an\u00e1lisis de Centrus IBERO. El cambio clim\u00e1tico no s\u00f3lo est\u00e1 transformando el medio ambiente: tambi\u00e9n est\u00e1 poniendo en riesgo directo la vida de las personas. En M\u00e9xico, la mortalidad puede aumentar hasta en 15% tras eventos extremos asociados al clima, advierte un an\u00e1lisis del Centro Transdisciplinar Universitario para la [&hellip;]<\/p>\n","protected":false},"author":1,"featured_media":1146045,"comment_status":"open","ping_status":"closed","sticky":false,"template":"","format":"standard","meta":{"om_disable_all_campaigns":false,"jnews-multi-image_gallery":[],"jnews_single_post":[],"jnews_primary_category":[],"jnews_social_meta":[],"footnotes":""},"categories":[40],"tags":[],"class_list":["post-1146043","post","type-post","status-publish","format-standard","has-post-thumbnail","hentry","category-industria"],"_links":{"self":[{"href":"https:\/\/dimensionturistica.com\/es\/wp-json\/wp\/v2\/posts\/1146043","targetHints":{"allow":["GET"]}}],"collection":[{"href":"https:\/\/dimensionturistica.com\/es\/wp-json\/wp\/v2\/posts"}],"about":[{"href":"https:\/\/dimensionturistica.com\/es\/wp-json\/wp\/v2\/types\/post"}],"author":[{"embeddable":true,"href":"https:\/\/dimensionturistica.com\/es\/wp-json\/wp\/v2\/users\/1"}],"replies":[{"embeddable":true,"href":"https:\/\/dimensionturistica.com\/es\/wp-json\/wp\/v2\/comments?post=1146043"}],"version-history":[{"count":1,"href":"https:\/\/dimensionturistica.com\/es\/wp-json\/wp\/v2\/posts\/1146043\/revisions"}],"predecessor-version":[{"id":1146046,"href":"https:\/\/dimensionturistica.com\/es\/wp-json\/wp\/v2\/posts\/1146043\/revisions\/1146046"}],"wp:featuredmedia":[{"embeddable":true,"href":"https:\/\/dimensionturistica.com\/es\/wp-json\/wp\/v2\/media\/1146045"}],"wp:attachment":[{"href":"https:\/\/dimensionturistica.com\/es\/wp-json\/wp\/v2\/media?parent=1146043"}],"wp:term":[{"taxonomy":"category","embeddable":true,"href":"https:\/\/dimensionturistica.com\/es\/wp-json\/wp\/v2\/categories?post=1146043"},{"taxonomy":"post_tag","embeddable":true,"href":"https:\/\/dimensionturistica.com\/es\/wp-json\/wp\/v2\/tags?post=1146043"}],"curies":[{"name":"wp","href":"https:\/\/api.w.org\/{rel}","templated":true}]}}