{"id":1145824,"date":"2026-04-29T00:55:35","date_gmt":"2026-04-29T00:55:35","guid":{"rendered":"https:\/\/dimensionturistica.com\/es\/?p=1145824"},"modified":"2026-04-29T00:55:35","modified_gmt":"2026-04-29T00:55:35","slug":"7-tendencias-de-moda-que-merecen-un-regreso-espectacular","status":"publish","type":"post","link":"https:\/\/dimensionturistica.com\/es\/7-tendencias-de-moda-que-merecen-un-regreso-espectacular\/","title":{"rendered":"7 Tendencias de Moda que Merecen un Regreso Espectacular"},"content":{"rendered":"<h3>Regreso Estelar: Tendencias Ic\u00f3nicas de &#8220;El Diablo Viste a la Moda&#8221; que Vuelven con Fuerza<\/h3>\n<p>En un mundo donde las modas cambian m\u00e1s r\u00e1pido que las estaciones, ciertas tendencias tienen la habilidad de resurgir y captar la atenci\u00f3n de amantes de la moda en todo el planeta. &#8220;El Diablo Viste a la Moda&#8221;, la pel\u00edcula que se convirti\u00f3 en un cl\u00e1sico de culto, no solo ofreci\u00f3 una narrativa fascinante, sino que tambi\u00e9n nos dej\u00f3 una herencia visual digna de ser recordada. A continuaci\u00f3n, exploramos siete tendencias emblem\u00e1ticas que est\u00e1n listas para brillar de nuevo, elevando nuestros armarios y redefiniendo el estilo contempor\u00e1neo.<\/p>\n<h4>1. <strong>Los Abrigos de Corte Cl\u00e1sico<\/strong><\/h4>\n<p>Los abrigos que sol\u00edan ser el s\u00edmbolo de la elegancia se est\u00e1n colando de nuevo en las pasarelas. Con l\u00edneas limpias y un dise\u00f1o estructurado, estos abrigos son vers\u00e1tiles, combinando perfectamente con tanto atuendos formales como casuales. El neutral en tonos beige y negro ser\u00e1 el rey, evocando un aire de sofisticaci\u00f3n infinita.<\/p>\n<h4>2. <strong>El Estilo &#8220;All Black&#8221;<\/strong><\/h4>\n<p>El eterno &#8220;total black&#8221; vuelve a estar en el punto de mira. Esta tendencia, impulsada por la est\u00e9tica urbana, se puede llevar a cabo con capas variadas, texturas ricas y siluetas fluidas. La combinaci\u00f3n de piezas en negro ofrece un estilo calmado y audaz, perfecto para cualquier ocasi\u00f3n.<\/p>\n<h4>3. <strong>Las Faldas Midi<\/strong><\/h4>\n<p>Las faldas midi, que equilibran elegancia y comodidad, est\u00e1n regresando con fuerza. Se pueden encontrar en diferentes tejidos y patrones, a\u00f1adiendo frescura a la vestimenta cotidiana. Esta prenda se adapta a cualquier tipo de figura, lo que la hace atractiva para una amplia gama de estilos y edades.<\/p>\n<h4>4. <strong>Los Zapatos de Tac\u00f3n Estructurados<\/strong><\/h4>\n<p>Los tacones que desaf\u00edan las normas de dise\u00f1o est\u00e1n de vuelta. La era de los estilos poco convencionales, con formas geom\u00e9tricas y detalles audaces, est\u00e1 ganando terreno. Estos zapatos no solo elevan la estatura, sino que tambi\u00e9n agregan un elemento de personalidad a cada conjunto.<\/p>\n<h4>5. <strong>Accesorios Exagerados<\/strong><\/h4>\n<p>El maximalismo en accesorios experimenta un renacimiento. Collares voluminosos, pendientes llamativos y pulseras anchas se est\u00e1n utilizando como piezas de declaraci\u00f3n. La idea es que el accesorio se convierta en el foco, capaz de transformar el look m\u00e1s sencillo en uno sorprendente y vibrante.<\/p>\n<h4>6. <strong>Vestidos de Cuerpo Ajustado<\/strong><\/h4>\n<p>Este estilo, que resalta las curvas y la figura, regresa con un enfoque renovado. Con patrones modernos y cortes inesperados, los vestidos de corte ajustado huyen de las normas tradicionales, permitiendo que cada mujer exprese su individualidad sin reservas.<\/p>\n<h4>7. <strong>Gafas de Sol Oversized<\/strong><\/h4>\n<p>Las gafas de sol grandes est\u00e1n de regreso y son el complemento perfecto para a\u00f1adir un toque de misterio y glamour. Con formas que evocan diferentes eras y estilos, estas gafas no solo protegen del sol, sino que tambi\u00e9n se convierten en un accesorio indispensable que habla de actitud y confianza.<\/p>\n<h3>\u00bfPor Qu\u00e9 Este Retroceso es Importante?<\/h3>\n<p>Estas tendencias no son solo vestimenta; son una declaraci\u00f3n de intenciones. Su resurgimiento se\u00f1ala un anhelo por la sofisticaci\u00f3n y la individualidad en un tiempo donde la moda r\u00e1pida predomina. Al adoptar estos estilos, se celebra la historia de la moda y se rinde homenaje a las pasadas eras que nos han influenciado.<\/p>\n<p>El regreso de estas tendencias muestra que la moda es c\u00edclica y que las influencias del pasado siempre encuentran su camino de vuelta a la vanguardia. Mantente atento, porque el escenario de la moda est\u00e1 a punto de transformarse en un desfile de nostalgia, autenticidad y, sobre todo, estilo indiscutible. <\/p>\n<p>As\u00ed que, actualiza tu armario y prep\u00e1rate para brillar con estas ic\u00f3nicas tendencias que han vuelto para quedarse. La moda siempre tiene algo nuevo que ofrecer, y este es el momento perfecto para abrazar el legado de &#8220;El Diablo Viste a la Moda&#8221;.<\/p>\n<p><em> &#8221; Fuentes www.vogue.com &#8221; <\/em><\/p>\n","protected":false},"excerpt":{"rendered":"<p>Regreso Estelar: Tendencias Ic\u00f3nicas de &#8220;El Diablo Viste a la Moda&#8221; que Vuelven con Fuerza En un mundo donde las modas cambian m\u00e1s r\u00e1pido que las estaciones, ciertas tendencias tienen la habilidad de resurgir y captar la atenci\u00f3n de amantes de la moda en todo el planeta. &#8220;El Diablo Viste a la Moda&#8221;, la pel\u00edcula [&hellip;]<\/p>\n","protected":false},"author":14,"featured_media":1145825,"comment_status":"open","ping_status":"closed","sticky":false,"template":"","format":"standard","meta":{"om_disable_all_campaigns":false,"jnews-multi-image_gallery":[],"jnews_single_post":[],"jnews_primary_category":[],"jnews_social_meta":[],"footnotes":""},"categories":[144872],"tags":[201094,69624,166,73,27866,130377,90380,94447,372,205385,6194],"class_list":["post-1145824","post","type-post","status-publish","format-standard","has-post-thumbnail","hentry","category-fashion","tag-2000s","tag-accessories","tag-fashion","tag-film","tag-nostalgia","tag-pop-culture","tag-revival","tag-runway","tag-style","tag-the-devil-wears-prada","tag-trends"],"_links":{"self":[{"href":"https:\/\/dimensionturistica.com\/es\/wp-json\/wp\/v2\/posts\/1145824","targetHints":{"allow":["GET"]}}],"collection":[{"href":"https:\/\/dimensionturistica.com\/es\/wp-json\/wp\/v2\/posts"}],"about":[{"href":"https:\/\/dimensionturistica.com\/es\/wp-json\/wp\/v2\/types\/post"}],"author":[{"embeddable":true,"href":"https:\/\/dimensionturistica.com\/es\/wp-json\/wp\/v2\/users\/14"}],"replies":[{"embeddable":true,"href":"https:\/\/dimensionturistica.com\/es\/wp-json\/wp\/v2\/comments?post=1145824"}],"version-history":[{"count":1,"href":"https:\/\/dimensionturistica.com\/es\/wp-json\/wp\/v2\/posts\/1145824\/revisions"}],"predecessor-version":[{"id":1145826,"href":"https:\/\/dimensionturistica.com\/es\/wp-json\/wp\/v2\/posts\/1145824\/revisions\/1145826"}],"wp:featuredmedia":[{"embeddable":true,"href":"https:\/\/dimensionturistica.com\/es\/wp-json\/wp\/v2\/media\/1145825"}],"wp:attachment":[{"href":"https:\/\/dimensionturistica.com\/es\/wp-json\/wp\/v2\/media?parent=1145824"}],"wp:term":[{"taxonomy":"category","embeddable":true,"href":"https:\/\/dimensionturistica.com\/es\/wp-json\/wp\/v2\/categories?post=1145824"},{"taxonomy":"post_tag","embeddable":true,"href":"https:\/\/dimensionturistica.com\/es\/wp-json\/wp\/v2\/tags?post=1145824"}],"curies":[{"name":"wp","href":"https:\/\/api.w.org\/{rel}","templated":true}]}}