{"id":1145782,"date":"2026-04-28T22:22:35","date_gmt":"2026-04-28T22:22:35","guid":{"rendered":"https:\/\/dimensionturistica.com\/es\/?p=1145782"},"modified":"2026-04-28T22:22:35","modified_gmt":"2026-04-28T22:22:35","slug":"la-gala-del-nuevo-museo-reconocio-a-lisa-phillips-y-el-porvenir-del-arte","status":"publish","type":"post","link":"https:\/\/dimensionturistica.com\/es\/la-gala-del-nuevo-museo-reconocio-a-lisa-phillips-y-el-porvenir-del-arte\/","title":{"rendered":"La Gala del Nuevo Museo Reconoci\u00f3 a Lisa Phillips y el Porvenir del Arte"},"content":{"rendered":"<h3>Un Vistazo a la Gala del Nuevo Museo: Estilo, Arte y Glamour en el Coraz\u00f3n de Nueva York<\/h3>\n<p>La reciente gala del Nuevo Museo se ha convertido en un punto de encuentro imperdible en el calendario social de la Gran Manzana. Este evento no solo celebra el arte contempor\u00e1neo, sino que se erige como un escaparate de estilos vanguardistas y propuestas audaces que marcan tendencia. La noche en cuesti\u00f3n reuni\u00f3 a una variedad de artistas, dise\u00f1adores y celebridades, quienes se dieron cita para rendir homenaje a la creatividad y la innovaci\u00f3n.<\/p>\n<h4>Moda como Expresi\u00f3n Art\u00edstica<\/h4>\n<p>Desde los impresionantes atuendos hasta los detalles m\u00e1s sutiles, la moda en esta gala se present\u00f3 como una forma de arte por s\u00ed misma. Dise\u00f1adores reconocidos y emergentes exhibieron sus colecciones, desafiando las normas tradicionales de la vestimenta. Cada look contaba una historia, demostrando que la moda y el arte est\u00e1n intr\u00ednsecamente ligados. Texturas llamativas, combinaciones de colores inesperadas y siluetas que desaf\u00edan la gravedad dominaron la alfombra roja.<\/p>\n<h4>Un Tributo a la Diversidad Creativa<\/h4>\n<p>La gala se caracteriz\u00f3 por su compromiso con la diversidad y la inclusi\u00f3n. Cada asistente aport\u00f3 su singularidad a la velada, creando un ambiente vibrante y acogedor. Los estilismos iban m\u00e1s all\u00e1 de lo est\u00e9tico; representaban identidades culturales y manifestaban un sentido de pertenencia y orgullo. Este enfoque inclusivo hizo de la gala un reflejo de los valores contempor\u00e1neos, donde cada voz y estilo tiene su lugar.<\/p>\n<h4>La Influencia de las Redes Sociales<\/h4>\n<p>La cobertura medi\u00e1tica y la resonancia en redes sociales transformaron el evento en un fen\u00f3meno m\u00e1s all\u00e1 de las puertas del museo. La inmediatez del mundo digital permiti\u00f3 que los looks y momentos ic\u00f3nicos de la gala se compartieran instant\u00e1neamente con audiencias globales. Influencers y fashionistas se adue\u00f1aron de plataformas como Instagram y TikTok, amplificando el alcance del evento y generando conversaciones en tiempo real sobre las tendencias emergentes.<\/p>\n<h4>Creatividad sin L\u00edmites<\/h4>\n<p>Entre los asistentes, se pudo observar un despliegue de creatividad sin l\u00edmites. Cada atuendo era una declaraci\u00f3n, un fragmento de la vida de su portador. Desde impresionantes capas hasta impresionantes joyas, la gala se convirti\u00f3 en un tablero de inspiraci\u00f3n para futuros dise\u00f1adores y amantes de la moda. La intersecci\u00f3n de la cultura pop y el arte contempor\u00e1neo fue clara, mostrando c\u00f3mo estas disciplinas coexisten y se enriquecen mutuamente.<\/p>\n<h4>Reflexiones Finales<\/h4>\n<p>La gala del Nuevo Museo no fue solo un evento m\u00e1s dentro del mundo de la moda y el arte; se trat\u00f3 de un fen\u00f3meno cultural que dej\u00f3 huella en quienes tuvieron la fortuna de participar y en aquellos que lo siguieron desde lejos. Este tipo de eventos demuestra que la moda puede ser un veh\u00edculo poderoso para la autoexpresi\u00f3n y la conexi\u00f3n humana, un recordatorio de que, en el universo del estilo, no hay l\u00edmites para la creatividad. <\/p>\n<p>La combinaci\u00f3n de arte, moda y una visi\u00f3n moderna de la comunidad ha hecho de esta gala un hito en la escena neoyorquina, y su impacto en las tendencias futuras es innegable. Mientras tanto, los aficionados al estilo contin\u00faan analizando cada detalle, buscando inspiraci\u00f3n entre las propuestas vanguardistas que emergieron de esta memorable noche.<\/p>\n<p><em> &#8221; Fuentes www.vogue.com &#8221; <\/em><\/p>\n","protected":false},"excerpt":{"rendered":"<p>Un Vistazo a la Gala del Nuevo Museo: Estilo, Arte y Glamour en el Coraz\u00f3n de Nueva York La reciente gala del Nuevo Museo se ha convertido en un punto de encuentro imperdible en el calendario social de la Gran Manzana. Este evento no solo celebra el arte contempor\u00e1neo, sino que se erige como un [&hellip;]<\/p>\n","protected":false},"author":14,"featured_media":1145783,"comment_status":"open","ping_status":"closed","sticky":false,"template":"","format":"standard","meta":{"om_disable_all_campaigns":false,"jnews-multi-image_gallery":[],"jnews_single_post":[],"jnews_primary_category":[],"jnews_social_meta":[],"footnotes":""},"categories":[144872],"tags":[219439,220854,193,277397,25759,221674,277396,221262,203622],"class_list":["post-1145782","post","type-post","status-publish","format-standard","has-post-thumbnail","hentry","category-fashion","tag-art-community","tag-art-events","tag-culture","tag-future-of-art","tag-gala","tag-honoree","tag-lisa-phillips","tag-new-museum","tag-vogue-parties"],"_links":{"self":[{"href":"https:\/\/dimensionturistica.com\/es\/wp-json\/wp\/v2\/posts\/1145782","targetHints":{"allow":["GET"]}}],"collection":[{"href":"https:\/\/dimensionturistica.com\/es\/wp-json\/wp\/v2\/posts"}],"about":[{"href":"https:\/\/dimensionturistica.com\/es\/wp-json\/wp\/v2\/types\/post"}],"author":[{"embeddable":true,"href":"https:\/\/dimensionturistica.com\/es\/wp-json\/wp\/v2\/users\/14"}],"replies":[{"embeddable":true,"href":"https:\/\/dimensionturistica.com\/es\/wp-json\/wp\/v2\/comments?post=1145782"}],"version-history":[{"count":1,"href":"https:\/\/dimensionturistica.com\/es\/wp-json\/wp\/v2\/posts\/1145782\/revisions"}],"predecessor-version":[{"id":1145784,"href":"https:\/\/dimensionturistica.com\/es\/wp-json\/wp\/v2\/posts\/1145782\/revisions\/1145784"}],"wp:featuredmedia":[{"embeddable":true,"href":"https:\/\/dimensionturistica.com\/es\/wp-json\/wp\/v2\/media\/1145783"}],"wp:attachment":[{"href":"https:\/\/dimensionturistica.com\/es\/wp-json\/wp\/v2\/media?parent=1145782"}],"wp:term":[{"taxonomy":"category","embeddable":true,"href":"https:\/\/dimensionturistica.com\/es\/wp-json\/wp\/v2\/categories?post=1145782"},{"taxonomy":"post_tag","embeddable":true,"href":"https:\/\/dimensionturistica.com\/es\/wp-json\/wp\/v2\/tags?post=1145782"}],"curies":[{"name":"wp","href":"https:\/\/api.w.org\/{rel}","templated":true}]}}