{"id":1145756,"date":"2026-04-28T21:42:24","date_gmt":"2026-04-28T21:42:24","guid":{"rendered":"https:\/\/dimensionturistica.com\/es\/?p=1145756"},"modified":"2026-04-28T21:42:24","modified_gmt":"2026-04-28T21:42:24","slug":"el-modo-exhibira-vitrinas-conmemorando-mundiales-en-mexico","status":"publish","type":"post","link":"https:\/\/dimensionturistica.com\/es\/el-modo-exhibira-vitrinas-conmemorando-mundiales-en-mexico\/","title":{"rendered":"El MODO exhibir\u00e1 vitrinas conmemorando mundiales en M\u00e9xico"},"content":{"rendered":"\n<p>Este 5 de mayo, el Museo del Objeto del Objeto (MODO) le pone sabor futbolero a la exposici\u00f3n \u201cLa colecci\u00f3n, con todas sus letras\u201d con la incorporaci\u00f3n de una nueva secci\u00f3n que celebra la pasi\u00f3n mundialista en M\u00e9xico.<\/p>\n\n\n\n<figure class=\"wp-block-gallery has-nested-images columns-default is-cropped wp-block-gallery-1 is-layout-flex wp-block-gallery-is-layout-flex\">\n<figure class=\"wp-block-image size-large\"><img decoding=\"async\" width=\"500\" height=\"503\" data-id=\"1145760\" src=\"https:\/\/dimensionturistica.com\/es\/wp-content\/uploads\/2026\/04\/2balon.jpg\" alt=\"\" class=\"wp-image-1145760\" srcset=\"https:\/\/dimensionturistica.com\/es\/wp-content\/uploads\/2026\/04\/2balon.jpg 500w, https:\/\/dimensionturistica.com\/es\/wp-content\/uploads\/2026\/04\/2balon-298x300.jpg 298w, https:\/\/dimensionturistica.com\/es\/wp-content\/uploads\/2026\/04\/2balon-150x150.jpg 150w, https:\/\/dimensionturistica.com\/es\/wp-content\/uploads\/2026\/04\/2balon-75x75.jpg 75w\" sizes=\"(max-width: 500px) 100vw, 500px\" \/><\/figure>\n<\/figure>\n\n\n\n<p>A partir de esta fecha, las y los visitantes podr\u00e1n descubrir una serie de vitrinas con objetos originales de los campeonatos de futbol celebrados en el pa\u00eds en 1970, 1971 y 1986. Recuerdos, boletos y curiosidades que nos transportan a momentos inolvidables dentro y fuera de la cancha, cuando el futbol hizo vibrar a todo un pa\u00eds.<\/p>\n\n\n\n<figure class=\"wp-block-gallery has-nested-images columns-default is-cropped wp-block-gallery-2 is-layout-flex wp-block-gallery-is-layout-flex\">\n<figure class=\"wp-block-image size-large\"><img decoding=\"async\" width=\"500\" height=\"844\" data-id=\"1145761\" src=\"https:\/\/dimensionturistica.com\/es\/wp-content\/uploads\/2026\/04\/6balosn.jpg\" alt=\"\" class=\"wp-image-1145761\" srcset=\"https:\/\/dimensionturistica.com\/es\/wp-content\/uploads\/2026\/04\/6balosn.jpg 500w, https:\/\/dimensionturistica.com\/es\/wp-content\/uploads\/2026\/04\/6balosn-178x300.jpg 178w\" sizes=\"(max-width: 500px) 100vw, 500px\" \/><\/figure>\n<\/figure>\n\n\n\n<p>Ubicado en la colonia Roma de la Ciudad de M\u00e9xico, el MODO abre esta invitaci\u00f3n para revivir la emoci\u00f3n, la nostalgia y la historia a trav\u00e9s de objetos que cuentan mucho m\u00e1s de lo que imaginamos.<\/p>\n\n\n\n<figure class=\"wp-block-gallery has-nested-images columns-default is-cropped wp-block-gallery-3 is-layout-flex wp-block-gallery-is-layout-flex\">\n<figure class=\"wp-block-image size-large\"><img decoding=\"async\" width=\"500\" height=\"333\" data-id=\"1145762\" src=\"https:\/\/dimensionturistica.com\/es\/wp-content\/uploads\/2026\/04\/1balon.jpg\" alt=\"\" class=\"wp-image-1145762\" srcset=\"https:\/\/dimensionturistica.com\/es\/wp-content\/uploads\/2026\/04\/1balon.jpg 500w, https:\/\/dimensionturistica.com\/es\/wp-content\/uploads\/2026\/04\/1balon-300x200.jpg 300w\" sizes=\"(max-width: 500px) 100vw, 500px\" \/><\/figure>\n<\/figure>\n\n\n\n<p>Si te apasiona el futbol, la historia o simplemente quieres descubrir algo distinto, esta es la oportunidad perfecta para lanzarte al museo y verlo de cerca.<\/p>\n\n\n\n<p>Ven, recorre La colecci\u00f3n, con todas sus letras y d\u00e9jate sorprender por estas nuevas vitrinas a partir del 5 de mayo.<\/p>\n\n\n\n<p>\u00a1Nos vemos en el MODO!<\/p>\n\n\n\n<figure class=\"wp-block-gallery has-nested-images columns-default is-cropped wp-block-gallery-4 is-layout-flex wp-block-gallery-is-layout-flex\">\n<figure class=\"wp-block-image size-large\"><img decoding=\"async\" width=\"500\" height=\"493\" data-id=\"1145763\" src=\"https:\/\/dimensionturistica.com\/es\/wp-content\/uploads\/2026\/04\/32balon.jpg\" alt=\"\" class=\"wp-image-1145763\" srcset=\"https:\/\/dimensionturistica.com\/es\/wp-content\/uploads\/2026\/04\/32balon.jpg 500w, https:\/\/dimensionturistica.com\/es\/wp-content\/uploads\/2026\/04\/32balon-300x296.jpg 300w, https:\/\/dimensionturistica.com\/es\/wp-content\/uploads\/2026\/04\/32balon-75x75.jpg 75w\" sizes=\"(max-width: 500px) 100vw, 500px\" \/><\/figure>\n<\/figure>\n\n\n\n<p>\u201cEn el MODO contamos historias a trav\u00e9s de los objetos y, en M\u00e9xico, la del futbol es una de las m\u00e1s poderosas. Estas vitrinas nos permiten conectar la memoria colectiva con piezas que despiertan emoci\u00f3n, identidad y nostalgia.\u201d \u2014 Paulina Newman, directora del Museo del Objeto del Objeto (MODO)<\/p>\n\n\n\n<p>15 a\u00f1os de contar historias desde los objetos<\/p>\n\n\n\n<p>Desde su fundaci\u00f3n en 2010, el MODO se ha consolidado como una de las propuestas muse\u00edsticas m\u00e1s originales de M\u00e9xico, con un enfoque poco convencional: mirar la historia y la vida cultural del pa\u00eds a trav\u00e9s de los objetos. Con una colecci\u00f3n que hoy supera los 200,000 objetos, el museo ha presentado exposiciones que se han atrevido a mirar con profundidad lo que muchas veces pasa desapercibido: lo dom\u00e9stico, lo ef\u00edmero, lo cotidiano.<\/p>\n\n\n\n<p>Algunas de sus muestras m\u00e1s memorables incluyen:<\/p>\n\n\n\n<p>\uf0b7 \u201cCiudadan\u00eda, democracia y propaganda pol\u00edtica\u201d, un recorrido por las elecciones presidenciales y la parafernalia que las acompa\u00f1a<\/p>\n\n\n\n<p>\uf0b7 \u201cEl Rock en M\u00e9xico\u201d, la historia del rock y su papel como agente social.<\/p>\n\n\n\n<figure class=\"wp-block-gallery has-nested-images columns-default is-cropped wp-block-gallery-5 is-layout-flex wp-block-gallery-is-layout-flex\">\n<figure class=\"wp-block-image size-large\"><img decoding=\"async\" width=\"500\" height=\"333\" data-id=\"1145764\" src=\"https:\/\/dimensionturistica.com\/es\/wp-content\/uploads\/2026\/04\/8balon.jpg\" alt=\"\" class=\"wp-image-1145764\" srcset=\"https:\/\/dimensionturistica.com\/es\/wp-content\/uploads\/2026\/04\/8balon.jpg 500w, https:\/\/dimensionturistica.com\/es\/wp-content\/uploads\/2026\/04\/8balon-300x200.jpg 300w\" sizes=\"(max-width: 500px) 100vw, 500px\" \/><\/figure>\n<\/figure>\n\n\n\n<p>\uf0b7 \u201cMexicalidad\u201d, un acercamiento al dise\u00f1o de nuevas generaciones mexicanas.<\/p>\n\n\n\n<p>\uf0b7 \u201cObjetos y literatura\u201d, que celebr\u00f3 los objetos de textos universales.<\/p>\n\n\n\n<p>\uf0b7 \u201cLa exposici\u00f3n Sinsentido\u201d, objetos fuera de su contexto natural<\/p>\n\n\n\n<p>Adem\u00e1s de sus exposiciones, el MODO ha desarrollado un programa permanente de responsabilidad social, con talleres y actividades en asilos, albergues, casas hogar, y centros penitenciarios psiqui\u00e1tricos, donde el arte y la memoria se convierten en herramientas de expresi\u00f3n, inclusi\u00f3n y di\u00e1logo.<\/p>\n\n\n\n<p>Con una comunidad activa en redes sociales, m\u00e1s de 5,000 visitantes mensuales y una creciente red de colaboradores y coleccionistas, el MODO ha demostrado que un museo puede ser profundamente riguroso y, al mismo tiempo, cercano, l\u00fadico y emocionante.<\/p>\n\n\n\n<p>Horario:<\/p>\n\n\n\n<p>Martes a domingo, de 10:00 a 18:00 horas<\/p>\n\n\n\n<p>Costo de entrada:<\/p>\n\n\n\n<figure class=\"wp-block-gallery has-nested-images columns-default is-cropped wp-block-gallery-6 is-layout-flex wp-block-gallery-is-layout-flex\">\n<figure class=\"wp-block-image size-large\"><img decoding=\"async\" width=\"500\" height=\"333\" data-id=\"1145765\" src=\"https:\/\/dimensionturistica.com\/es\/wp-content\/uploads\/2026\/04\/55balos.jpg\" alt=\"\" class=\"wp-image-1145765\" srcset=\"https:\/\/dimensionturistica.com\/es\/wp-content\/uploads\/2026\/04\/55balos.jpg 500w, https:\/\/dimensionturistica.com\/es\/wp-content\/uploads\/2026\/04\/55balos-300x200.jpg 300w\" sizes=\"(max-width: 500px) 100vw, 500px\" \/><\/figure>\n<\/figure>\n\n\n\n<p>$80.00 entrada general<\/p>\n\n\n\n<p>$40.00 entrada con descuento para estudiantes, maestros y adultos mayores con credencial<\/p>\n\n\n\n<p>vigente<\/p>\n\n\n\n<p>Lugar:<\/p>\n\n\n\n<p>\ufffd\ufffd Colima 145, Colonia Roma, Ciudad de M\u00e9xico<\/p>\n\n\n\n<p>Facebook, Instagram, Twitter y TikTok:<\/p>\n\n\n\n<p>@museoMODO<\/p>\n\n\n\n<p>Tel\u00e9fono: 55 5533 9635 y 37<\/p>\n\n\n\n<p>Para m\u00e1s informaci\u00f3n sobre la exposici\u00f3n o para coordinar entrevistas, no dude en ponerse en<\/p>\n\n\n\n<p>contacto:!<\/p>\n","protected":false},"excerpt":{"rendered":"<p>Este 5 de mayo, el Museo del Objeto del Objeto (MODO) le pone sabor futbolero a la exposici\u00f3n \u201cLa colecci\u00f3n, con todas sus letras\u201d con la incorporaci\u00f3n de una nueva secci\u00f3n que celebra la pasi\u00f3n mundialista en M\u00e9xico. A partir de esta fecha, las y los visitantes podr\u00e1n descubrir una serie de vitrinas con objetos [&hellip;]<\/p>\n","protected":false},"author":1,"featured_media":1145767,"comment_status":"open","ping_status":"closed","sticky":false,"template":"","format":"standard","meta":{"om_disable_all_campaigns":false,"jnews-multi-image_gallery":[],"jnews_single_post":[],"jnews_primary_category":[],"jnews_social_meta":[],"footnotes":""},"categories":[144872],"tags":[],"class_list":["post-1145756","post","type-post","status-publish","format-standard","has-post-thumbnail","hentry","category-fashion"],"_links":{"self":[{"href":"https:\/\/dimensionturistica.com\/es\/wp-json\/wp\/v2\/posts\/1145756","targetHints":{"allow":["GET"]}}],"collection":[{"href":"https:\/\/dimensionturistica.com\/es\/wp-json\/wp\/v2\/posts"}],"about":[{"href":"https:\/\/dimensionturistica.com\/es\/wp-json\/wp\/v2\/types\/post"}],"author":[{"embeddable":true,"href":"https:\/\/dimensionturistica.com\/es\/wp-json\/wp\/v2\/users\/1"}],"replies":[{"embeddable":true,"href":"https:\/\/dimensionturistica.com\/es\/wp-json\/wp\/v2\/comments?post=1145756"}],"version-history":[{"count":1,"href":"https:\/\/dimensionturistica.com\/es\/wp-json\/wp\/v2\/posts\/1145756\/revisions"}],"predecessor-version":[{"id":1145769,"href":"https:\/\/dimensionturistica.com\/es\/wp-json\/wp\/v2\/posts\/1145756\/revisions\/1145769"}],"wp:featuredmedia":[{"embeddable":true,"href":"https:\/\/dimensionturistica.com\/es\/wp-json\/wp\/v2\/media\/1145767"}],"wp:attachment":[{"href":"https:\/\/dimensionturistica.com\/es\/wp-json\/wp\/v2\/media?parent=1145756"}],"wp:term":[{"taxonomy":"category","embeddable":true,"href":"https:\/\/dimensionturistica.com\/es\/wp-json\/wp\/v2\/categories?post=1145756"},{"taxonomy":"post_tag","embeddable":true,"href":"https:\/\/dimensionturistica.com\/es\/wp-json\/wp\/v2\/tags?post=1145756"}],"curies":[{"name":"wp","href":"https:\/\/api.w.org\/{rel}","templated":true}]}}