{"id":1145742,"date":"2026-04-28T21:16:07","date_gmt":"2026-04-28T21:16:07","guid":{"rendered":"https:\/\/dimensionturistica.com\/es\/?p=1145742"},"modified":"2026-04-28T21:16:07","modified_gmt":"2026-04-28T21:16:07","slug":"el-internet-bajo-presion-apagones-conflictos-armados-y-politicos-ponen-en-jaque-a-la-conectividad","status":"publish","type":"post","link":"https:\/\/dimensionturistica.com\/es\/el-internet-bajo-presion-apagones-conflictos-armados-y-politicos-ponen-en-jaque-a-la-conectividad\/","title":{"rendered":"El Internet bajo presi\u00f3n: apagones, conflictos armados y pol\u00edticos ponen en jaque a la conectividad"},"content":{"rendered":"\n<p>Durante a\u00f1os, las ca\u00eddas de Internet se explicaban principalmente por fallas t\u00e9cnicas o errores humanos. Hoy, ese paradigma est\u00e1 cambiando. De acuerdo con el Q1 2026 Internet Disruptions Report de Cloudflare la conectividad enfrenta una nueva etapa de vulnerabilidad, en la que apagones, decisiones pol\u00edticas y conflictos armados est\u00e1n convergiendo como factores cr\u00edticos que pueden interrumpir el acceso a la red a gran escala.<\/p>\n\n\n\n<p>El reporte documenta un aumento en la frecuencia, duraci\u00f3n e intensidad de las interrupciones, as\u00ed como un cambio en su naturaleza. Ya no se trata \u00fanicamente de incidentes t\u00e9cnicos aislados, sino de eventos sist\u00e9micos que reflejan tensiones estructurales en torno a la infraestructura digital.<\/p>\n\n\n\n<figure class=\"wp-block-gallery has-nested-images columns-default is-cropped wp-block-gallery-1 is-layout-flex wp-block-gallery-is-layout-flex\">\n<figure class=\"wp-block-image size-large\"><img decoding=\"async\" width=\"1024\" height=\"577\" data-id=\"1145743\" src=\"https:\/\/dimensionturistica.com\/es\/wp-content\/uploads\/2026\/04\/unnamed-12-1024x577.png\" alt=\"\" class=\"wp-image-1145743\" srcset=\"https:\/\/dimensionturistica.com\/es\/wp-content\/uploads\/2026\/04\/unnamed-12-1024x577.png 1024w, https:\/\/dimensionturistica.com\/es\/wp-content\/uploads\/2026\/04\/unnamed-12-300x169.png 300w, https:\/\/dimensionturistica.com\/es\/wp-content\/uploads\/2026\/04\/unnamed-12-768x433.png 768w, https:\/\/dimensionturistica.com\/es\/wp-content\/uploads\/2026\/04\/unnamed-12-750x423.png 750w, https:\/\/dimensionturistica.com\/es\/wp-content\/uploads\/2026\/04\/unnamed-12.png 1120w\" sizes=\"(max-width: 1024px) 100vw, 1024px\" \/><\/figure>\n<\/figure>\n\n\n\n<p>Uno de los hallazgos m\u00e1s relevantes es el regreso de los apagones de Internet impulsados por gobiernos. Pa\u00edses como Ir\u00e1n registraron interrupciones deliberadas de conectividad, particularmente en contextos pol\u00edticos sensibles. En Ir\u00e1n, por ejemplo, el tr\u00e1fico de Internet cay\u00f3 pr\u00e1cticamente a cero entre el 8 y el 21 de enero, en uno de los bloqueos m\u00e1s prolongados de los \u00faltimos a\u00f1os. Durante ese periodo, el acceso estuvo restringido mediante mecanismos como filtrado de contenido, listas blancas y tarjetas SIM limitadas, lo que permiti\u00f3 \u00fanicamente el acceso a sitios previamente autorizados por el gobierno.<\/p>\n\n\n\n<p>Este patr\u00f3n tambi\u00e9n se replic\u00f3 en procesos electorales. En la Rep\u00fablica del Congo, el tr\u00e1fico de Internet se desplom\u00f3 a niveles cercanos a cero durante aproximadamente 60 horas en el contexto de la elecci\u00f3n presidencial, reforzando una tendencia observada en ciclos electorales anteriores: la conectividad sigue siendo utilizada como una herramienta de control durante momentos cr\u00edticos.<\/p>\n\n\n\n<p>A estos factores se suma una variable emergente: la entrada directa de la infraestructura digital en zonas de conflicto. Durante el primer trimestre, ataques con drones impactaron centros de datos de Amazon Web Services (AWS) en Medio Oriente, provocando da\u00f1os estructurales, interrupciones en el suministro el\u00e9ctrico y fallas de conexi\u00f3n en servicios asociados. En algunos casos, incluso las acciones para contener incendios generaron da\u00f1os adicionales por agua en la infraestructura. Este tipo de eventos marca un punto de inflexi\u00f3n, al evidenciar que los centros de datos \u2014columna vertebral de la econom\u00eda digital\u2014 ya no est\u00e1n exentos de riesgos propios de escenarios b\u00e9licos.<\/p>\n\n\n\n<p>En paralelo, la fragilidad de la infraestructura energ\u00e9tica contin\u00faa siendo uno de los principales detonantes de interrupciones. En Am\u00e9rica Latina y el Caribe, el reporte documenta m\u00faltiples eventos relevantes. Paraguay registr\u00f3 ca\u00eddas de tr\u00e1fico de hasta 72% tras fallas en su sistema el\u00e9ctrico, mientras que en Rep\u00fablica Dominicana una interrupci\u00f3n significativa en el suministro energ\u00e9tico provoc\u00f3 una disminuci\u00f3n abrupta de la conectividad. El caso m\u00e1s cr\u00edtico fue el de Cuba, donde se reportaron tres colapsos distintos del sistema el\u00e9ctrico nacional en marzo, con ca\u00eddas de tr\u00e1fico de hasta 77% en comparaci\u00f3n con semanas previas.<\/p>\n\n\n\n<p>Europa y \u00c1frica tampoco quedaron exentos. En Portugal, la tormenta Kristin provoc\u00f3 da\u00f1os en infraestructura el\u00e9ctrica que derivaron en ca\u00eddas de tr\u00e1fico de hasta 70% en algunas regiones.<\/p>\n\n\n\n<p>En conjunto, estos eventos reflejan un cambio estructural en la forma en que deben entenderse los riesgos digitales. La resiliencia de Internet ya no depende \u00fanicamente de la robustez de la red, sino de un ecosistema m\u00e1s amplio que incluye estabilidad pol\u00edtica, infraestructura energ\u00e9tica confiable y protecci\u00f3n f\u00edsica de centros de datos y cables de comunicaci\u00f3n.<\/p>\n\n\n\n<p>Para mercados como M\u00e9xico, donde la digitalizaci\u00f3n avanza r\u00e1pidamente en sectores clave como servicios financieros, comercio electr\u00f3nico y servicios p\u00fablicos, este nuevo contexto subraya la importancia de considerar la conectividad como un activo estrat\u00e9gico que puede verse afectado por factores externos a la tecnolog\u00eda misma.<\/p>\n\n\n\n<p>El an\u00e1lisis completo de Cloudflare ofrece un panorama detallado de estos eventos y tendencias a nivel global, as\u00ed como datos espec\u00edficos por pa\u00eds y tipo de incidente.<\/p>\n\n\n\n<p>Para conocer el reporte completo, da clic a este enlace hacia el blog de Cloudflare.<\/p>\n\n\n\n<p><\/p>\n","protected":false},"excerpt":{"rendered":"<p>Durante a\u00f1os, las ca\u00eddas de Internet se explicaban principalmente por fallas t\u00e9cnicas o errores humanos. Hoy, ese paradigma est\u00e1 cambiando. De acuerdo con el Q1 2026 Internet Disruptions Report de Cloudflare la conectividad enfrenta una nueva etapa de vulnerabilidad, en la que apagones, decisiones pol\u00edticas y conflictos armados est\u00e1n convergiendo como factores cr\u00edticos que pueden [&hellip;]<\/p>\n","protected":false},"author":1,"featured_media":1145744,"comment_status":"open","ping_status":"closed","sticky":false,"template":"","format":"standard","meta":{"om_disable_all_campaigns":false,"jnews-multi-image_gallery":[],"jnews_single_post":{"format":"standard"},"jnews_primary_category":[],"jnews_social_meta":[],"footnotes":""},"categories":[40],"tags":[],"class_list":["post-1145742","post","type-post","status-publish","format-standard","has-post-thumbnail","hentry","category-industria"],"_links":{"self":[{"href":"https:\/\/dimensionturistica.com\/es\/wp-json\/wp\/v2\/posts\/1145742","targetHints":{"allow":["GET"]}}],"collection":[{"href":"https:\/\/dimensionturistica.com\/es\/wp-json\/wp\/v2\/posts"}],"about":[{"href":"https:\/\/dimensionturistica.com\/es\/wp-json\/wp\/v2\/types\/post"}],"author":[{"embeddable":true,"href":"https:\/\/dimensionturistica.com\/es\/wp-json\/wp\/v2\/users\/1"}],"replies":[{"embeddable":true,"href":"https:\/\/dimensionturistica.com\/es\/wp-json\/wp\/v2\/comments?post=1145742"}],"version-history":[{"count":1,"href":"https:\/\/dimensionturistica.com\/es\/wp-json\/wp\/v2\/posts\/1145742\/revisions"}],"predecessor-version":[{"id":1145745,"href":"https:\/\/dimensionturistica.com\/es\/wp-json\/wp\/v2\/posts\/1145742\/revisions\/1145745"}],"wp:featuredmedia":[{"embeddable":true,"href":"https:\/\/dimensionturistica.com\/es\/wp-json\/wp\/v2\/media\/1145744"}],"wp:attachment":[{"href":"https:\/\/dimensionturistica.com\/es\/wp-json\/wp\/v2\/media?parent=1145742"}],"wp:term":[{"taxonomy":"category","embeddable":true,"href":"https:\/\/dimensionturistica.com\/es\/wp-json\/wp\/v2\/categories?post=1145742"},{"taxonomy":"post_tag","embeddable":true,"href":"https:\/\/dimensionturistica.com\/es\/wp-json\/wp\/v2\/tags?post=1145742"}],"curies":[{"name":"wp","href":"https:\/\/api.w.org\/{rel}","templated":true}]}}