{"id":1145727,"date":"2026-04-28T20:41:28","date_gmt":"2026-04-28T20:41:28","guid":{"rendered":"https:\/\/dimensionturistica.com\/es\/?p=1145727"},"modified":"2026-04-28T20:41:28","modified_gmt":"2026-04-28T20:41:28","slug":"el-llamado-de-las-aves-por-que-el-pajaro-es-la-tendencia-esta-primavera","status":"publish","type":"post","link":"https:\/\/dimensionturistica.com\/es\/el-llamado-de-las-aves-por-que-el-pajaro-es-la-tendencia-esta-primavera\/","title":{"rendered":"El Llamado de las Aves: Por Qu\u00e9 el P\u00e1jaro Es la Tendencia Esta Primavera"},"content":{"rendered":"<h3>El Renacer de las Plumas: Una Tendencia que Revitaliza la Moda<\/h3>\n<p>La primavera trae consigo un soplo de frescura, y este a\u00f1o, una tendencia aviar se alza con fuerza en las pasarelas y en las calles: el uso de plumas. Desde las marcas de lujo hasta las de fast fashion, las plumas est\u00e1n invadiendo nuestras prendas y accesorios, convirti\u00e9ndose en el detalle que todo conjunto necesita. Pero, \u00bfqu\u00e9 es lo que ha llevado a este material a volar tan alto en el mundo de la moda?<\/p>\n<h4>Plumas Aditivas: Un Toque de Glamour<\/h4>\n<p>Las plumas no son un hallazgo reciente en la moda; han adornado trajes y accesorios por d\u00e9cadas. Sin embargo, este resurgimiento se caracteriza por un enfoque audaz y contempor\u00e1neo. Dise\u00f1adores est\u00e1n experimentando con estos elementos para a\u00f1adir un toque teatral y exuberante a sus colecciones. Desde chaquetas y faldas que parecen tener vida propia, hasta delicados toques en blusas, las plumas aportan un efecto din\u00e1mico que capta todas las miradas.<\/p>\n<p>Al incorporar plumas en siluetas modernas, se logra no solo un estilo elegante, sino una est\u00e9tica que desaf\u00eda la rutina diaria de vestimenta. Las pasarelas han visto c\u00f3mo las plumas transforman un simple look en una declaraci\u00f3n arriesgada y sofisticada.<\/p>\n<h4>M\u00e1s que un Accesorio: La Sostenibilidad en el Dise\u00f1o<\/h4>\n<p>La industria de la moda se enfrenta a la creciente presi\u00f3n por pr\u00e1cticas sostenibles, y el uso de plumas en este \u00e1mbito tambi\u00e9n est\u00e1 evolucionando. Las marcas est\u00e1n introduciendo variantes de origen \u00e9tico, as\u00ed como alternativas sint\u00e9ticas que ofrecen la misma textura y visual sin comprometer el bienestar animal. Esta combinaci\u00f3n de lujo y conciencia ambiental est\u00e1 capturando la atenci\u00f3n de una nueva generaci\u00f3n de consumidores que valoran tanto el estilo como la sostenibilidad.<\/p>\n<h4>Un Sello de Identidad<\/h4>\n<p>Celebrities y figuras influyentes han adoptado la tendencia con entusiasmo, contribuyendo a su popularidad. Iconos de la moda han sido vistos luciendo plumas en eventos de alto perfil, convirtiendo estos detalles en un sello de identidad y elegancia. Las plumas se est\u00e1n convirtiendo en un s\u00edmbolo de audacia, permitiendo que quienes las lucen se expresen sin l\u00edmites.<\/p>\n<h4>Versatilidad en el Vestir<\/h4>\n<p>Una de las grandes ventajas de las plumas es su versatilidad. Pueden ser utilizadas para elevar un look casual o para realzar un conjunto de noche. Desde el cl\u00e1sico estilo bohemio hasta la sofisticaci\u00f3n moderna, las plumas a\u00f1aden un elemento de sorpresa y diversi\u00f3n. Ya sea en una chaqueta de plumas ligeras o en un vestido que fluye con el movimiento, este detalle proporciona un aire festivo y alegre, ideal para la temporada primaveral.<\/p>\n<h4>Llega la Primavera<\/h4>\n<p>Con la llegada de la primavera, la moda da la bienvenida a este renacer plum\u00edfero. Las tiendas se llenan de creatividad, y las colecciones est\u00e1n dise\u00f1adas para inspirar. Las plumas no solo son un accesorio; han evolucionado a ser un elemento clave en la moda contempor\u00e1nea. La alegr\u00eda, la libertad y la innovaci\u00f3n son los caracteres que definen esta tendencia, y es innegable que se han instalado en el coraz\u00f3n de la primavera, prometiendo un despliegue de color y textura.<\/p>\n<p>As\u00ed que, cuando pienses en tu pr\u00f3ximo atuendo primaveral, no olvides considerar las plumas. Este es el momento de dejarse llevar por esta tendencia que est\u00e1 tomando vuelo y que tiene mucho que ofrecer. Ad\u00e9ntrate en esta moda intrigante y permite que tu estilo se eleve a nuevas alturas.<\/p>\n<p><em> &#8221; Fuentes www.vogue.com &#8221; <\/em><\/p>\n","protected":false},"excerpt":{"rendered":"<p>El Renacer de las Plumas: Una Tendencia que Revitaliza la Moda La primavera trae consigo un soplo de frescura, y este a\u00f1o, una tendencia aviar se alza con fuerza en las pasarelas y en las calles: el uso de plumas. Desde las marcas de lujo hasta las de fast fashion, las plumas est\u00e1n invadiendo nuestras [&hellip;]<\/p>\n","protected":false},"author":14,"featured_media":1145728,"comment_status":"open","ping_status":"closed","sticky":false,"template":"","format":"standard","meta":{"om_disable_all_campaigns":false,"jnews-multi-image_gallery":[],"jnews_single_post":[],"jnews_primary_category":[],"jnews_social_meta":[],"footnotes":""},"categories":[144872],"tags":[277378,72867,277379,107744,82081,130366,72486,166,69196,80898,95711,217471,198500,373,209,107559],"class_list":["post-1145727","post","type-post","status-publish","format-standard","has-post-thumbnail","hentry","category-fashion","tag-avian","tag-beauty","tag-bird-species","tag-birds","tag-birdwatching","tag-conservation","tag-ecology","tag-fashion","tag-nature","tag-outdoor-activities","tag-spring","tag-storytypereporting","tag-textabovecenterfullbleed","tag-web","tag-wellness","tag-wildlife"],"_links":{"self":[{"href":"https:\/\/dimensionturistica.com\/es\/wp-json\/wp\/v2\/posts\/1145727","targetHints":{"allow":["GET"]}}],"collection":[{"href":"https:\/\/dimensionturistica.com\/es\/wp-json\/wp\/v2\/posts"}],"about":[{"href":"https:\/\/dimensionturistica.com\/es\/wp-json\/wp\/v2\/types\/post"}],"author":[{"embeddable":true,"href":"https:\/\/dimensionturistica.com\/es\/wp-json\/wp\/v2\/users\/14"}],"replies":[{"embeddable":true,"href":"https:\/\/dimensionturistica.com\/es\/wp-json\/wp\/v2\/comments?post=1145727"}],"version-history":[{"count":1,"href":"https:\/\/dimensionturistica.com\/es\/wp-json\/wp\/v2\/posts\/1145727\/revisions"}],"predecessor-version":[{"id":1145729,"href":"https:\/\/dimensionturistica.com\/es\/wp-json\/wp\/v2\/posts\/1145727\/revisions\/1145729"}],"wp:featuredmedia":[{"embeddable":true,"href":"https:\/\/dimensionturistica.com\/es\/wp-json\/wp\/v2\/media\/1145728"}],"wp:attachment":[{"href":"https:\/\/dimensionturistica.com\/es\/wp-json\/wp\/v2\/media?parent=1145727"}],"wp:term":[{"taxonomy":"category","embeddable":true,"href":"https:\/\/dimensionturistica.com\/es\/wp-json\/wp\/v2\/categories?post=1145727"},{"taxonomy":"post_tag","embeddable":true,"href":"https:\/\/dimensionturistica.com\/es\/wp-json\/wp\/v2\/tags?post=1145727"}],"curies":[{"name":"wp","href":"https:\/\/api.w.org\/{rel}","templated":true}]}}