{"id":114572,"date":"2021-04-16T14:03:37","date_gmt":"2021-04-16T14:03:37","guid":{"rendered":"https:\/\/dimensionturistica.com\/es\/?p=114572"},"modified":"2021-04-16T14:03:37","modified_gmt":"2021-04-16T14:03:37","slug":"agentes-de-provial-se-especializan-en-primeros-auxilios-noticias-ultima-hora-de-guatemala","status":"publish","type":"post","link":"https:\/\/dimensionturistica.com\/es\/agentes-de-provial-se-especializan-en-primeros-auxilios-noticias-ultima-hora-de-guatemala\/","title":{"rendered":"Agentes de Provial se especializan en primeros auxilios \u2013 Noticias \u00daltima Hora de Guatemala"},"content":{"rendered":"<p> <br \/>\n<\/p>\n<div>\n<p style=\"text-align:right\"><strong>Hoy concluyen las reuniones del Ejecutivo con los jefes ediles de los 340 municipios del pa\u00eds.<\/strong><\/p>\n<p>Con la reuni\u00f3n entre ministros y secretarios del Ejecutivo y los alcaldes de Guatemala y Sacatep\u00e9quez, concluyen hoy los encuentros que, desde el 18 de marzo, tuvo cada semana el Gobierno con los jefes ediles de los 340 municipios del pa\u00eds, en seguimiento a los 205 compromisos adquiridos por el presidente Alejandro Giammattei durante una gira nacional efectuada a principios de a\u00f1o en los departamentos.\u00a0<\/p>\n<p>La citada metodolog\u00eda de trabajo, que se implementa por primera vez en la historia reciente del pa\u00eds, permite a los jefes ediles dialogar con los titulares de las diferentes carteras para buscar mejores niveles de coordinaci\u00f3n en la ejecuci\u00f3n de obras, asegur\u00f3\u00a0 \u00c1lvaro\u00a0 D\u00edaz, titular de la Secretar\u00eda de Coordinaci\u00f3n Ejecutiva de la Presidencia (SCEP).<\/p>\n<blockquote style=\"text-align:center\" class=\"wp-block-quote is-style-large\">\n<p><strong>205<\/strong><br \/>compromisos se adquirieron durante <br \/>la gira presidencial. <\/p>\n<\/blockquote>\n<p>Los encuentros han servido para dialogar sobre proyectos de agua potable, saneamiento, desarrollo agr\u00edcola y centros de acopio, agreg\u00f3 D\u00edaz. El funcionario dijo que los jefes ediles \u201chan\u00a0 tenido una actitud muy proactiva\u201d durante las reuniones y \u201cmucho deseo de llevar cooperaci\u00f3n y m\u00e1s proyectos de desarrollo a sus municipios\u201d.\u00a0<\/p>\n<p>En la pen\u00faltima reuni\u00f3n, llevada a cabo ayer en el Sal\u00f3n Banderas del Palacio Nacional de la Cultura, D\u00edaz elogi\u00f3 la eficiencia en la ejecuci\u00f3n de proyectos de desarrollo de los jefes ediles de Pet\u00e9n.\u00a0<\/p>\n<p style=\"background-color:#063a50;color:#ffffff;text-align:center\" class=\"has-text-color has-background\"><strong>\u201c<\/strong>Los encuentros han servido para coordinar y dialogar sobre proyectos de desarrollo.<strong>\u201d<\/strong>\u00a0<strong>\u00c1lvaro D\u00edaz<\/strong><em> Titular de la SCEP<\/em><\/p>\n<p>Es el \u201cdepartamento m\u00e1s lejano de la capital pero, en t\u00e9rminos de ejecuci\u00f3n y desarrollo rural, van muy bien. Ellos ocupan el segundo lugar detr\u00e1s de Solol\u00e1\u201d, dijo.\u00a0<\/p>\n<p>Explic\u00f3 que, en 2020, de Q111 millones que se les asignaron, ejecutaron Q108 millones, y de 191 obras que se planificaron, se <br \/>concretaron 181.\u00a0<\/p>\n<p>\u201cEs el departamento que a estas alturas ya termin\u00f3 de formular sus proyectos, tiene todos los avales, ya se firman convenios y se ejecutan o est\u00e1n por empezar a ejecutarse. Es un buen ejemplo para el resto de departamentos\u201d, concluy\u00f3.\u00a0<\/p>\n<div id=\"sexy-author-bio\" style=\"\" class=\"rodrigo-p\u00e9rez\">\n<div id=\"sab-gravatar\"><a rel=\"nofollow noopener\" target=\"_blank\" href=\"https:\/\/dca.gob.gt\/noticias-guatemala-diario-centro-america\/author\/rperez\/\"><img decoding=\"async\" src=\"data:image\/gif;base64,R0lGODlhAQABAIAAAAAAAP\/\/\/yH5BAEAAAAALAAAAAABAAEAAAIBRAA7\" data-lazy-type=\"image\" data-lazy-src=\"https:\/\/secure.gravatar.com\/avatar\/92eee86f0d1e10b3b1b4da476e4b148d?s=24&amp;r=g\" width=\"24\" height=\"24\" alt=\"Rodrigo P\u00e9rez\" class=\"lazy lazy-hidden avatar avatar-24 wp-user-avatar wp-user-avatar-24 photo avatar-default\"\/><noscript><img decoding=\"async\" src=\"https:\/\/secure.gravatar.com\/avatar\/92eee86f0d1e10b3b1b4da476e4b148d?s=24&amp;r=g\" width=\"24\" height=\"24\" alt=\"Rodrigo P\u00e9rez\" class=\"avatar avatar-24 wp-user-avatar wp-user-avatar-24 photo avatar-default\"\/><\/noscript><\/a><\/div>\n<\/div><\/div>\n\n<p><em> &#8221; Fuentes dca.gob.gt &#8221; <\/em><\/p>\n","protected":false},"excerpt":{"rendered":"<p>Hoy concluyen las reuniones del Ejecutivo con los jefes ediles de los 340 municipios del pa\u00eds. Con la reuni\u00f3n entre ministros y secretarios del Ejecutivo y los alcaldes de Guatemala y Sacatep\u00e9quez, concluyen hoy los encuentros que, desde el 18 de marzo, tuvo cada semana el Gobierno con los jefes ediles de los 340 municipios [&hellip;]<\/p>\n","protected":false},"author":4,"featured_media":114573,"comment_status":"open","ping_status":"closed","sticky":false,"template":"","format":"standard","meta":{"om_disable_all_campaigns":false,"jnews-multi-image_gallery":[],"jnews_single_post":[],"jnews_primary_category":[],"jnews_social_meta":[],"footnotes":""},"categories":[40],"tags":[],"class_list":["post-114572","post","type-post","status-publish","format-standard","has-post-thumbnail","hentry","category-industria"],"_links":{"self":[{"href":"https:\/\/dimensionturistica.com\/es\/wp-json\/wp\/v2\/posts\/114572","targetHints":{"allow":["GET"]}}],"collection":[{"href":"https:\/\/dimensionturistica.com\/es\/wp-json\/wp\/v2\/posts"}],"about":[{"href":"https:\/\/dimensionturistica.com\/es\/wp-json\/wp\/v2\/types\/post"}],"author":[{"embeddable":true,"href":"https:\/\/dimensionturistica.com\/es\/wp-json\/wp\/v2\/users\/4"}],"replies":[{"embeddable":true,"href":"https:\/\/dimensionturistica.com\/es\/wp-json\/wp\/v2\/comments?post=114572"}],"version-history":[{"count":0,"href":"https:\/\/dimensionturistica.com\/es\/wp-json\/wp\/v2\/posts\/114572\/revisions"}],"wp:featuredmedia":[{"embeddable":true,"href":"https:\/\/dimensionturistica.com\/es\/wp-json\/wp\/v2\/media\/114573"}],"wp:attachment":[{"href":"https:\/\/dimensionturistica.com\/es\/wp-json\/wp\/v2\/media?parent=114572"}],"wp:term":[{"taxonomy":"category","embeddable":true,"href":"https:\/\/dimensionturistica.com\/es\/wp-json\/wp\/v2\/categories?post=114572"},{"taxonomy":"post_tag","embeddable":true,"href":"https:\/\/dimensionturistica.com\/es\/wp-json\/wp\/v2\/tags?post=114572"}],"curies":[{"name":"wp","href":"https:\/\/api.w.org\/{rel}","templated":true}]}}