{"id":114566,"date":"2021-04-16T13:57:26","date_gmt":"2021-04-16T13:57:26","guid":{"rendered":"https:\/\/dimensionturistica.com\/es\/?p=114566"},"modified":"2021-04-16T13:57:26","modified_gmt":"2021-04-16T13:57:26","slug":"valencia-turisme-se-promociona-en-los-mercados-de-polonia-y-el-benelux","status":"publish","type":"post","link":"https:\/\/dimensionturistica.com\/es\/valencia-turisme-se-promociona-en-los-mercados-de-polonia-y-el-benelux\/","title":{"rendered":"Val\u00e8ncia Turisme se promociona en los mercados de Polonia y el Benelux"},"content":{"rendered":"<p> <br \/>\n<\/p>\n<div id=\"post-text\">\n<p>Val\u00e8ncia Turisme lleva este mes de abril la oferta tur\u00edstica de la provincia a dos nuevas citas del sector en Polonia y la zona del Benelux, en coordinaci\u00f3n con Turisme Comunitat Valenciana y en el marco de las acciones de promoci\u00f3n organizadas por Turespa\u00f1a con mercados, turoperadores y agentes de viajes durante este a\u00f1o.<\/p>\n<p>La marca tur\u00edstica de la Diputaci\u00f3n de Val\u00e8ncia participar\u00e1 por primera vez en la Meet Hiszpania de las Jornadas Directas Polonia 2021, que\u00a0 se celebrar\u00e1n del 20 al 23 de abril v\u00eda on line, donde mantendr\u00e1 diversos encuentros multimercado sobre destinos de sol y playa, y productos de turismo acquainted, gastronom\u00eda y enoturismo, turismo activo y cicloturismo.<\/p>\n<p>Por otra parte, y siguiendo la estrategia de su Plan de Actuaciones 2021, Val\u00e8ncia Turisme participar\u00e1 un a\u00f1o m\u00e1s en el certamen Fiets en Wandelbeurs, para el mercado de Benelux.<\/p>\n<p>Se trata de una feria destinada al producto de cicloturismo, que se celebrar\u00e1 los d\u00edas 23 y 24 de abril, y en el que la marca de la Diputaci\u00f3n ha participado hasta ahora de manera presencial, en colaboraci\u00f3n con Turisme Comunitat Valenciana y empresarios locales.<\/p>\n<p>En esta ocasi\u00f3n, la Fiets Wandelbeurs tiene un formato on line y ser\u00e1 abierta al p\u00fablico y atendida por t\u00e9cnicos de la provincia pertenecientes a Ribera del X\u00faquer, Cullera y la Mancomunitat de\u00a0 la Vall d\u2019Albaida, adem\u00e1s de contar con la colaboraci\u00f3n de empresas que ofertan el cicloturismo en la provincia de Val\u00e8ncia.<\/p>\n<p>La pr\u00e1ctica del cicloturismo ha crecido exponencialmente en este territorio durante los \u00faltimos a\u00f1os y se ha consolidado como un recurso complementario a otras actividades relacionadas con el turismo activo, cultural o gastron\u00f3mico.<\/p>\n<p>La afici\u00f3n al cicloturismo tambi\u00e9n es notable entre los residentes y visitantes de la provincia de Val\u00e8ncia, por lo que Val\u00e8ncia Turisme prepara actualmente la publicaci\u00f3n de una gu\u00eda especifica sobre esta actividad en nuestro territorio.<\/p>\n<\/div>\n\n<p><em> &#8221; Fuentes www.elperiodic.com &#8221; <\/em><\/p>\n","protected":false},"excerpt":{"rendered":"<p>Val\u00e8ncia Turisme lleva este mes de abril la oferta tur\u00edstica de la provincia a dos nuevas citas del sector en Polonia y la zona del Benelux, en coordinaci\u00f3n con Turisme Comunitat Valenciana y en el marco de las acciones de promoci\u00f3n organizadas por Turespa\u00f1a con mercados, turoperadores y agentes de viajes durante este a\u00f1o. La [&hellip;]<\/p>\n","protected":false},"author":4,"featured_media":114567,"comment_status":"open","ping_status":"closed","sticky":false,"template":"","format":"standard","meta":{"om_disable_all_campaigns":false,"jnews-multi-image_gallery":[],"jnews_single_post":[],"jnews_primary_category":[],"jnews_social_meta":[],"footnotes":""},"categories":[40],"tags":[],"class_list":["post-114566","post","type-post","status-publish","format-standard","has-post-thumbnail","hentry","category-industria"],"_links":{"self":[{"href":"https:\/\/dimensionturistica.com\/es\/wp-json\/wp\/v2\/posts\/114566","targetHints":{"allow":["GET"]}}],"collection":[{"href":"https:\/\/dimensionturistica.com\/es\/wp-json\/wp\/v2\/posts"}],"about":[{"href":"https:\/\/dimensionturistica.com\/es\/wp-json\/wp\/v2\/types\/post"}],"author":[{"embeddable":true,"href":"https:\/\/dimensionturistica.com\/es\/wp-json\/wp\/v2\/users\/4"}],"replies":[{"embeddable":true,"href":"https:\/\/dimensionturistica.com\/es\/wp-json\/wp\/v2\/comments?post=114566"}],"version-history":[{"count":0,"href":"https:\/\/dimensionturistica.com\/es\/wp-json\/wp\/v2\/posts\/114566\/revisions"}],"wp:featuredmedia":[{"embeddable":true,"href":"https:\/\/dimensionturistica.com\/es\/wp-json\/wp\/v2\/media\/114567"}],"wp:attachment":[{"href":"https:\/\/dimensionturistica.com\/es\/wp-json\/wp\/v2\/media?parent=114566"}],"wp:term":[{"taxonomy":"category","embeddable":true,"href":"https:\/\/dimensionturistica.com\/es\/wp-json\/wp\/v2\/categories?post=114566"},{"taxonomy":"post_tag","embeddable":true,"href":"https:\/\/dimensionturistica.com\/es\/wp-json\/wp\/v2\/tags?post=114566"}],"curies":[{"name":"wp","href":"https:\/\/api.w.org\/{rel}","templated":true}]}}