{"id":1145633,"date":"2026-04-28T18:29:29","date_gmt":"2026-04-28T18:29:29","guid":{"rendered":"https:\/\/dimensionturistica.com\/es\/?p=1145633"},"modified":"2026-04-28T18:30:31","modified_gmt":"2026-04-28T18:30:31","slug":"presenta-vml-the-future-100-latam-2026-la-incertidumbre-como-motor-cultural-economico-y-creativo","status":"publish","type":"post","link":"https:\/\/dimensionturistica.com\/es\/presenta-vml-the-future-100-latam-2026-la-incertidumbre-como-motor-cultural-economico-y-creativo\/","title":{"rendered":"Presenta VML. The Future 100 Latam 2026:\u00a0 la incertidumbre como motor cultural, econ\u00f3mico y creativo"},"content":{"rendered":"\n<p>En un contexto global atravesado por la incertidumbre y la sensaci\u00f3n creciente de \u201cdisoptimismo\u201d (estado de \u00e1nimo colectivo que reconoce un presente de crisis y la sensaci\u00f3n de p\u00e9rdida de rumbo pero al mismo tiempo busca posibilidades de reconstrucci\u00f3n), VML presenta The Future 100 Latam 2026, una mirada que no se limita a traducir las tendencias globales, sino que captura c\u00f3mo las fuerzas culturales, sociales y tecnol\u00f3gicas de Am\u00e9rica Latina est\u00e1n impactando al mundo.<\/p>\n\n\n\n<p>Mientras otras regiones intentan adaptarse a la inestabilidad, Latinoam\u00e9rica demuestra que lleva d\u00e9cadas entren\u00e1ndose para habitar la complejidad. Esta nueva edici\u00f3n&nbsp; propone un marco claro para las marcas que quieran ser relevantes en una regi\u00f3n que combina resiliencia, creatividad y optimismo estructural.<\/p>\n\n\n\n<p>\u201cLatinoam\u00e9rica no responde a la incertidumbre con par\u00e1lisis, sino con reinvenci\u00f3n\u201d, se\u00f1ala Ernest Riba, Chief Strategy Officer Latam de VML. \u201cMientras otros enfrentan el contexto como adversidad, en Latinoam\u00e9rica le damos la bienvenida a nuestra particular forma de habitar el mundo. Este reporte muestra c\u00f3mo nuestra regi\u00f3n transforma la inestabilidad en motor cultural, econ\u00f3mico y creativo\u201d.<\/p>\n\n\n\n<p>Tendencias clave para 2026:<\/p>\n\n\n\n<figure class=\"wp-block-gallery has-nested-images columns-default is-cropped wp-block-gallery-1 is-layout-flex wp-block-gallery-is-layout-flex\">\n<figure class=\"wp-block-image size-large\"><img decoding=\"async\" width=\"500\" height=\"281\" data-id=\"1145635\" src=\"https:\/\/dimensionturistica.com\/es\/wp-content\/uploads\/2026\/04\/3FUTURE.jpg\" alt=\"\" class=\"wp-image-1145635\" srcset=\"https:\/\/dimensionturistica.com\/es\/wp-content\/uploads\/2026\/04\/3FUTURE.jpg 500w, https:\/\/dimensionturistica.com\/es\/wp-content\/uploads\/2026\/04\/3FUTURE-300x169.jpg 300w\" sizes=\"(max-width: 500px) 100vw, 500px\" \/><\/figure>\n<\/figure>\n\n\n\n<p>En una regi\u00f3n acostumbrada a la transformaci\u00f3n constante, lo inacabado, lo flexible y lo intervenido se vuelven c\u00f3digos culturales dominantes. En Entropismo la est\u00e9tica de lo imperfecto deja de ser marginal para convertirse en mainstream.&nbsp; Esa misma l\u00f3gica se refleja en Ciudades Adaptables, donde proyectos como MUT en Chile u Ola Palermo en Buenos Aires demuestran que los espacios urbanos deben fluir entre trabajo, ocio y comunidad para sobrevivir, acompa\u00f1ando nuevas din\u00e1micas sociales y econ\u00f3micas.<\/p>\n\n\n\n<p>El optimismo latino coloca a la identidad como ventaja competitiva Frente al \u201cdisoptimismo\u201d global, Latinoam\u00e9rica lidera como la regi\u00f3n m\u00e1s optimista del planeta. La cultura se despliega con orgullo y se exporta sin complejos, del fen\u00f3meno global de la m\u00fasica urbana al funk brasile\u00f1o y el regional mexicano, la identidad deja de ser local para convertirse en influencia global. El mismo fen\u00f3meno se evidencia en Creatividad Sin Fronteras: historias locales como \u201cEl Eternauta\u201d conquistan rankings internacionales, mientras el arte amaz\u00f3nico irrumpe en escenarios como la Bienal de Venecia lo que pone en evidencia c\u00f3mo la regi\u00f3n ya no adapta tendencias sino que las genero.<\/p>\n\n\n\n<p>Esta revalorizaci\u00f3n cultural tambi\u00e9n impacta en las marcas. En El Regreso de la Herencia el pasado se transforma en refugio estrat\u00e9gico. Desde el rescate de marcas ic\u00f3nicas hasta el auge del merchandising retro deportivo, la nostalgia opera como ancla de certeza en tiempos vol\u00e1tiles.<\/p>\n\n\n\n<p>La b\u00fasqueda de bienestar social y microcatarsis econ\u00f3mica es persistente en la regi\u00f3n. El deseo de cambio estructural es claro: el 44% de la poblaci\u00f3n latinoamericana identifica la salud mental como un problema cr\u00edtico, por encima del promedio global. En respuesta, emerge la tendencia Social Health, con festivales secretos, c\u00edrculos de apoyo comunitario y nuevos \u201cterceros espacios\u201d que combaten la epidemia de soledad. Al mismo tiempo, frente a restricciones econ\u00f3micas persistentes, se consolida la Treatonomics como \u201cpeque\u00f1os lujos accesibles\u201d que funcionan como dosis cotidianas de bienestar: desde blind boxes hasta chocolates premium, los micro-placeres se convierten en estrategia emocional de supervivencia.<\/p>\n\n\n\n<p>Latinoam\u00e9rica no adopta la tecnolog\u00eda de forma pasiva sino que la adapta, la reinterpreta y la regionaliza. Con 89% de adopci\u00f3n de IA -7 puntos por encima del promedio global- la regi\u00f3n marca el ritmo en nuevos usos tecnol\u00f3gicos. La Omnivigilancia avanza, pero no sin resistencias y frenos: 92% afirma que quiere tener mayor control sobre sus datos y sobre qui\u00e9n puede acceder a ellos. En b\u00fasqueda de Regionalizar los LLMs iniciativas como Latam-GPT buscan desafiar el sesgo angloc\u00e9ntrico de los modelos de lenguaje, incorporando matices culturales y ling\u00fc\u00edsticos propios. A la vez, los formatos narrativos tradicionales evolucionan en Micro Dramas donde la herencia de la telenovela se reinventa en la verticalidad de TikTok.<\/p>\n\n\n\n<p>\u201cEn 2026 no habr\u00e1 espacio para marcas conservadoras. Mientras el mundo busca verdad, en Latinoam\u00e9rica se suman identidad y utilidad. Las oportunidades crecen para aquellas marcas que operen como infraestructura de vida: cerrando brechas educativas mediante programas de Alfabetizaci\u00f3n Financiera o generando espacios de pertenencia reales\u201d, expresa Riba.<\/p>\n\n\n\n<p>Finalmente, esta edici\u00f3n incorpora un \u201c\u00c1ngulo Mundial\u201d, con extensiones especiales que analizan c\u00f3mo el fen\u00f3meno de la Copa Mundial y el fanatismo futbolero act\u00faa como acelerador cultural global, poniendo a la regi\u00f3n en el centro de la conversaci\u00f3n internacional.<\/p>\n\n\n\n<p>The Future 100 Latam 2026 ofrece un marco estrat\u00e9gico para l\u00edderes, marketers e innovadores que busquen comprender hacia d\u00f3nde se dirige la regi\u00f3n y c\u00f3mo capitalizar su energ\u00eda cultural.<\/p>\n\n\n\n<p>El reporte completo puede descargarse aqu\u00ed<\/p>\n","protected":false},"excerpt":{"rendered":"<p>En un contexto global atravesado por la incertidumbre y la sensaci\u00f3n creciente de \u201cdisoptimismo\u201d (estado de \u00e1nimo colectivo que reconoce un presente de crisis y la sensaci\u00f3n de p\u00e9rdida de rumbo pero al mismo tiempo busca posibilidades de reconstrucci\u00f3n), VML presenta The Future 100 Latam 2026, una mirada que no se limita a traducir las [&hellip;]<\/p>\n","protected":false},"author":1,"featured_media":1145637,"comment_status":"open","ping_status":"closed","sticky":false,"template":"","format":"standard","meta":{"om_disable_all_campaigns":false,"jnews-multi-image_gallery":[],"jnews_single_post":{"format":"standard"},"jnews_primary_category":[],"jnews_social_meta":[],"footnotes":""},"categories":[144872],"tags":[],"class_list":["post-1145633","post","type-post","status-publish","format-standard","has-post-thumbnail","hentry","category-fashion"],"_links":{"self":[{"href":"https:\/\/dimensionturistica.com\/es\/wp-json\/wp\/v2\/posts\/1145633","targetHints":{"allow":["GET"]}}],"collection":[{"href":"https:\/\/dimensionturistica.com\/es\/wp-json\/wp\/v2\/posts"}],"about":[{"href":"https:\/\/dimensionturistica.com\/es\/wp-json\/wp\/v2\/types\/post"}],"author":[{"embeddable":true,"href":"https:\/\/dimensionturistica.com\/es\/wp-json\/wp\/v2\/users\/1"}],"replies":[{"embeddable":true,"href":"https:\/\/dimensionturistica.com\/es\/wp-json\/wp\/v2\/comments?post=1145633"}],"version-history":[{"count":1,"href":"https:\/\/dimensionturistica.com\/es\/wp-json\/wp\/v2\/posts\/1145633\/revisions"}],"predecessor-version":[{"id":1145636,"href":"https:\/\/dimensionturistica.com\/es\/wp-json\/wp\/v2\/posts\/1145633\/revisions\/1145636"}],"wp:featuredmedia":[{"embeddable":true,"href":"https:\/\/dimensionturistica.com\/es\/wp-json\/wp\/v2\/media\/1145637"}],"wp:attachment":[{"href":"https:\/\/dimensionturistica.com\/es\/wp-json\/wp\/v2\/media?parent=1145633"}],"wp:term":[{"taxonomy":"category","embeddable":true,"href":"https:\/\/dimensionturistica.com\/es\/wp-json\/wp\/v2\/categories?post=1145633"},{"taxonomy":"post_tag","embeddable":true,"href":"https:\/\/dimensionturistica.com\/es\/wp-json\/wp\/v2\/tags?post=1145633"}],"curies":[{"name":"wp","href":"https:\/\/api.w.org\/{rel}","templated":true}]}}