{"id":1145580,"date":"2026-04-28T16:23:40","date_gmt":"2026-04-28T16:23:40","guid":{"rendered":"https:\/\/dimensionturistica.com\/es\/?p=1145580"},"modified":"2026-04-28T16:23:40","modified_gmt":"2026-04-28T16:23:40","slug":"jenny-walton-celebro-el-lanzamiento-de-su-nuevo-libro-jenny-sais-quoi-con-una-semana-de-festividades-en-the-carlyle","status":"publish","type":"post","link":"https:\/\/dimensionturistica.com\/es\/jenny-walton-celebro-el-lanzamiento-de-su-nuevo-libro-jenny-sais-quoi-con-una-semana-de-festividades-en-the-carlyle\/","title":{"rendered":"Jenny Walton Celebr\u00f3 el Lanzamiento de su Nuevo Libro &#8220;Jenny Sais Quoi&#8221; con una Semana de Festividades en The Carlyle."},"content":{"rendered":"<h3>Celebraci\u00f3n del Estilo: Una Noche de Glamour en The Carlyle<\/h3>\n<p>La noche en que el emblem\u00e1tico hotel The Carlyle se convirti\u00f3 en el epicentro de la moda y la creatividad, reuni\u00f3 a personalidades influyentes del mundo del arte y la est\u00e9tica en un evento inolvidable. Este encuentro no fue solo una convivencia social, sino un despliegue deslumbrante de estilo que destac\u00f3 la singularidad de cada asistente.<\/p>\n<h4>Un Entorno Ic\u00f3nico<\/h4>\n<p>The Carlyle, conocido por su sofisticaci\u00f3n, proporcion\u00f3 el escenario perfecto, como un lienzo en blanco que complement\u00f3 la creatividad de los invitados. Sus elegantes salones y la atm\u00f3sfera cl\u00e1sica transformaron la noche en una experiencia visual cautivadora.<\/p>\n<h4>Moda que Habla<\/h4>\n<p>Cada invitado lleg\u00f3 con un atuendo que contaba su propia historia. Desde vestidos de alta costura hasta accesorios \u00fanicos, la propuesta est\u00e9tica de cada individuo no solo reflejaba tendencias, sino tambi\u00e9n una profunda conexi\u00f3n con la identidad personal. Los detalles en los accesorios, la elecci\u00f3n de colores y las texturas convergieron en una celebraci\u00f3n de la individualidad.<\/p>\n<p>Adem\u00e1s, las influencias del arte contempor\u00e1neo se hicieron visibles, estableciendo un di\u00e1logo entre la moda y la creatividad. El evento no solo fue una muestra de vestuario, sino un homenaje a la intersecci\u00f3n entre estos dos mundos.<\/p>\n<h4>Un Encuentro de Mentes Creativas<\/h4>\n<p>Entre los asistentes, se encontraban algunos de los nombres m\u00e1s destacados de la industria. Artistas, dise\u00f1adores y cr\u00edticos se juntaron, creando un ambiente propicio para el intercambio de ideas y la inspiraci\u00f3n. Las conversaciones flu\u00edan como el champ\u00e1n, con cada palabra elevando el sentido de comunidad y colaboraci\u00f3n que impulsa la moda hoy en d\u00eda.<\/p>\n<p>Este espacio se convirti\u00f3 en una plataforma para que las voces emergentes compartieran su visi\u00f3n. Las risas y las an\u00e9cdotas compartidas resonaban, creando una sensaci\u00f3n de pertenencia y conexi\u00f3n entre todos los presentes.<\/p>\n<h4>La  Est\u00e9tica del Espacio<\/h4>\n<p>Como si se tratara de una obra de arte, la ambientaci\u00f3n fue cuidadosamente curada. Las luces suaves y la decoraci\u00f3n elegante acentuaron la atm\u00f3sfera m\u00e1gica del evento. El paisaje sensorial invit\u00f3 a los asistentes a sumergirse en la experiencia, fundiendo la exquisitez del lugar con la creatividad de sus visitantes.<\/p>\n<h4>Capturando el Momento<\/h4>\n<p>La atenci\u00f3n a los detalles no pas\u00f3 desapercibida, ya que cada rinc\u00f3n del evento fue un escenario ideal para las instant\u00e1neas. Los flashes de las c\u00e1maras brillaban, recogiendo no solo im\u00e1genes, sino tambi\u00e9n la esencia de una noche dedicada a la moda. Las redes sociales se inundaron de contenido, transformando los momentos ef\u00edmeros en recuerdos duraderos que resonar\u00edan mucho despu\u00e9s del evento.<\/p>\n<h3>Un Legado de Estilo<\/h3>\n<p>A trav\u00e9s de esta celebraci\u00f3n, se dej\u00f3 claro que la moda es m\u00e1s que prendas y accesorios; es una forma de expresi\u00f3n que va m\u00e1s all\u00e1 de las tendencias. Es un viaje que conecta a individuos a trav\u00e9s de la creatividad y el arte. Eventos como este no solo celebran el presente de la moda, sino que tambi\u00e9n sientan las bases para su futuro, un futuro que promete ser tan vibrante como la velada en The Carlyle. <\/p>\n<p>Esta noche no solo fue una fiesta para la vista; fue un recordatorio de que el estilo es un lenguaje universal, una gala que resonar\u00e1 en el coraz\u00f3n de la industria de la moda.<\/p>\n<p><em> &#8221; Fuentes www.vogue.com &#8221; <\/em><\/p>\n","protected":false},"excerpt":{"rendered":"<p>Celebraci\u00f3n del Estilo: Una Noche de Glamour en The Carlyle La noche en que el emblem\u00e1tico hotel The Carlyle se convirti\u00f3 en el epicentro de la moda y la creatividad, reuni\u00f3 a personalidades influyentes del mundo del arte y la est\u00e9tica en un evento inolvidable. Este encuentro no fue solo una convivencia social, sino un [&hellip;]<\/p>\n","protected":false},"author":14,"featured_media":1145581,"comment_status":"open","ping_status":"closed","sticky":false,"template":"","format":"standard","meta":{"om_disable_all_campaigns":false,"jnews-multi-image_gallery":[],"jnews_single_post":[],"jnews_primary_category":[],"jnews_social_meta":[],"footnotes":""},"categories":[144872],"tags":[275478,277358,216846,277357,204121,254001,6514,277359,277355,277356,203622],"class_list":["post-1145580","post","type-post","status-publish","format-standard","has-post-thumbnail","hentry","category-fashion","tag-author-event","tag-book-celebration","tag-book-launch","tag-jenny-sais-quoi","tag-jenny-walton","tag-literary-event","tag-new-york","tag-publishing-party","tag-suite-celebration","tag-the-carlyle","tag-vogue-parties"],"_links":{"self":[{"href":"https:\/\/dimensionturistica.com\/es\/wp-json\/wp\/v2\/posts\/1145580","targetHints":{"allow":["GET"]}}],"collection":[{"href":"https:\/\/dimensionturistica.com\/es\/wp-json\/wp\/v2\/posts"}],"about":[{"href":"https:\/\/dimensionturistica.com\/es\/wp-json\/wp\/v2\/types\/post"}],"author":[{"embeddable":true,"href":"https:\/\/dimensionturistica.com\/es\/wp-json\/wp\/v2\/users\/14"}],"replies":[{"embeddable":true,"href":"https:\/\/dimensionturistica.com\/es\/wp-json\/wp\/v2\/comments?post=1145580"}],"version-history":[{"count":1,"href":"https:\/\/dimensionturistica.com\/es\/wp-json\/wp\/v2\/posts\/1145580\/revisions"}],"predecessor-version":[{"id":1145582,"href":"https:\/\/dimensionturistica.com\/es\/wp-json\/wp\/v2\/posts\/1145580\/revisions\/1145582"}],"wp:featuredmedia":[{"embeddable":true,"href":"https:\/\/dimensionturistica.com\/es\/wp-json\/wp\/v2\/media\/1145581"}],"wp:attachment":[{"href":"https:\/\/dimensionturistica.com\/es\/wp-json\/wp\/v2\/media?parent=1145580"}],"wp:term":[{"taxonomy":"category","embeddable":true,"href":"https:\/\/dimensionturistica.com\/es\/wp-json\/wp\/v2\/categories?post=1145580"},{"taxonomy":"post_tag","embeddable":true,"href":"https:\/\/dimensionturistica.com\/es\/wp-json\/wp\/v2\/tags?post=1145580"}],"curies":[{"name":"wp","href":"https:\/\/api.w.org\/{rel}","templated":true}]}}