{"id":1145568,"date":"2026-04-28T15:46:44","date_gmt":"2026-04-28T15:46:44","guid":{"rendered":"https:\/\/dimensionturistica.com\/es\/?p=1145568"},"modified":"2026-04-28T15:46:44","modified_gmt":"2026-04-28T15:46:44","slug":"rutas-alternas-a-la-panamericana-podrian-agregar-hasta-4-horas-a-los-trayectos","status":"publish","type":"post","link":"https:\/\/dimensionturistica.com\/es\/rutas-alternas-a-la-panamericana-podrian-agregar-hasta-4-horas-a-los-trayectos\/","title":{"rendered":"Rutas alternas a la Panamericana: podr\u00edan agregar hasta 4 horas a los trayectos."},"content":{"rendered":"<h3>Explorando la Ruta Panamericana: Un Viaje entre Desaf\u00edos y Bellezas Naturales<\/h3>\n<p>La Carretera Panamericana, ese emblem\u00e1tico corredor vial que conecta a diversos pa\u00edses de Am\u00e9rica, ofrece no solo un trayecto sino una experiencia \u00fanica para los viajeros. Sin embargo, en Colombia los retos de la infraestructura y el clima han convertido esta traves\u00eda en una aventura que puede alargarse considerablemente.<\/p>\n<p>Imagina planificar un viaje desde el coraz\u00f3n del Eje Cafetero hasta las soleadas playas del Caribe. La emoci\u00f3n de la ruta puede verse empa\u00f1ada si, a causa de deslizamientos y condiciones meteorol\u00f3gicas adversas, el trayecto se alarga hasta cuatro horas m\u00e1s de lo previsto. Este fen\u00f3meno ha hecho que muchos viajeros reconsideren su itinerario, optando por alternativas que les permitan disfrutar sin contratiempos.<\/p>\n<p>Los paisajes que se despliegan a lo largo de la Panamericana son una raz\u00f3n de peso para emprender el viaje, a pesar de las demoras. Las monta\u00f1as cubiertas de verde intenso, los r\u00edos serpenteantes y los coloridos pueblos tradicionales conforman un collage vibrante que aguarda a los turistas. Desde la calidez de los caf\u00e9s hasta la belleza de los atardeceres, cada kil\u00f3metro recorrido es un recordatorio de la riqueza cultural y natural que ofrece Colombia.<\/p>\n<p>No obstante, es esencial prepararse adecuadamente. Equipar el veh\u00edculo con lo necesario, revisar el estado de las rutas y, sobre todo, contar con un plan B pueden ser acciones cruciales para garantizar una experiencia placentera. Adem\u00e1s, aprovechar las paradas para disfrutar de la gastronom\u00eda local y la hospitalidad de sus gentes puede convertir las largas esperas en momentos memorables.<\/p>\n<p>Visitar colonias como Salamina, con sus calles empedradas y balcones adornados de flores, o detenerse en alguna de las m\u00faltiples fincas cafeteras del Quind\u00edo puede ser el ant\u00eddoto perfecto frente a las demoras inesperadas. As\u00ed, cada retraso se transforma en una oportunidad para descubrir un rinc\u00f3n escondido y enriquecerse con la cultura local.<\/p>\n<p>En resumen, la Panamericana es mucho m\u00e1s que un simple camino; es una ventana abierta al alma de Colombia. Las balas de optimismo que transforman ciertas situaciones adversas en aventuras memorables son el verdadero esp\u00edritu del viajero. As\u00ed que, si sientes el llamado de la carretera, aseg\u00farate de llevar contigo la paciencia, la curiosidad y, sobre todo, muchas ganas de explorar el vibrante coraz\u00f3n de este hermoso pa\u00eds. \u00a1Buen viaje!<\/p>\n<p><em> &#8221; Fuentes www.minuto60.com &#8221; <\/em><\/p>\n","protected":false},"excerpt":{"rendered":"<p>Explorando la Ruta Panamericana: Un Viaje entre Desaf\u00edos y Bellezas Naturales La Carretera Panamericana, ese emblem\u00e1tico corredor vial que conecta a diversos pa\u00edses de Am\u00e9rica, ofrece no solo un trayecto sino una experiencia \u00fanica para los viajeros. Sin embargo, en Colombia los retos de la infraestructura y el clima han convertido esta traves\u00eda en una [&hellip;]<\/p>\n","protected":false},"author":4,"featured_media":1145569,"comment_status":"open","ping_status":"closed","sticky":false,"template":"","format":"standard","meta":{"om_disable_all_campaigns":false,"jnews-multi-image_gallery":[],"jnews_single_post":[],"jnews_primary_category":[],"jnews_social_meta":[],"footnotes":""},"categories":[39],"tags":[3259,1347,65902,1610,3002,31658,784,653,545,277349],"class_list":["post-1145568","post","type-post","status-publish","format-standard","has-post-thumbnail","hentry","category-viajes","tag-infraestructura","tag-movilidad","tag-panamericana","tag-planificacion","tag-rutas","tag-tiempo-de-viaje","tag-trafico","tag-transporte","tag-viajes","tag-vias-aternal"],"_links":{"self":[{"href":"https:\/\/dimensionturistica.com\/es\/wp-json\/wp\/v2\/posts\/1145568","targetHints":{"allow":["GET"]}}],"collection":[{"href":"https:\/\/dimensionturistica.com\/es\/wp-json\/wp\/v2\/posts"}],"about":[{"href":"https:\/\/dimensionturistica.com\/es\/wp-json\/wp\/v2\/types\/post"}],"author":[{"embeddable":true,"href":"https:\/\/dimensionturistica.com\/es\/wp-json\/wp\/v2\/users\/4"}],"replies":[{"embeddable":true,"href":"https:\/\/dimensionturistica.com\/es\/wp-json\/wp\/v2\/comments?post=1145568"}],"version-history":[{"count":1,"href":"https:\/\/dimensionturistica.com\/es\/wp-json\/wp\/v2\/posts\/1145568\/revisions"}],"predecessor-version":[{"id":1145570,"href":"https:\/\/dimensionturistica.com\/es\/wp-json\/wp\/v2\/posts\/1145568\/revisions\/1145570"}],"wp:featuredmedia":[{"embeddable":true,"href":"https:\/\/dimensionturistica.com\/es\/wp-json\/wp\/v2\/media\/1145569"}],"wp:attachment":[{"href":"https:\/\/dimensionturistica.com\/es\/wp-json\/wp\/v2\/media?parent=1145568"}],"wp:term":[{"taxonomy":"category","embeddable":true,"href":"https:\/\/dimensionturistica.com\/es\/wp-json\/wp\/v2\/categories?post=1145568"},{"taxonomy":"post_tag","embeddable":true,"href":"https:\/\/dimensionturistica.com\/es\/wp-json\/wp\/v2\/tags?post=1145568"}],"curies":[{"name":"wp","href":"https:\/\/api.w.org\/{rel}","templated":true}]}}