{"id":1145563,"date":"2026-04-28T15:34:42","date_gmt":"2026-04-28T15:34:42","guid":{"rendered":"https:\/\/dimensionturistica.com\/es\/?p=1145563"},"modified":"2026-04-28T15:34:42","modified_gmt":"2026-04-28T15:34:42","slug":"uruguay-amplia-su-influencia-en-belo-horizonte-en-colaboracion-con-azul-viagens","status":"publish","type":"post","link":"https:\/\/dimensionturistica.com\/es\/uruguay-amplia-su-influencia-en-belo-horizonte-en-colaboracion-con-azul-viagens\/","title":{"rendered":"Uruguay ampl\u00eda su influencia en Belo Horizonte en colaboraci\u00f3n con Azul Viagens"},"content":{"rendered":"<p><strong>Uruguay y su Creciente Presencia en Brasil: Un Destino a Descubrir<\/strong><\/p>\n<p>Uruguay ha dado un paso significativo para fortalecer su presencia en uno de los mercados m\u00e1s din\u00e1micos de Am\u00e9rica del Sur: Brasil. En una reciente iniciativa que destaca por su audacia y visi\u00f3n estrat\u00e9gica, el pa\u00eds sudamericano ha establecido una alianza con Azul Viagens, una de las principales agencias de viajes brasile\u00f1as. Este acuerdo promete abrir nuevas puertas para los viajeros brasile\u00f1os, invit\u00e1ndolos a explorar la rica cultura, las hermosas playas y la variada oferta tur\u00edstica de Uruguay.<\/p>\n<p>La alianza no solo busca promover el turismo receptivo, sino tambi\u00e9n estrechar los lazos entre dos naciones que comparten una rica herencia cultural y natural. Montevideo, Punta del Este y Colonia del Sacramento est\u00e1n entre los destinos m\u00e1s destacados que invitan a los turistas a sumergirse en experiencias \u00fanicas. Desde encantadoras calles empedradas hasta vibrantes festivales, Uruguay ofrece un mosaico de posibilidades que promete dejar una huella memorable.<\/p>\n<p>Un aspecto crucial de esta colaboraci\u00f3n es la promoci\u00f3n efectiva de paquetes tur\u00edsticos que se adaptan a los intereses diversos del viajero brasile\u00f1o. Desde escapadas de fin de semana hasta estancias prolongadas, hay opciones para todos los gustos. Asimismo, la conectividad entre Brasil y Uruguay se ha visto facilitada por un aumento en las frecuencias de vuelos, haciendo que el viaje sea m\u00e1s accesible que nunca.<\/p>\n<p>Adem\u00e1s, en el marco de esta alianza, se est\u00e1n implementando acciones promocionales que incluyen la asistencia de influencers y medios de comunicaci\u00f3n brasile\u00f1os, quienes tendr\u00e1n la oportunidad de vivir la experiencia uruguaya de primera mano. Esto no solo aumentar\u00e1 la visibilidad del destino, sino que tambi\u00e9n permitir\u00e1 mostrar las innumerables actividades que Uruguay tiene para ofrecer, desde la degustaci\u00f3n de su exquisita gastronom\u00eda hasta la pr\u00e1ctica de deportes acu\u00e1ticos en sus costas.<\/p>\n<p>La belleza natural de Uruguay, con sus paisajes costeros y su interior pintoresco, se convierte en un atractivo irresistible. Las playas de Jos\u00e9 Ignacio, las bodegas de la regi\u00f3n de Canelones y el encantador ambiente de los peque\u00f1os pueblos son solo algunos de los tesoros que aguardan a ser descubiertos. Esta estrategia, que combina promoci\u00f3n y accesibilidad, promete no solo atraer a m\u00e1s turistas, sino tambi\u00e9n consolidar a Uruguay como un destino preferido por los brasile\u00f1os.<\/p>\n<p>En definitiva, la colaboraci\u00f3n entre Uruguay y Azul Viagens representa una oportunidad brillante para el turismo en la regi\u00f3n. Mientras los viajeros brasile\u00f1os se preparan para descubrir lo mejor de Uruguay, el pa\u00eds espera recibirlos con los brazos abiertos, listos para compartir su calidez, cultura y hospitalidad. Si a\u00fan no has explorado este hermoso rinc\u00f3n de Sudam\u00e9rica, ahora es el momento perfecto para hacerlo. \u00a1Uruguay te espera!<\/p>\n<p><em> &#8221; Sources www.gub.uy &#8221; <\/em><\/p>\n","protected":false},"excerpt":{"rendered":"<p>Uruguay y su Creciente Presencia en Brasil: Un Destino a Descubrir Uruguay ha dado un paso significativo para fortalecer su presencia en uno de los mercados m\u00e1s din\u00e1micos de Am\u00e9rica del Sur: Brasil. En una reciente iniciativa que destaca por su audacia y visi\u00f3n estrat\u00e9gica, el pa\u00eds sudamericano ha establecido una alianza con Azul Viagens, [&hellip;]<\/p>\n","protected":false},"author":4,"featured_media":1145564,"comment_status":"open","ping_status":"closed","sticky":false,"template":"","format":"standard","meta":{"om_disable_all_campaigns":false,"jnews-multi-image_gallery":[],"jnews_single_post":[],"jnews_primary_category":[],"jnews_social_meta":[],"footnotes":""},"categories":[40],"tags":[24350,277348,76233,81486,544,1919,545],"class_list":["post-1145563","post","type-post","status-publish","format-standard","has-post-thumbnail","hentry","category-industria","tag-america-del-sur","tag-azul-viagens","tag-belo-horizonte","tag-presencia-internacional","tag-turismo","tag-uruguay","tag-viajes"],"_links":{"self":[{"href":"https:\/\/dimensionturistica.com\/es\/wp-json\/wp\/v2\/posts\/1145563","targetHints":{"allow":["GET"]}}],"collection":[{"href":"https:\/\/dimensionturistica.com\/es\/wp-json\/wp\/v2\/posts"}],"about":[{"href":"https:\/\/dimensionturistica.com\/es\/wp-json\/wp\/v2\/types\/post"}],"author":[{"embeddable":true,"href":"https:\/\/dimensionturistica.com\/es\/wp-json\/wp\/v2\/users\/4"}],"replies":[{"embeddable":true,"href":"https:\/\/dimensionturistica.com\/es\/wp-json\/wp\/v2\/comments?post=1145563"}],"version-history":[{"count":1,"href":"https:\/\/dimensionturistica.com\/es\/wp-json\/wp\/v2\/posts\/1145563\/revisions"}],"predecessor-version":[{"id":1145565,"href":"https:\/\/dimensionturistica.com\/es\/wp-json\/wp\/v2\/posts\/1145563\/revisions\/1145565"}],"wp:featuredmedia":[{"embeddable":true,"href":"https:\/\/dimensionturistica.com\/es\/wp-json\/wp\/v2\/media\/1145564"}],"wp:attachment":[{"href":"https:\/\/dimensionturistica.com\/es\/wp-json\/wp\/v2\/media?parent=1145563"}],"wp:term":[{"taxonomy":"category","embeddable":true,"href":"https:\/\/dimensionturistica.com\/es\/wp-json\/wp\/v2\/categories?post=1145563"},{"taxonomy":"post_tag","embeddable":true,"href":"https:\/\/dimensionturistica.com\/es\/wp-json\/wp\/v2\/tags?post=1145563"}],"curies":[{"name":"wp","href":"https:\/\/api.w.org\/{rel}","templated":true}]}}