{"id":1145551,"date":"2026-04-28T15:06:18","date_gmt":"2026-04-28T15:06:18","guid":{"rendered":"https:\/\/dimensionturistica.com\/es\/?p=1145551"},"modified":"2026-04-28T15:06:18","modified_gmt":"2026-04-28T15:06:18","slug":"el-reciente-jet-privado-de-neymar-jr-para-sus-travesias-entre-continentes-una-inversion-superior-a-37-millones-de-euros","status":"publish","type":"post","link":"https:\/\/dimensionturistica.com\/es\/el-reciente-jet-privado-de-neymar-jr-para-sus-travesias-entre-continentes-una-inversion-superior-a-37-millones-de-euros\/","title":{"rendered":"El reciente jet privado de Neymar Jr. para sus traves\u00edas entre continentes: una inversi\u00f3n superior a 37 millones de euros."},"content":{"rendered":"<h3>Un Vuelo de Lujo: La Nueva Aventura A\u00e9rea de Neymar Jr.<\/h3>\n<p>En el fascinante mundo del deporte y la moda, pocos nombres resuenan con tanta fuerza como el de Neymar Jr. No solo es una estrella en el campo, sino que tambi\u00e9n ha forjado una imagen de estilo que lo acompa\u00f1a en todos sus desplazamientos. Ahora, su nuevo medio de transporte ha elevado a\u00fan m\u00e1s el list\u00f3n, convirtiendo cada uno de sus viajes en una experiencia digna de una pel\u00edcula de Hollywood.<\/p>\n<p>Imagina un jet privado que no es solo un simple avi\u00f3n, sino una joya de la ingenier\u00eda con todas las comodidades y lujos que uno podr\u00eda so\u00f1ar. Este nuevo avi\u00f3n, personalizado a la medida del astro brasile\u00f1o, est\u00e1 equipado con asientos de cuero de alta gama, sistemas de entretenimiento de \u00faltima generaci\u00f3n y un dise\u00f1o interior que destila elegancia. Cada detalle ha sido pensado para hacer que sus desplazamientos sean no solo c\u00f3modos, sino tambi\u00e9n memorables.<\/p>\n<p>La conexi\u00f3n de Neymar con su pa\u00eds, Brasil, y el resto del mundo es fundamental. Con cada viaje, no solo se mueve entre equipos y ciudades, sino que tambi\u00e9n se presenta como un embajador del deporte y la cultura brasile\u00f1a. Ya sea rumbo a Par\u00eds, donde juega en el PSG, o a cualquier rinc\u00f3n del mundo para promociones o eventos, su avi\u00f3n es el escenario ideal para disfrutar del glamour que lo rodea.<\/p>\n<p>Este paradigma de lujo en el transporte no solo se limita a la comodidad. En una era donde el tiempo es oro, Neymar busca maximizar la eficiencia de sus desplazamientos. Su jet privado le permite esquivar los engorrosos procesos de seguridad en aeropuertos comerciales y evitar retrasos, lo que le brinda m\u00e1s tiempo para concentrarse en lo que realmente importa: su rendimiento en el campo.<\/p>\n<p>Pero este avi\u00f3n no solo es un s\u00edmbolo de \u00e9xito personal. Tambi\u00e9n se ha convertido en un atractivo para los amantes del turismo. Algunos aficionados se preguntan c\u00f3mo ser\u00eda volar en un jet que lleva el nombre de su \u00eddolo. Diferentes empresas est\u00e1n comenzando a ofrecer experiencias que permitan a los fan\u00e1ticos vivir fragmentos de la vida de sus estrellas. Alquilar un jet privado, aunque sea por un corto periodo, se ha convertido en una aspiraci\u00f3n para muchos.<\/p>\n<p>Cada rinc\u00f3n de este avi\u00f3n ha sido dise\u00f1ado para crear una atm\u00f3sfera de exclusividad. Las luces LED, los materiales sostenibles y la tecnolog\u00eda de \u00faltima generaci\u00f3n hacen que este no sea solo un medio de transporte, sino una experiencia en s\u00ed misma. Cada vez que Neymar sube a bordo, se embarca en un viaje que va m\u00e1s all\u00e1 del destino, una traves\u00eda que representa el estilo de vida que ha construido con esfuerzo y dedicaci\u00f3n.<\/p>\n<p>La moda, el deporte y el lujo convergen en este emocionante cap\u00edtulo de la vida de Neymar Jr. Sin duda, su nuevo avi\u00f3n no es solo un s\u00edmbolo de su \u00e9xito, sino tambi\u00e9n un reflejo de c\u00f3mo el turismo evoluciona a medida que las personalidades p\u00fablicas influyen en las tendencias. As\u00ed, su historia de vuelo se convierte en una inspiraci\u00f3n para millones, record\u00e1ndonos que en cada viaje, ya sea corto o largo, hay una historia que contar y vivencias por explorar. <\/p>\n<p>A medida que el mundo avanza hacia un futuro donde la aviaci\u00f3n se vuelve m\u00e1s accesible, el legado de Neymar sobre c\u00f3mo y por qu\u00e9 volar tambi\u00e9n se vuelve parte de la narrativa del turismo moderno. As\u00ed que la pr\u00f3xima vez que veas un avi\u00f3n surcando el cielo, preg\u00fantate: \u00bfqu\u00e9 aventuras lo acompa\u00f1ar\u00e1n?<\/p>\n<p><em> &#8221; Fuentes www.sport.es &#8221; <\/em><\/p>\n","protected":false},"excerpt":{"rendered":"<p>Un Vuelo de Lujo: La Nueva Aventura A\u00e9rea de Neymar Jr. En el fascinante mundo del deporte y la moda, pocos nombres resuenan con tanta fuerza como el de Neymar Jr. No solo es una estrella en el campo, sino que tambi\u00e9n ha forjado una imagen de estilo que lo acompa\u00f1a en todos sus desplazamientos. [&hellip;]<\/p>\n","protected":false},"author":4,"featured_media":1145552,"comment_status":"open","ping_status":"closed","sticky":false,"template":"","format":"standard","meta":{"om_disable_all_campaigns":false,"jnews-multi-image_gallery":[],"jnews_single_post":[],"jnews_primary_category":[],"jnews_social_meta":[],"footnotes":""},"categories":[39],"tags":[277345,1654,2583,6446,1371,1720,51295,160833,2096,11551,22058,52692,760,545,130972],"class_list":["post-1145551","post","type-post","status-publish","format-standard","has-post-thumbnail","hentry","category-viajes","tag-37-millones-de-euros","tag-aviacion","tag-avion","tag-celebridades","tag-entretenimiento","tag-estilo-de-vida","tag-fuera-de-juego","tag-jr","tag-lujo","tag-neymar","tag-neymar-jr","tag-noticias-deportivas","tag-nuevo","tag-viajes","tag-viajes-intercontinentales"],"_links":{"self":[{"href":"https:\/\/dimensionturistica.com\/es\/wp-json\/wp\/v2\/posts\/1145551","targetHints":{"allow":["GET"]}}],"collection":[{"href":"https:\/\/dimensionturistica.com\/es\/wp-json\/wp\/v2\/posts"}],"about":[{"href":"https:\/\/dimensionturistica.com\/es\/wp-json\/wp\/v2\/types\/post"}],"author":[{"embeddable":true,"href":"https:\/\/dimensionturistica.com\/es\/wp-json\/wp\/v2\/users\/4"}],"replies":[{"embeddable":true,"href":"https:\/\/dimensionturistica.com\/es\/wp-json\/wp\/v2\/comments?post=1145551"}],"version-history":[{"count":1,"href":"https:\/\/dimensionturistica.com\/es\/wp-json\/wp\/v2\/posts\/1145551\/revisions"}],"predecessor-version":[{"id":1145553,"href":"https:\/\/dimensionturistica.com\/es\/wp-json\/wp\/v2\/posts\/1145551\/revisions\/1145553"}],"wp:featuredmedia":[{"embeddable":true,"href":"https:\/\/dimensionturistica.com\/es\/wp-json\/wp\/v2\/media\/1145552"}],"wp:attachment":[{"href":"https:\/\/dimensionturistica.com\/es\/wp-json\/wp\/v2\/media?parent=1145551"}],"wp:term":[{"taxonomy":"category","embeddable":true,"href":"https:\/\/dimensionturistica.com\/es\/wp-json\/wp\/v2\/categories?post=1145551"},{"taxonomy":"post_tag","embeddable":true,"href":"https:\/\/dimensionturistica.com\/es\/wp-json\/wp\/v2\/tags?post=1145551"}],"curies":[{"name":"wp","href":"https:\/\/api.w.org\/{rel}","templated":true}]}}