{"id":1145517,"date":"2026-04-28T13:42:24","date_gmt":"2026-04-28T13:42:24","guid":{"rendered":"https:\/\/dimensionturistica.com\/es\/?p=1145517"},"modified":"2026-04-28T13:42:24","modified_gmt":"2026-04-28T13:42:24","slug":"la-actividad-internacional-de-alfonso-rueda-y-su-equipo-54-desplazamientos-a-17-naciones-desde-2023","status":"publish","type":"post","link":"https:\/\/dimensionturistica.com\/es\/la-actividad-internacional-de-alfonso-rueda-y-su-equipo-54-desplazamientos-a-17-naciones-desde-2023\/","title":{"rendered":"La actividad internacional de Alfonso Rueda y su equipo: 54 desplazamientos a 17 naciones desde 2023."},"content":{"rendered":"<h3>Galicia: Un Destino que Brilla en el Escenario Internacional<\/h3>\n<p>En un mundo donde el turismo se ha convertido en una de las fuerzas m\u00e1s potentes de la econom\u00eda global, Galicia se posiciona como un destino emergente que cautiva corazones y mentes. Este rinc\u00f3n del noroeste de Espa\u00f1a, conocido por su impresionante belleza natural, rica historia y vibrante cultura, est\u00e1 buscando expandir su presencia a nivel internacional, y los nuevos esfuerzos para promoverla est\u00e1n dando frutos.<\/p>\n<p>Recentemente, el presidente de la Xunta de Galicia y su equipo de conselleiros han tomado la iniciativa de establecer una agenda internacional que no solo busca atraer turistas, sino tambi\u00e9n fortalecer la imagen de Galicia como un punto de conexi\u00f3n en el continente europeo.<\/p>\n<h3>Conexiones con los Mercados Internacionales<\/h3>\n<p>La estrategia de la Xunta incluye la participaci\u00f3n activa en ferias de turismo y la creaci\u00f3n de alianzas con otros destinos europeos. La idea es clara: ofrecer a los turistas una experiencia \u00fanica y aut\u00e9ntica. Imagina recorrer las antiguas calles de Santiago de Compostela, maravillarte con la belleza de las R\u00edas Baixas o disfrutar de una deliciosa mariscada en un restaurante tradicional. Estas son solo algunas de las propuestas que se est\u00e1n promoviendo en el extranjero.<\/p>\n<p>En particular, se busca establecer v\u00ednculos con pa\u00edses que tienen un creciente inter\u00e9s por Galicia, como Alemania, Francia y el Reino Unido. Las visitas de delegaciones gallegas a estas naciones son parte de un plan bien dise\u00f1ado que espera atraer un mayor n\u00famero de turistas y, al mismo tiempo, promover intercambios culturales.<\/p>\n<h3>Gastronom\u00eda: Un atractivo irresistible<\/h3>\n<p>La gastronom\u00eda gallega es, sin duda, uno de los principales atractivos. Productos locales como el marisco, el pulpo a la gallega, los quesos artesanales y el famoso vino Albari\u00f1o hacen que la cocina de esta regi\u00f3n sea irresistible. Promocionar esta riqueza culinaria en ferias y eventos internacionales es otro paso crucial en la agenda que se presenta.<\/p>\n<p>Adem\u00e1s, con la creciente tendencia hacia el turismo gastron\u00f3mico, Galicia puede posicionarse como un destino de referencia para los amantes de la buena mesa. Imag\u00ednate participar en una cata de vinos en la regi\u00f3n de R\u00edas Baixas o en una ruta de tapas en las animadas calles de A Coru\u00f1a.<\/p>\n<h3>Cultura y Patrimonio: Un viaje en el tiempo<\/h3>\n<p>Galicia no solo es un destino de belleza natural; tiene una herencia cultural rica y diversa que vale la pena explorar. Desde los monjes del Camino de Santiago hasta las tradiciones de la m\u00fasica celta, cada rinc\u00f3n cuenta una historia. La revitalizaci\u00f3n de festivales tradicionales y la promoci\u00f3n de eventos culturales son elementos clave en la estrategia de atraer turistas.<\/p>\n<p>Los visitantes no solo quieren ver paisajes; buscan experiencias que les conecten con la esencia del lugar. Las iniciativas que giran en torno al patrimonio inmaterial y las tradiciones gallegas est\u00e1n dise\u00f1adas para ofrecer esta conexi\u00f3n aut\u00e9ntica.<\/p>\n<h3>Proyecci\u00f3n Futura<\/h3>\n<p>Con esta clara agenda exterior, Galicia est\u00e1 destinada a convertirse en un referente tur\u00edstico en Europa. El compromiso del gobierno gallego con esta visi\u00f3n es un indicativo de su potencial. Con paisajes de ensue\u00f1o, una gastronom\u00eda monumental y una rica herencia cultural, la regi\u00f3n tiene mucho que ofrecer.<\/p>\n<p>La invitaci\u00f3n est\u00e1 hecha: Galicia espera con los brazos abiertos para recibir a aquellos que deseen sumergirse en un mundo de belleza, sabor y tradici\u00f3n. Con cada paso dado hacia el exterior, el futuro del turismo gallego se ilumina, prometiendo una experiencia que cada viajero llevar\u00e1 en su coraz\u00f3n.<\/p>\n<p><em> &#8221; Fuentes www.farodevigo.es &#8221; <\/em><\/p>\n","protected":false},"excerpt":{"rendered":"<p>Galicia: Un Destino que Brilla en el Escenario Internacional En un mundo donde el turismo se ha convertido en una de las fuerzas m\u00e1s potentes de la econom\u00eda global, Galicia se posiciona como un destino emergente que cautiva corazones y mentes. Este rinc\u00f3n del noroeste de Espa\u00f1a, conocido por su impresionante belleza natural, rica historia [&hellip;]<\/p>\n","protected":false},"author":4,"featured_media":1145518,"comment_status":"open","ping_status":"closed","sticky":false,"template":"","format":"standard","meta":{"om_disable_all_campaigns":false,"jnews-multi-image_gallery":[],"jnews_single_post":[],"jnews_primary_category":[],"jnews_social_meta":[],"footnotes":""},"categories":[39],"tags":[13282,871,150028,24486,35362,277296,52170,277294,44799,6285,4852,3755,546,277295,44620,29196,545,277297,31673,35363],"class_list":["post-1145517","post","type-post","status-publish","format-standard","has-post-thumbnail","hentry","category-viajes","tag-13282","tag-agenda","tag-agenda-exterior","tag-alfonso","tag-alfonso-rueda","tag-ana-ponton","tag-bng","tag-conselleiros","tag-diplomacia","tag-exterior","tag-galicia","tag-paises","tag-politica","tag-psdeg","tag-relaciones-internacionales","tag-rueda","tag-viajes","tag-xose-ramon-gomez-besteiro","tag-xunta","tag-xunta-de-galicia"],"_links":{"self":[{"href":"https:\/\/dimensionturistica.com\/es\/wp-json\/wp\/v2\/posts\/1145517","targetHints":{"allow":["GET"]}}],"collection":[{"href":"https:\/\/dimensionturistica.com\/es\/wp-json\/wp\/v2\/posts"}],"about":[{"href":"https:\/\/dimensionturistica.com\/es\/wp-json\/wp\/v2\/types\/post"}],"author":[{"embeddable":true,"href":"https:\/\/dimensionturistica.com\/es\/wp-json\/wp\/v2\/users\/4"}],"replies":[{"embeddable":true,"href":"https:\/\/dimensionturistica.com\/es\/wp-json\/wp\/v2\/comments?post=1145517"}],"version-history":[{"count":1,"href":"https:\/\/dimensionturistica.com\/es\/wp-json\/wp\/v2\/posts\/1145517\/revisions"}],"predecessor-version":[{"id":1145519,"href":"https:\/\/dimensionturistica.com\/es\/wp-json\/wp\/v2\/posts\/1145517\/revisions\/1145519"}],"wp:featuredmedia":[{"embeddable":true,"href":"https:\/\/dimensionturistica.com\/es\/wp-json\/wp\/v2\/media\/1145518"}],"wp:attachment":[{"href":"https:\/\/dimensionturistica.com\/es\/wp-json\/wp\/v2\/media?parent=1145517"}],"wp:term":[{"taxonomy":"category","embeddable":true,"href":"https:\/\/dimensionturistica.com\/es\/wp-json\/wp\/v2\/categories?post=1145517"},{"taxonomy":"post_tag","embeddable":true,"href":"https:\/\/dimensionturistica.com\/es\/wp-json\/wp\/v2\/tags?post=1145517"}],"curies":[{"name":"wp","href":"https:\/\/api.w.org\/{rel}","templated":true}]}}