{"id":1145500,"date":"2026-04-28T12:57:10","date_gmt":"2026-04-28T12:57:10","guid":{"rendered":"https:\/\/dimensionturistica.com\/es\/?p=1145500"},"modified":"2026-04-28T12:57:10","modified_gmt":"2026-04-28T12:57:10","slug":"la-irrupcion-de-damson-madder-en-la-escena-pop-up-de-l-a-fue-un-exito-rotundo","status":"publish","type":"post","link":"https:\/\/dimensionturistica.com\/es\/la-irrupcion-de-damson-madder-en-la-escena-pop-up-de-l-a-fue-un-exito-rotundo\/","title":{"rendered":"La irrupci\u00f3n de Damson Madder en la escena pop-up de L.A. fue un \u00e9xito rotundo"},"content":{"rendered":"<p><strong>La Experiencia \u00danica de Damson Madder en Los \u00c1ngeles: Un Evento que Redefine la Moda<\/strong><\/p>\n<p>En una noche m\u00e1gica en el coraz\u00f3n de Los \u00c1ngeles, Damson Madder llev\u00f3 a cabo un pop-up exclusivo que dej\u00f3 huella en el panorama de la moda. Este evento no solo celebr\u00f3 las prendas de la marca, sino que tambi\u00e9n se convirti\u00f3 en un punto de encuentro para los amantes del estilo y la creatividad.<\/p>\n<h3>Una Inmersi\u00f3n en la Est\u00e9tica<\/h3>\n<p>Desde el momento en que los asistentes cruzaron el umbral del recinto, fueron recibidos en un entorno cuidadosamente dise\u00f1ado que reflejaba la esencia de Damson Madder. La decoraci\u00f3n, una fusi\u00f3n de detalles sofisticados y elementos art\u00edsticos, ofrec\u00eda un vistazo a la visi\u00f3n innovadora de la marca. Cada rinc\u00f3n estaba pensado para inspirar y maravillar, convirtiendo la experiencia en un festival de sensaciones.<\/p>\n<h3>La Magia de la Moda<\/h3>\n<p>Las prendas expuestas no solo eran un deleite visual; eran verdaderas obras de arte. Con un enfoque en la sostenibilidad y la artesan\u00eda, los dise\u00f1os destacaron por sus cortes elegantes y colores vibrantes, atrayendo la atenci\u00f3n de estilistas, influencers y fan\u00e1ticos del mundo fashion. La marca, conocida por su audacia y originalidad, logr\u00f3 transmitir un mensaje claro: la moda puede ser a la vez responsable y deslumbrante.<\/p>\n<h3>Un Encuentro de Estrellas<\/h3>\n<p>El evento reuni\u00f3 a un elenco de invitados selectos, desde celebridades hasta figuras influyentes en el \u00e1mbito de la moda. Esta mezcla incandescentemente diversa no solo elev\u00f3 el perfil del pop-up, sino que tambi\u00e9n gener\u00f3 conversaciones significativas sobre tendencias contempor\u00e1neas. A medida que los asistentes intercambiaban ideas y estilos, la atm\u00f3sfera pulsaba con energ\u00eda creativa, convirtiendo cada rinc\u00f3n en un plat\u00f3 de moda en vivo.<\/p>\n<h3>Sabores y Sonidos que Envolvieron la Noche<\/h3>\n<p>No solo la vista se vio mimada en este evento; los sentidos fueron despertados por una selecci\u00f3n de sabores y melod\u00edas. Con una oferta gastron\u00f3mica que sorprendi\u00f3 a los paladares y una banda en vivo que anim\u00f3 el ambiente, la experiencia se extendi\u00f3 m\u00e1s all\u00e1 de las prendas. Este enfoque integral dej\u00f3 a los asistentes con memorias imborrables y una conexi\u00f3n m\u00e1s profunda con la marca.<\/p>\n<h3>La Conexi\u00f3n con la Comunidad<\/h3>\n<p>Una de las caracter\u00edsticas m\u00e1s impactantes del pop-up fue su conexi\u00f3n con la comunidad local. Damson Madder aprovech\u00f3 la oportunidad para colaborar con artistas y creativos de la zona, abriendo un espacio para el talento emergente. Esta iniciativa no solo enriquece el evento, sino que tambi\u00e9n refuerza el compromiso de la marca con el desarrollo sostenible y el apoyo a la cultura local.<\/p>\n<h3>La Moda Como Reflejo de Identidad<\/h3>\n<p>A medida que la noche avanzaba, qued\u00f3 claro que el pop-up de Damson Madder era m\u00e1s que un simple evento; era una celebraci\u00f3n de la identidad a trav\u00e9s de la moda. Las prendas se convirtieron en una extensi\u00f3n de la personalidad de quienes las portaban, subrayando que cada elecci\u00f3n de estilo cuenta una historia \u00fanica.<\/p>\n<p>Este pop-up no solo dej\u00f3 una marca en Los \u00c1ngeles; se ha colocado como un referente sobre c\u00f3mo los eventos de moda pueden evolucionar, ser memorables y, sobre todo, inclusivos. La combinaci\u00f3n de creatividad, comunidad y sostenibilidad es, sin duda, una f\u00f3rmula que seguir\u00e1 resonando en el futuro de la moda.<\/p>\n<p><em> &#8221; Fuentes www.vogue.com &#8221; <\/em><\/p>\n","protected":false},"excerpt":{"rendered":"<p>La Experiencia \u00danica de Damson Madder en Los \u00c1ngeles: Un Evento que Redefine la Moda En una noche m\u00e1gica en el coraz\u00f3n de Los \u00c1ngeles, Damson Madder llev\u00f3 a cabo un pop-up exclusivo que dej\u00f3 huella en el panorama de la moda. Este evento no solo celebr\u00f3 las prendas de la marca, sino que tambi\u00e9n [&hellip;]<\/p>\n","protected":false},"author":14,"featured_media":1145501,"comment_status":"open","ping_status":"closed","sticky":false,"template":"","format":"standard","meta":{"om_disable_all_campaigns":false,"jnews-multi-image_gallery":[],"jnews_single_post":[],"jnews_primary_category":[],"jnews_social_meta":[],"footnotes":""},"categories":[144872],"tags":[277287,160540,205165,270937,97878,277288,277289,203622],"class_list":["post-1145500","post","type-post","status-publish","format-standard","has-post-thumbnail","hentry","category-fashion","tag-british-invasion","tag-culinary-events","tag-cultural-fusion","tag-damson-madder","tag-food-trends","tag-l-a-pop-up-scene","tag-smashing-success","tag-vogue-parties"],"_links":{"self":[{"href":"https:\/\/dimensionturistica.com\/es\/wp-json\/wp\/v2\/posts\/1145500","targetHints":{"allow":["GET"]}}],"collection":[{"href":"https:\/\/dimensionturistica.com\/es\/wp-json\/wp\/v2\/posts"}],"about":[{"href":"https:\/\/dimensionturistica.com\/es\/wp-json\/wp\/v2\/types\/post"}],"author":[{"embeddable":true,"href":"https:\/\/dimensionturistica.com\/es\/wp-json\/wp\/v2\/users\/14"}],"replies":[{"embeddable":true,"href":"https:\/\/dimensionturistica.com\/es\/wp-json\/wp\/v2\/comments?post=1145500"}],"version-history":[{"count":1,"href":"https:\/\/dimensionturistica.com\/es\/wp-json\/wp\/v2\/posts\/1145500\/revisions"}],"predecessor-version":[{"id":1145502,"href":"https:\/\/dimensionturistica.com\/es\/wp-json\/wp\/v2\/posts\/1145500\/revisions\/1145502"}],"wp:featuredmedia":[{"embeddable":true,"href":"https:\/\/dimensionturistica.com\/es\/wp-json\/wp\/v2\/media\/1145501"}],"wp:attachment":[{"href":"https:\/\/dimensionturistica.com\/es\/wp-json\/wp\/v2\/media?parent=1145500"}],"wp:term":[{"taxonomy":"category","embeddable":true,"href":"https:\/\/dimensionturistica.com\/es\/wp-json\/wp\/v2\/categories?post=1145500"},{"taxonomy":"post_tag","embeddable":true,"href":"https:\/\/dimensionturistica.com\/es\/wp-json\/wp\/v2\/tags?post=1145500"}],"curies":[{"name":"wp","href":"https:\/\/api.w.org\/{rel}","templated":true}]}}