{"id":1145474,"date":"2026-04-28T11:39:21","date_gmt":"2026-04-28T11:39:21","guid":{"rendered":"https:\/\/dimensionturistica.com\/es\/?p=1145474"},"modified":"2026-04-28T11:39:21","modified_gmt":"2026-04-28T11:39:21","slug":"el-nunca-mas-en-las-aventuras-compromiso-eterno-o-explosion-momentanea-de-rabia","status":"publish","type":"post","link":"https:\/\/dimensionturistica.com\/es\/el-nunca-mas-en-las-aventuras-compromiso-eterno-o-explosion-momentanea-de-rabia\/","title":{"rendered":"El &#8220;nunca m\u00e1s&#8221; en las aventuras: \u00bfcompromiso eterno o explosi\u00f3n moment\u00e1nea de rabia?"},"content":{"rendered":"<p><strong>La Promesa de los Viajes: Entre el Sue\u00f1o y la Realidad<\/strong><\/p>\n<p>Viajar es uno de esos placeres de la vida que promete aventuras, descubrimientos y momentos imborrables. Sin embargo, en los \u00faltimos tiempos hemos visto c\u00f3mo el impacto de la pandemia ha transformado nuestra relaci\u00f3n con esta actividad. Las promesas de escapadas eternas, de conocer nuevos mundos y de conectar con culturas diferentes han pasado de ser un ideal a ser un anhelo profundo en el coraz\u00f3n de los viajeros.<\/p>\n<p>Las restricciones impuestas, la incertidumbre y la sobrecarga informativa han resultado en un panorama complejo. Muchos se encuentran ante un dilema: \u00bfes seguro emprender ese viaje que tanto se hab\u00eda postergado? La respuesta no es sencilla, ya que cada viajero tiene su propia historia y sus miedos, pero es innegable que la promesa de la aventura sigue viva.<\/p>\n<p>Una de las reacciones m\u00e1s comunes ha sido la de reclamar el derecho a viajar. Esta necesidad de romper las cadenas que nos atan ha llevado a un renovado fervor por explorar. El deseo de salir al mundo se siente con m\u00e1s intensidad que nunca. \u00bfAcaso sin las limitaciones recientes, habr\u00edamos valorado tanto esa libertad?<\/p>\n<p>Para los entusiastas de los viajes, el horizonte se presenta lleno de posibilidades. Pero no todo es color de rosa. La realidad nos enfrenta a desaf\u00edos como la inflaci\u00f3n, la sostenibilidad y las tensiones sociales en diferentes destinos. A pesar de estas inquietudes, hay una profunda sabidur\u00eda detr\u00e1s de la idea de no dejar que el miedo gobierne nuestras decisiones.<\/p>\n<p>Este renovado esp\u00edritu del viajero moderno se manifiesta en formas distintas. A muchos les encanta buscar experiencias aut\u00e9nticas, sumergirse en culturas locales, mientras que otros prefieren las escapadas al aire libre, donde la naturaleza tiene un papel protagonista. Las redes sociales tambi\u00e9n han contribuido a este renacer tur\u00edstico, sirviendo de plataforma para descubrir destinos inexplorados y conectar con personas que comparten la misma pasi\u00f3n.<\/p>\n<p>Los pr\u00f3ximos a\u00f1os ser\u00e1n cruciales. La forma en que abordemos nuestros viajes determinar\u00e1 no solo c\u00f3mo se recupera la industria del turismo, sino tambi\u00e9n el impacto que estos tendr\u00e1n en el mundo. Es imperativo que se adopten pr\u00e1cticas sostenibles y responsables, donde el respeto por las comunidades locales y el medio ambiente se convierta en la norma.<\/p>\n<p>Al final del d\u00eda, viajar es una forma de entender el mundo y, en consecuencia, a nosotros mismos. Cada nueva aventura nos ofrece no solo un lugar en el mapa, sino tambi\u00e9n la oportunidad de crecer, de aprender y de apreciar la diversidad que nos rodea. Aunque los retos son reales, la aspiraci\u00f3n por seguir descubriendo lo desconocido sigue siendo una fuerza poderosa en nuestro interior.<\/p>\n<p>As\u00ed que, cuando sientas la chispa del deseo de explorar, recuerda que, si bien el futuro puede ser incierto, la promesa de un viaje siempre tendr\u00e1 un lugar especial en nuestro coraz\u00f3n. Cada paso hacia ese destino so\u00f1ado es un testimonio de nuestra resiliencia y de nuestro intr\u00ednseco deseo de conectar con el mundo. \u00a1El momento de volver a viajar se acerca, y la aventura est\u00e1 a la vuelta de la esquina!<\/p>\n<p><em> &#8221; Fuentes www.infoviajera.com &#8221; <\/em><\/p>\n","protected":false},"excerpt":{"rendered":"<p>La Promesa de los Viajes: Entre el Sue\u00f1o y la Realidad Viajar es uno de esos placeres de la vida que promete aventuras, descubrimientos y momentos imborrables. Sin embargo, en los \u00faltimos tiempos hemos visto c\u00f3mo el impacto de la pandemia ha transformado nuestra relaci\u00f3n con esta actividad. Las promesas de escapadas eternas, de conocer [&hellip;]<\/p>\n","protected":false},"author":4,"featured_media":1145475,"comment_status":"open","ping_status":"closed","sticky":false,"template":"","format":"standard","meta":{"om_disable_all_campaigns":false,"jnews-multi-image_gallery":[],"jnews_single_post":[],"jnews_primary_category":[],"jnews_social_meta":[],"footnotes":""},"categories":[39],"tags":[3505,9047,21080,2386,96454,47857,13578,1907,544,545],"class_list":["post-1145474","post","type-post","status-publish","format-standard","has-post-thumbnail","hentry","category-viajes","tag-analisis","tag-cambios","tag-emociones","tag-filosofia","tag-furia","tag-promesa","tag-reflexiones","tag-sociedad","tag-turismo","tag-viajes"],"_links":{"self":[{"href":"https:\/\/dimensionturistica.com\/es\/wp-json\/wp\/v2\/posts\/1145474","targetHints":{"allow":["GET"]}}],"collection":[{"href":"https:\/\/dimensionturistica.com\/es\/wp-json\/wp\/v2\/posts"}],"about":[{"href":"https:\/\/dimensionturistica.com\/es\/wp-json\/wp\/v2\/types\/post"}],"author":[{"embeddable":true,"href":"https:\/\/dimensionturistica.com\/es\/wp-json\/wp\/v2\/users\/4"}],"replies":[{"embeddable":true,"href":"https:\/\/dimensionturistica.com\/es\/wp-json\/wp\/v2\/comments?post=1145474"}],"version-history":[{"count":1,"href":"https:\/\/dimensionturistica.com\/es\/wp-json\/wp\/v2\/posts\/1145474\/revisions"}],"predecessor-version":[{"id":1145476,"href":"https:\/\/dimensionturistica.com\/es\/wp-json\/wp\/v2\/posts\/1145474\/revisions\/1145476"}],"wp:featuredmedia":[{"embeddable":true,"href":"https:\/\/dimensionturistica.com\/es\/wp-json\/wp\/v2\/media\/1145475"}],"wp:attachment":[{"href":"https:\/\/dimensionturistica.com\/es\/wp-json\/wp\/v2\/media?parent=1145474"}],"wp:term":[{"taxonomy":"category","embeddable":true,"href":"https:\/\/dimensionturistica.com\/es\/wp-json\/wp\/v2\/categories?post=1145474"},{"taxonomy":"post_tag","embeddable":true,"href":"https:\/\/dimensionturistica.com\/es\/wp-json\/wp\/v2\/tags?post=1145474"}],"curies":[{"name":"wp","href":"https:\/\/api.w.org\/{rel}","templated":true}]}}