{"id":1145469,"date":"2026-04-28T11:14:02","date_gmt":"2026-04-28T11:14:02","guid":{"rendered":"https:\/\/dimensionturistica.com\/es\/?p=1145469"},"modified":"2026-04-28T11:14:02","modified_gmt":"2026-04-28T11:14:02","slug":"las-tres-temporadas-de-euphoria-estoy-atenta-a-jules","status":"publish","type":"post","link":"https:\/\/dimensionturistica.com\/es\/las-tres-temporadas-de-euphoria-estoy-atenta-a-jules\/","title":{"rendered":"Las Tres Temporadas de \u2018Euphoria\u2019: Estoy Atenta a Jules"},"content":{"rendered":"<h3>La Revoluci\u00f3n Estil\u00edstica de un Personaje: La Moda como Transformaci\u00f3n<\/h3>\n<p>En un panorama donde la moda se entrelaza con la narrativa, un personaje ha logrado capturar la atenci\u00f3n de cr\u00edticos y amantes del estilo por igual. La serie que ha redefinido las expectativas en t\u00e9rminos de vestuario y est\u00e9tica ha dejado una marca indeleble en la cultura contempor\u00e1nea.<\/p>\n<p>Desde la primera temporada, la evoluci\u00f3n de este personaje ha sido un viaje fascinante, sobre todo en lo que respecta a su identidad a trav\u00e9s de la moda. Cada atuendo no solo refleja su car\u00e1cter, sino que tambi\u00e9n sirve como una herramienta de autodescubrimiento. Los dise\u00f1adores se han alineado con su visi\u00f3n, creando conjuntos que desaf\u00edan las normas y exploran lo audaz. La paleta de colores vibrantes y materiales inesperados se convierten en un lenguaje visual que comunica su transici\u00f3n personal.<\/p>\n<p>La segunda temporada presenta un enfoque a\u00fan m\u00e1s atrevido. Aqu\u00ed, los contrastes se hacen m\u00e1s evidentes: looks que combinan lo dura y lo suave, lo cl\u00e1sico y lo avant-garde. Es un di\u00e1logo continuo entre lo que se espera y lo que se desaf\u00eda, lo que invita a los espectadores a reflexionar sobre su propio sentido del estilo. Cada elecci\u00f3n de vestuario se convierte en un manifiesto de autonom\u00eda y libertad, provocando una respuesta visceral en quienes lo observan. Este fen\u00f3meno no solo cambia la forma en que percibimos la moda, sino que tambi\u00e9n afecta subyacentes din\u00e1micas sociales.<\/p>\n<p>A lo largo de las temporadas, el personaje explora un espectro amplio de tendencias, desde siluetas oversized hasta accesorios estrafalarios. Estas elecciones no son accidentales; cada elemento aporta a la construcci\u00f3n de su identidad y a sus interacciones con otros personajes. Adem\u00e1s, la serie se convierte en un escaparate de nuevas marcas emergentes y tendencias artesanales, permitiendo que el espectador se sumerja en un mundo lleno de posibilidades infinitas.<\/p>\n<p>Uno de los aspectos m\u00e1s intrigantes es c\u00f3mo la moda se convierte en una forma de resistencia y afirmaci\u00f3n. Los atuendos no son solo prendas, sino declaraciones de intenciones que trascienden la superficialidad. Este enfoque resuena especialmente en un p\u00fablico joven que busca autenticidad y conexi\u00f3n emocional en un mundo digital saturado.<\/p>\n<p>Finalmente, la narrativa visual de estos episodios contin\u00faa inspirando a nuevas generaciones de dise\u00f1adores y fashionistas. La influencia de la serie se traduce en looks que empoderan, que invitan a cada individuo a explorar su propia expresi\u00f3n personal sin miedo a ser juzgado. La moda, en este contexto, se erige como un veh\u00edculo de cambio, una forma de arte que invita a la reflexi\u00f3n y a la celebraci\u00f3n de la diversidad.<\/p>\n<p>El fen\u00f3meno que rodea a este personaje no solo ha elevado la moda a nuevas alturas, sino que ha demostrado que cada prenda cuenta una historia, una historia que invita a todos a ser parte de ella. El futuro de la moda, impulsado por esta narrativa cautivadora, es sin duda emocionante y prometedor. \u00bfC\u00f3mo evolucionar\u00e1 el estilo personal en esta nueva era inspirada por personajes que rompen moldes? Sin duda, habr\u00e1 que seguir observando.<\/p>\n<p><em> &#8221; Fuentes www.vogue.com &#8221; <\/em><\/p>\n","protected":false},"excerpt":{"rendered":"<p>La Revoluci\u00f3n Estil\u00edstica de un Personaje: La Moda como Transformaci\u00f3n En un panorama donde la moda se entrelaza con la narrativa, un personaje ha logrado capturar la atenci\u00f3n de cr\u00edticos y amantes del estilo por igual. La serie que ha redefinido las expectativas en t\u00e9rminos de vestuario y est\u00e9tica ha dejado una marca indeleble en [&hellip;]<\/p>\n","protected":false},"author":14,"featured_media":1145470,"comment_status":"open","ping_status":"closed","sticky":false,"template":"","format":"standard","meta":{"om_disable_all_campaigns":false,"jnews-multi-image_gallery":[],"jnews_single_post":[],"jnews_primary_category":[],"jnews_social_meta":[],"footnotes":""},"categories":[144872],"tags":[209792,199159,209235,2328,277277,773,277278,198639,217361,241814,198621,84528,373],"class_list":["post-1145469","post","type-post","status-publish","format-standard","has-post-thumbnail","hentry","category-fashion","tag-character-analysis","tag-coming-of-age","tag-euphoria","tag-hbo","tag-jules","tag-opinion","tag-season-review","tag-splitscreenimagerightfullbleed","tag-storytypeopinion","tag-teen-drama","tag-tv-movies","tag-tv-series","tag-web"],"_links":{"self":[{"href":"https:\/\/dimensionturistica.com\/es\/wp-json\/wp\/v2\/posts\/1145469","targetHints":{"allow":["GET"]}}],"collection":[{"href":"https:\/\/dimensionturistica.com\/es\/wp-json\/wp\/v2\/posts"}],"about":[{"href":"https:\/\/dimensionturistica.com\/es\/wp-json\/wp\/v2\/types\/post"}],"author":[{"embeddable":true,"href":"https:\/\/dimensionturistica.com\/es\/wp-json\/wp\/v2\/users\/14"}],"replies":[{"embeddable":true,"href":"https:\/\/dimensionturistica.com\/es\/wp-json\/wp\/v2\/comments?post=1145469"}],"version-history":[{"count":1,"href":"https:\/\/dimensionturistica.com\/es\/wp-json\/wp\/v2\/posts\/1145469\/revisions"}],"predecessor-version":[{"id":1145471,"href":"https:\/\/dimensionturistica.com\/es\/wp-json\/wp\/v2\/posts\/1145469\/revisions\/1145471"}],"wp:featuredmedia":[{"embeddable":true,"href":"https:\/\/dimensionturistica.com\/es\/wp-json\/wp\/v2\/media\/1145470"}],"wp:attachment":[{"href":"https:\/\/dimensionturistica.com\/es\/wp-json\/wp\/v2\/media?parent=1145469"}],"wp:term":[{"taxonomy":"category","embeddable":true,"href":"https:\/\/dimensionturistica.com\/es\/wp-json\/wp\/v2\/categories?post=1145469"},{"taxonomy":"post_tag","embeddable":true,"href":"https:\/\/dimensionturistica.com\/es\/wp-json\/wp\/v2\/tags?post=1145469"}],"curies":[{"name":"wp","href":"https:\/\/api.w.org\/{rel}","templated":true}]}}