{"id":114545,"date":"2021-04-16T12:51:26","date_gmt":"2021-04-16T12:51:26","guid":{"rendered":"https:\/\/dimensionturistica.com\/es\/?p=114545"},"modified":"2021-04-16T12:51:26","modified_gmt":"2021-04-16T12:51:26","slug":"proyecciones-internacionales-del-turismo-muestran-una-lenta-recuperacion","status":"publish","type":"post","link":"https:\/\/dimensionturistica.com\/es\/proyecciones-internacionales-del-turismo-muestran-una-lenta-recuperacion\/","title":{"rendered":"Proyecciones internacionales del turismo muestran una lenta recuperaci\u00f3n"},"content":{"rendered":"<p> <br \/>\n<\/p>\n<div>\n<div class=\"td-post-featured-image\">\n<figure><img decoding=\"async\" width=\"696\" height=\"406\" class=\"entry-thumb\" src=\"https:\/\/www.valoraanalitik.com\/wp-content\/uploads\/2021\/02\/turismo-viajes.jpg\" alt=\"Proyecciones internacionales del turismo muestran una lenta recuperaci\u00f3n\" title=\"Proyecciones internacionales del turismo muestran una lenta recuperaci\u00f3n\"\/><figcaption class=\"wp-caption-text\">Foto: Pixabay<\/figcaption><\/figure>\n<\/div>\n<p><span style=\"font-size: 12pt;\"><span style=\"background-color: white;\"><span style=\"font-family: 'Times New Roman',serif;\"><span style=\"background-color: white;\"><span style=\"font-family: 'Lucida Sans Unicode',sans-serif;\"><span style=\"color: #222222;\">Tradicionalmente, el turismo ha sido un motor potencial para el desarrollo econ\u00f3mico de los pa\u00edses. Sin embargo, la llegada de la pandemia, <strong>ha dejado grandes afectaciones que conllevan a planear escenarios y acciones de mayor esfuerzo para lograr su recuperaci\u00f3n.<\/strong> <a rel=\"nofollow noopener\" target=\"_blank\" href=\"https:\/\/www.valoraanalitik.com\/tag\/turismo\/\">Para m\u00e1s informaci\u00f3n de turismo haga clic aqu\u00ed.<\/a><\/span><\/span><\/span><\/span><\/span><\/span><\/p>\n<p><span style=\"font-size: 12pt;\"><span style=\"background-color: white;\"><span style=\"font-family: 'Times New Roman',serif;\"><span style=\"background-color: white;\"><span style=\"font-family: 'Lucida Sans Unicode',sans-serif;\"><span style=\"color: #222222;\">De acuerdo con la Organizaci\u00f3n Mundial del Turismo (OMT), <strong>la recuperaci\u00f3n de la llegada de turistas internacionales durante el segundo semestre de 2021, podr\u00eda presentarse entre julio y septiembre, con un crecimiento entre 22 % y 66 % respecto a los niveles de 2020<\/strong>, pero con un nivel de recuperaci\u00f3n entre 33 % y 45 % respecto a las cifras registradas en 2019.<\/span><\/span><\/span><\/span><\/span><\/span><\/p>\n<p><span style=\"font-size: 12pt;\"><span style=\"background-color: white;\"><span style=\"font-family: 'Times New Roman',serif;\"><span style=\"background-color: white;\"><span style=\"font-family: 'Lucida Sans Unicode',sans-serif;\"><span style=\"color: #222222;\">Seg\u00fan el Consejo Mundial del Viaje y el Turismo (Wttc), en Latinoam\u00e9rica, durante 2020, <strong>la contribuci\u00f3n del turismo en el PIB cay\u00f3 41,1 % (US$110.000 millones menos);<\/strong> mientras que los ocupados en el sector tur\u00edstico disminuyeron 23,4 %, reflejando una p\u00e9rdida de cuatro millones de empleos).<\/span><\/span><\/span><\/span><\/span><\/span><\/p>\n<p><span style=\"font-size: 12pt;\"><span style=\"background-color: white;\"><span style=\"font-family: 'Times New Roman',serif;\"><span style=\"background-color: white;\"><span style=\"font-family: 'Lucida Sans Unicode',sans-serif;\"><span style=\"color: #222222;\">La Asociaci\u00f3n Colombiana de Agencias de Viajes y Turismo (Anato)\u00a0resalt\u00f3 tambi\u00e9n el autocuidado como herramienta elementary para una apertura m\u00e1s segura, dado que el levantamiento de las restricciones depender\u00e1, entre otras cosas, <strong>del compromiso y responsabilidad de los actores de la cadena y los viajeros.<\/strong><\/span><\/span><\/span><\/span><\/span><\/span><\/p>\n<p><span style=\"font-size: 12pt;\"><span style=\"background-color: white;\"><span style=\"font-family: 'Times New Roman',serif;\"><span style=\"background-color: white;\"><span style=\"font-family: 'Lucida Sans Unicode',sans-serif;\"><span style=\"color: #222222;\"><strong>Recomendado:\u00a0<a rel=\"nofollow noopener\" target=\"_blank\" href=\"https:\/\/www.valoraanalitik.com\/2021\/02\/17\/anato-pide-alivios-del-gobierno-para-recuperacion-del-sector-turismo\/\">Anato pide alivios del Gobierno para recuperaci\u00f3n del sector turismo<\/a><\/strong><\/span><\/span><\/span><\/span><\/span><\/span><\/p>\n<p><span style=\"font-size: 12pt;\"><span style=\"background-color: white;\"><span style=\"font-family: 'Times New Roman',serif;\"><span style=\"background-color: white;\"><span style=\"font-family: 'Lucida Sans Unicode',sans-serif;\"><span style=\"color: #222222;\">Lo anterior, teniendo en cuenta que, en el caso de Colombia, la recuperaci\u00f3n en el \u00e1mbito internacional ha tenido un proceso lento, pues, seg\u00fan la Aeron\u00e1utica Civil, <strong>el movimiento de pasajeros en vuelos internacionales ha tenido una reactivaci\u00f3n del 31 %<\/strong>.<\/span><\/span><\/span><\/span><\/span><\/span><\/p>\n<p><span style=\"font-size: 12pt;\"><span style=\"background-color: white;\"><span style=\"font-family: 'Times New Roman',serif;\"><span style=\"background-color: white;\"><span style=\"font-family: 'Lucida Sans Unicode',sans-serif;\"><span style=\"color: #222222;\">\u201cSabemos que, si bien varios sectores de la econom\u00eda han sido impactados por la situaci\u00f3n actual, el turismo requiere un esfuerzo mayor y diferente. A eso le est\u00e1n apuntando los pa\u00edses y tambi\u00e9n Colombia, por eso la Vitrina Tur\u00edstica de Anato, hoy m\u00e1s que nunca es el espacio ideal para restablecer los contactos comerciales entre los empresarios del sector y sacar adelante la industria de los viajes\u201d, se\u00f1al\u00f3 Paula Cort\u00e9s Calle, presidente ejecutiva de <a rel=\"nofollow noopener\" target=\"_blank\" href=\"https:\/\/www.valoraanalitik.com\/tag\/Anato\/\">Anato<\/a>.<\/span><\/span><\/span><\/span><\/span><\/span><\/p>\n<p><span style=\"font-size: 12pt;\"><span style=\"background-color: white;\"><span style=\"font-family: 'Times New Roman',serif;\"><span style=\"background-color: white;\"><span style=\"font-family: 'Lucida Sans Unicode',sans-serif;\"><span style=\"color: #222222;\">Y a\u00f1adi\u00f3 que \u201ces indispensable el apoyo del Gobierno Nacional con la ampliaci\u00f3n del Programa de Apoyo al Empleo Formal (Paef) y el Programa de Apoyo a la Prima (PAP), para de esta manera proteger el empleo de los empresarios, y la refinanciaci\u00f3n de cr\u00e9ditos, con periodos muertos de un a\u00f1o, tasas m\u00e1s bajas y plazos m\u00ednimos de cinco a\u00f1os para la amortizaci\u00f3n de capital e intereses para las nuevas l\u00edneas de cr\u00e9dito\u201d.<\/span><\/span><\/span><\/span><\/span><\/span><\/p>\n<p>\u2014<\/p>\n<div class=\"code-block code-block-7\" style=\"margin: 8px auto; text-align: center; display: block; clear: both;\"> <a rel=\"nofollow noopener\" target=\"_blank\" href=\"https:\/\/news.google.com\/publications\/CAAiEKLndMd6COgf5Pbrf2fLiNQqFAgKIhCi53THegjoH-T2639ny4jU?oc=3&amp;ceid=CO:es-419\"><img decoding=\"async\" src=\"https:\/\/www.valoraanalitik.com\/wp-content\/uploads\/2020\/06\/convierta-valora.jpg\" width=\"100%\" alt=\"Convierta a ValoraAnalitik en su fuente de noticias\" title=\"Convierta a ValoraAnalitik en su fuente de noticias\"\/><\/a><\/div><\/div>\n\n<p><em> &#8221; Fuentes www.valoraanalitik.com &#8221; <\/em><\/p>\n","protected":false},"excerpt":{"rendered":"<p>Foto: Pixabay Tradicionalmente, el turismo ha sido un motor potencial para el desarrollo econ\u00f3mico de los pa\u00edses. Sin embargo, la llegada de la pandemia, ha dejado grandes afectaciones que conllevan a planear escenarios y acciones de mayor esfuerzo para lograr su recuperaci\u00f3n. Para m\u00e1s informaci\u00f3n de turismo haga clic aqu\u00ed. De acuerdo con la Organizaci\u00f3n [&hellip;]<\/p>\n","protected":false},"author":4,"featured_media":114546,"comment_status":"open","ping_status":"closed","sticky":false,"template":"","format":"standard","meta":{"om_disable_all_campaigns":false,"jnews-multi-image_gallery":[],"jnews_single_post":[],"jnews_primary_category":[],"jnews_social_meta":[],"footnotes":""},"categories":[40],"tags":[],"class_list":["post-114545","post","type-post","status-publish","format-standard","has-post-thumbnail","hentry","category-industria"],"_links":{"self":[{"href":"https:\/\/dimensionturistica.com\/es\/wp-json\/wp\/v2\/posts\/114545","targetHints":{"allow":["GET"]}}],"collection":[{"href":"https:\/\/dimensionturistica.com\/es\/wp-json\/wp\/v2\/posts"}],"about":[{"href":"https:\/\/dimensionturistica.com\/es\/wp-json\/wp\/v2\/types\/post"}],"author":[{"embeddable":true,"href":"https:\/\/dimensionturistica.com\/es\/wp-json\/wp\/v2\/users\/4"}],"replies":[{"embeddable":true,"href":"https:\/\/dimensionturistica.com\/es\/wp-json\/wp\/v2\/comments?post=114545"}],"version-history":[{"count":0,"href":"https:\/\/dimensionturistica.com\/es\/wp-json\/wp\/v2\/posts\/114545\/revisions"}],"wp:featuredmedia":[{"embeddable":true,"href":"https:\/\/dimensionturistica.com\/es\/wp-json\/wp\/v2\/media\/114546"}],"wp:attachment":[{"href":"https:\/\/dimensionturistica.com\/es\/wp-json\/wp\/v2\/media?parent=114545"}],"wp:term":[{"taxonomy":"category","embeddable":true,"href":"https:\/\/dimensionturistica.com\/es\/wp-json\/wp\/v2\/categories?post=114545"},{"taxonomy":"post_tag","embeddable":true,"href":"https:\/\/dimensionturistica.com\/es\/wp-json\/wp\/v2\/tags?post=114545"}],"curies":[{"name":"wp","href":"https:\/\/api.w.org\/{rel}","templated":true}]}}