{"id":1145449,"date":"2026-04-28T10:17:13","date_gmt":"2026-04-28T10:17:13","guid":{"rendered":"https:\/\/dimensionturistica.com\/es\/?p=1145449"},"modified":"2026-04-28T10:17:13","modified_gmt":"2026-04-28T10:17:13","slug":"tenerife-capacita-a-mas-de-1-000-expertos-en-el-sector-turistico-del-reino-unido-e-irlanda-mediante-la-plataforma-digital-hablo","status":"publish","type":"post","link":"https:\/\/dimensionturistica.com\/es\/tenerife-capacita-a-mas-de-1-000-expertos-en-el-sector-turistico-del-reino-unido-e-irlanda-mediante-la-plataforma-digital-hablo\/","title":{"rendered":"Tenerife capacita a m\u00e1s de 1.000 expertos en el sector tur\u00edstico del Reino Unido e Irlanda mediante la plataforma digital HABLO."},"content":{"rendered":"<h2>Tenerife: Un Destino que Forma a los Profesionales del Turismo<\/h2>\n<p>Tenerife, uno de los destinos m\u00e1s emblem\u00e1ticos de las Islas Canarias, no solo capta la atenci\u00f3n de miles de turistas cada a\u00f1o, sino que tambi\u00e9n se ha convertido en un referente en la formaci\u00f3n de profesionales de la industria tur\u00edstica. Recientemente, m\u00e1s de 1,000 expertos del sector provenientes de Reino Unido e Irlanda han pasado por un innovador programa de formaci\u00f3n digital que resalta el compromiso de la isla con la excelencia en la atenci\u00f3n al cliente y el desarrollo sostenible.<\/p>\n<h3>La Plataforma &#8220;Hablo&#8221;: Innovaci\u00f3n al Servicio del Turismo<\/h3>\n<p>La iniciativa que ha permitido esta masiva formaci\u00f3n es la plataforma digital \u201cHablo\u201d, dise\u00f1ada para equipar a los profesionales con las habilidades y conocimientos necesarios para atender a una clientela cada vez m\u00e1s exigente. Este tipo de formaci\u00f3n, que combina flexibilidad y accesibilidad, reflej\u00f3 la adaptaci\u00f3n del sector tur\u00edstico a un mundo en constante cambio, donde la tecnolog\u00eda juega un papel crucial en la manera como se gestiona y se ofrece el servicio.<\/p>\n<h3>Un Esfuerzo Colectivo por la Excelencia<\/h3>\n<p>La formaci\u00f3n de estos profesionales no es solo responsabilidad de una \u00fanica entidad; al contrario, es el resultado de un esfuerzo colaborativo entre instituciones del turismo, empresas privadas y organismos educativos. Tener en cuenta las expectativas del viajero moderno ha llevado a Tenerife a establecer est\u00e1ndares que no solo benefician a los trabajadores del sector, sino tambi\u00e9n a los visitantes que eligen la isla como su destino de vacaciones.<\/p>\n<h3>Sostenibilidad y Atenci\u00f3n Personalizada<\/h3>\n<p>Entre los principales temas abordados en esta formaci\u00f3n se encuentran la sostenibilidad y la atenci\u00f3n personalizada. Tenerife ha sabido posicionarse como un modelo de sostenibilidad en el turismo, poniendo en pr\u00e1ctica estrategias que minimizan el impacto ambiental y promueven el respeto hacia la rica biodiversidad de la isla. Los profesionales formados a trav\u00e9s de \u201cHablo\u201d est\u00e1n equipados con las herramientas necesarias para comunicar estos valores a los visitantes, asegurando que cada experiencia en la isla sea memorable y responsable.<\/p>\n<h3>Las Oportunidades que Ofrece Tenerife<\/h3>\n<p>Adem\u00e1s de su extraordinario clima y paisajes, la formaci\u00f3n en Tenerife abre un abanico de oportunidades laborales en un sector que sigue en constante expansi\u00f3n. Desde gu\u00edas tur\u00edsticos hasta responsables de marketing, los que completan esta capacitaci\u00f3n se sienten preparados para emprender y desarrollar carreras exitosas en la industria tur\u00edstica.<\/p>\n<h3>Una Mirada al Futuro<\/h3>\n<p>Lo que se vive en Tenerife no es solo una tendencia pasajera; es un movimiento hacia un futuro donde la formaci\u00f3n y el desarrollo profesional son pilares fundamentales en la industria del turismo. Al invertir en el potencial humano, Tenerife se asegura de que su legado tur\u00edstico siga siendo relevante, innovador y en sinton\u00eda con las necesidades cambiantes del mercado.<\/p>\n<h3>Conclusi\u00f3n<\/h3>\n<p>Tenerife no solo es un para\u00edso tur\u00edstico, sino tambi\u00e9n un centro de formaci\u00f3n de talento en el \u00e1mbito de la industria tur\u00edstica. A medida que m\u00e1s profesionales se unan a este ecosistema educativo, el futuro del turismo en la isla se ve m\u00e1s brillante, comprometido con la sostenibilidad y la excelencia. Sin lugar a dudas, Tenerife contin\u00faa siendo un destino no solo para visitar, sino tambi\u00e9n para aprender y crecer en el apasionante mundo del turismo.<\/p>\n<p><em> &#8221; Fuentes www.webtenerife.com &#8221; <\/em><\/p>\n","protected":false},"excerpt":{"rendered":"<p>Tenerife: Un Destino que Forma a los Profesionales del Turismo Tenerife, uno de los destinos m\u00e1s emblem\u00e1ticos de las Islas Canarias, no solo capta la atenci\u00f3n de miles de turistas cada a\u00f1o, sino que tambi\u00e9n se ha convertido en un referente en la formaci\u00f3n de profesionales de la industria tur\u00edstica. Recientemente, m\u00e1s de 1,000 expertos [&hellip;]<\/p>\n","protected":false},"author":4,"featured_media":1145450,"comment_status":"open","ping_status":"closed","sticky":false,"template":"","format":"standard","meta":{"om_disable_all_campaigns":false,"jnews-multi-image_gallery":[],"jnews_single_post":[],"jnews_primary_category":[],"jnews_social_meta":[],"footnotes":""},"categories":[39],"tags":[6859,41054,1296,3688,14405,2539,1810,2067],"class_list":["post-1145449","post","type-post","status-publish","format-standard","has-post-thumbnail","hentry","category-viajes","tag-formacion","tag-hablo","tag-industria-turistica","tag-irlanda","tag-plataforma-digital","tag-profesionales","tag-reino-unido","tag-tenerife"],"_links":{"self":[{"href":"https:\/\/dimensionturistica.com\/es\/wp-json\/wp\/v2\/posts\/1145449","targetHints":{"allow":["GET"]}}],"collection":[{"href":"https:\/\/dimensionturistica.com\/es\/wp-json\/wp\/v2\/posts"}],"about":[{"href":"https:\/\/dimensionturistica.com\/es\/wp-json\/wp\/v2\/types\/post"}],"author":[{"embeddable":true,"href":"https:\/\/dimensionturistica.com\/es\/wp-json\/wp\/v2\/users\/4"}],"replies":[{"embeddable":true,"href":"https:\/\/dimensionturistica.com\/es\/wp-json\/wp\/v2\/comments?post=1145449"}],"version-history":[{"count":1,"href":"https:\/\/dimensionturistica.com\/es\/wp-json\/wp\/v2\/posts\/1145449\/revisions"}],"predecessor-version":[{"id":1145451,"href":"https:\/\/dimensionturistica.com\/es\/wp-json\/wp\/v2\/posts\/1145449\/revisions\/1145451"}],"wp:featuredmedia":[{"embeddable":true,"href":"https:\/\/dimensionturistica.com\/es\/wp-json\/wp\/v2\/media\/1145450"}],"wp:attachment":[{"href":"https:\/\/dimensionturistica.com\/es\/wp-json\/wp\/v2\/media?parent=1145449"}],"wp:term":[{"taxonomy":"category","embeddable":true,"href":"https:\/\/dimensionturistica.com\/es\/wp-json\/wp\/v2\/categories?post=1145449"},{"taxonomy":"post_tag","embeddable":true,"href":"https:\/\/dimensionturistica.com\/es\/wp-json\/wp\/v2\/tags?post=1145449"}],"curies":[{"name":"wp","href":"https:\/\/api.w.org\/{rel}","templated":true}]}}