{"id":1145415,"date":"2026-04-28T08:38:20","date_gmt":"2026-04-28T08:38:20","guid":{"rendered":"https:\/\/dimensionturistica.com\/es\/?p=1145415"},"modified":"2026-04-28T08:38:20","modified_gmt":"2026-04-28T08:38:20","slug":"eleanor-lambert-la-visionaria-detras-de-la-gala-mas-iconica-de-la-moda","status":"publish","type":"post","link":"https:\/\/dimensionturistica.com\/es\/eleanor-lambert-la-visionaria-detras-de-la-gala-mas-iconica-de-la-moda\/","title":{"rendered":"Eleanor Lambert: La visionaria detr\u00e1s de la gala m\u00e1s ic\u00f3nica de la moda"},"content":{"rendered":"<h3>La Met Gala: Un Viaje a Trav\u00e9s del Tiempo y la Creatividad<\/h3>\n<p>La Met Gala, tambi\u00e9n conocida como la &#8220;Noche m\u00e1s grande de la moda&#8221;, es un evento que trasciende el simple desfile de vestuario. Celebrada anualmente en el Museo Metropolitano de Arte de Nueva York, esta gala no solo marca el inicio de la exposici\u00f3n de moda del museo, sino que tambi\u00e9n se ha transformado en un escaparate de creatividad e innovaci\u00f3n, donde dise\u00f1adores y celebridades se unen para desafiar l\u00edmites. <\/p>\n<h4>Un Evento de Impacto Global<\/h4>\n<p>Iniciada en 1948 por la editora de Vogue, Eleanor Lambert, la Met Gala surgi\u00f3 como una forma de recaudar fondos para el Costume Institute. Desde sus humildes comienzos, el evento ha evolucionado hasta convertirse en un fen\u00f3meno global que atrae a l\u00edderes de pensamiento, artistas y figuras influyentes. Cada a\u00f1o, la gala se rige por un tema espec\u00edfico, lo que brinda a los asistentes la oportunidad de mostrar su interpretaci\u00f3n de la moda en un contexto art\u00edstico.<\/p>\n<h4>Tem\u00e1ticas que Marcan Tendencia<\/h4>\n<p>A lo largo de las d\u00e9cadas, las tem\u00e1ticas de la Met Gala han sido desde lo sutil hasta lo audaz. Temas como &#8220;Heavenly Bodies: Fashion and the Catholic Imagination&#8221; en 2018, han invitado a las figuras a explorar la intersecci\u00f3n entre la moda y la espiritualidad. Por otro lado, el tema de &#8220;Camp: Notes on Fashion&#8221; en 2019, dio lugar a una celebraci\u00f3n de lo exagerado y lo teatral, reflejando una forma de expresi\u00f3n que ha resonado m\u00e1s all\u00e1 de la pasarela. <\/p>\n<p>Cada a\u00f1o, las elecciones de vestuario no solo son un reflejo del tema, sino que tambi\u00e9n sirven como una plataforma para que los asistentes se posicionen sobre temas sociales y pol\u00edticos. Esta tendencia de \u201cvestir con prop\u00f3sito\u201d ha ganado impulso, fusionando el arte con la activismo.<\/p>\n<h4>El Glamour de la Alfombra Roja<\/h4>\n<p>La alfombra roja de la Met Gala es, sin duda, uno de los momentos m\u00e1s esperados del a\u00f1o. Desde los atuendos m\u00e1s extravagantes hasta las piezas m\u00e1s elegantes, cada elecci\u00f3n de vestuario es analizada minuciosamente por cr\u00edticos de moda y aficionados. Los dise\u00f1adores tienen la oportunidad de mostrar su talento en un escenario mundial, creando piezas que a menudo desaf\u00edan las convenciones de la moda.<\/p>\n<p>Las colaboraciones entre celebridades y dise\u00f1adores famosos se han convertido en leyendas. Im\u00e1genes ic\u00f3nicas, como el vestido de carne que luci\u00f3 Lady Gaga o el impresionante atuendo de Rihanna que hizo alusi\u00f3n a el Papa, han dejado una huella imborrable en la historia de la moda.<\/p>\n<h4>Un Evento en Evoluci\u00f3n<\/h4>\n<p>La Met Gala no es solo un evento de moda; es un espejo de la sociedad, reflejando cambios culturales, cuestiones contempor\u00e1neas y la evoluci\u00f3n del arte. Con la llegada de las redes sociales, la gala ha sido democratizada, permitiendo que millones de personas de todo el mundo participen virtualmente, convirtiendo cada edici\u00f3n en un evento global multi-dimensional.<\/p>\n<p>A medida que el mundo de la moda contin\u00faa evolucionando, la Met Gala se reafirma como un hito anual que captura la esencia de la creatividad. Cada a\u00f1o, los asistentes son invitados no solo a vestirse para impresionar, sino a contar una historia, una narrativa que puede influir y resonar en la cultura popular por a\u00f1os. La gala se mantiene entonces como un testimonio del poder transformador de la moda.<\/p>\n<h3>La Expectativa para el Futuro<\/h3>\n<p>Con miras hacia el futuro, la Met Gala promete seguir siendo un epicentro de innovaci\u00f3n y expresi\u00f3n. Los nuevos talentos emergentes y la inclusi\u00f3n de voces diversas est\u00e1n cambiando el panorama, asegurando que el evento no solo evolucione, sino que tambi\u00e9n se mantenga relevante en un mundo en constante cambio. La historia de la Met Gala es un viaje, una narrativa que sigue escribi\u00e9ndose y que invita a todos a participar. <\/p>\n<p>La pr\u00f3xima edici\u00f3n seguramente generar\u00e1 expectativas y dejar\u00e1 una marca inolvidable en el mundo de la moda, recordando a todos que, en esta noche m\u00e1gica, la \u00fanica regla es la creatividad.<\/p>\n<p><em> &#8221; Fuentes www.vogue.mx &#8221; <\/em><\/p>\n","protected":false},"excerpt":{"rendered":"<p>La Met Gala: Un Viaje a Trav\u00e9s del Tiempo y la Creatividad La Met Gala, tambi\u00e9n conocida como la &#8220;Noche m\u00e1s grande de la moda&#8221;, es un evento que trasciende el simple desfile de vestuario. Celebrada anualmente en el Museo Metropolitano de Arte de Nueva York, esta gala no solo marca el inicio de la [&hellip;]<\/p>\n","protected":false},"author":14,"featured_media":1145416,"comment_status":"open","ping_status":"closed","sticky":false,"template":"","format":"standard","meta":{"om_disable_all_campaigns":false,"jnews-multi-image_gallery":[],"jnews_single_post":[],"jnews_primary_category":[],"jnews_social_meta":[],"footnotes":""},"categories":[144872],"tags":[208834,205322,277263,277264,166,198553,75295,167701,92771,207915],"class_list":["post-1145415","post","type-post","status-publish","format-standard","has-post-thumbnail","hentry","category-fashion","tag-american-fashion","tag-cultural-impact","tag-eleanor-lambert","tag-event-creator","tag-fashion","tag-fashion-history","tag-fundraising","tag-met-gala","tag-new-york-city","tag-style-icons"],"_links":{"self":[{"href":"https:\/\/dimensionturistica.com\/es\/wp-json\/wp\/v2\/posts\/1145415","targetHints":{"allow":["GET"]}}],"collection":[{"href":"https:\/\/dimensionturistica.com\/es\/wp-json\/wp\/v2\/posts"}],"about":[{"href":"https:\/\/dimensionturistica.com\/es\/wp-json\/wp\/v2\/types\/post"}],"author":[{"embeddable":true,"href":"https:\/\/dimensionturistica.com\/es\/wp-json\/wp\/v2\/users\/14"}],"replies":[{"embeddable":true,"href":"https:\/\/dimensionturistica.com\/es\/wp-json\/wp\/v2\/comments?post=1145415"}],"version-history":[{"count":1,"href":"https:\/\/dimensionturistica.com\/es\/wp-json\/wp\/v2\/posts\/1145415\/revisions"}],"predecessor-version":[{"id":1145417,"href":"https:\/\/dimensionturistica.com\/es\/wp-json\/wp\/v2\/posts\/1145415\/revisions\/1145417"}],"wp:featuredmedia":[{"embeddable":true,"href":"https:\/\/dimensionturistica.com\/es\/wp-json\/wp\/v2\/media\/1145416"}],"wp:attachment":[{"href":"https:\/\/dimensionturistica.com\/es\/wp-json\/wp\/v2\/media?parent=1145415"}],"wp:term":[{"taxonomy":"category","embeddable":true,"href":"https:\/\/dimensionturistica.com\/es\/wp-json\/wp\/v2\/categories?post=1145415"},{"taxonomy":"post_tag","embeddable":true,"href":"https:\/\/dimensionturistica.com\/es\/wp-json\/wp\/v2\/tags?post=1145415"}],"curies":[{"name":"wp","href":"https:\/\/api.w.org\/{rel}","templated":true}]}}