{"id":1145407,"date":"2026-04-28T07:58:32","date_gmt":"2026-04-28T07:58:32","guid":{"rendered":"https:\/\/dimensionturistica.com\/es\/litera-meat-uvesa-y-costa-brava-foods-reclutan-personal\/"},"modified":"2026-04-28T07:58:32","modified_gmt":"2026-04-28T07:58:32","slug":"litera-meat-uvesa-y-costa-brava-foods-reclutan-personal","status":"publish","type":"post","link":"https:\/\/dimensionturistica.com\/es\/litera-meat-uvesa-y-costa-brava-foods-reclutan-personal\/","title":{"rendered":"Litera Meat, Uvesa y Costa Brava Foods reclutan personal."},"content":{"rendered":"<h3>Oportunidades en el Sector C\u00e1rnico: Un Destino Prometedor para Tu Carrera<\/h3>\n<p>El sector c\u00e1rnico en Espa\u00f1a est\u00e1 en pleno auge, ofreciendo interesantes oportunidades laborales que atraen a diversas generaciones. En particular, la comarca de Litera, un \u00e1rea conocida por su tradici\u00f3n agr\u00edcola y ganadera, se ha convertido en un foco de crecimiento gracias a la inversi\u00f3n y expansi\u00f3n de empresas del sector, como Uvesa y La Perla. Estas compa\u00f1\u00edas est\u00e1n buscando activamente personal, lo que abre un abanico de posibilidades para quienes desean forjar su carrera en esta industria.<\/p>\n<h4>Un Mercado en Expansi\u00f3n<\/h4>\n<p>El sector c\u00e1rnico no solo es vital para la econom\u00eda local, sino que tambi\u00e9n tiene un papel fundamental en el abastecimiento de alimentos en el mercado nacional e internacional. La creciente demanda de productos de calidad ha llevado a las empresas a buscar profesionales comprometidos y capacitados. Si te apasiona el mundo de la alimentaci\u00f3n, este es el momento de echar un vistazo a las oportunidades que ofrece esta industria.<\/p>\n<h4>Beneficios de Trabajar en la Industria C\u00e1rnica<\/h4>\n<p>Una de las ventajas distintivas de un empleo en este sector es la estabilidad laboral. A medida que la poblaci\u00f3n crece, tambi\u00e9n lo hace la necesidad de productos c\u00e1rnicos, lo que se traduce en una demanda constante de mano de obra. Adem\u00e1s, las empresas est\u00e1n cada vez m\u00e1s centradas en la formaci\u00f3n y el desarrollo profesional de sus empleados, lo que permite avanzar en la carrera y mejorar habilidades. <\/p>\n<p>Por otro lado, el ambiente de trabajo en estas compa\u00f1\u00edas suele ser din\u00e1mico, donde la innovaci\u00f3n en procesos y productos es una constante. Si te motiva aprender y trabajar en un entorno en el que cada d\u00eda plantea nuevos desaf\u00edos, este entorno puede resultar muy gratificante.<\/p>\n<h4>C\u00f3mo Ser Parte de Esta Revoluci\u00f3n<\/h4>\n<p>Si bien un inter\u00e9s en la industria c\u00e1rnica es esencial, la oferta de empleo se diversifica en varias posiciones, desde operativos de producci\u00f3n hasta t\u00e9cnicos de calidad y administrativos. Adem\u00e1s, muchas empresas ofrecen programas de formaci\u00f3n que permiten a los nuevos empleados adquirir r\u00e1pidamente el conocimiento necesario para integrarse.<\/p>\n<p>Para aquellos que est\u00e9n considerando una carrera en este sector, se recomienda estar atento a las convocatorias de empleo y las ferias laborales que frecuentemente se organizan en la zona. La interacci\u00f3n directa con los reclutadores y el conocimiento de la cultura empresarial pueden marcar la diferencia.<\/p>\n<h4>El Futuro Est\u00e1 en tus Manos<\/h4>\n<p>La confluencia de tradici\u00f3n e innovaci\u00f3n en el sector c\u00e1rnico es una realidad innegable. Con empresas como Uvesa y La Perla liderando esta transformaci\u00f3n, la comarca de Litera se posiciona como un punto de referencia para nuevos talentos. Si buscas un futuro profesional s\u00f3lido, no dudes en explorar las posibilidades que te ofrece esta din\u00e1mica industria.<\/p>\n<p>Por tanto, si quieres ser parte de esta emocionante evoluci\u00f3n, investiga, prep\u00e1rate y l\u00e1nzate a la aventura de construir una carrera en el sector c\u00e1rnico. Las oportunidades est\u00e1n a la vuelta de la esquina y podr\u00edan ser el camino hacia un futuro brillante.<\/p>\n<p><em> &#8221; Sources carnica.cdecomunicacion.es &#8221; <\/em><\/p>\n","protected":false},"excerpt":{"rendered":"<p>Oportunidades en el Sector C\u00e1rnico: Un Destino Prometedor para Tu Carrera El sector c\u00e1rnico en Espa\u00f1a est\u00e1 en pleno auge, ofreciendo interesantes oportunidades laborales que atraen a diversas generaciones. En particular, la comarca de Litera, un \u00e1rea conocida por su tradici\u00f3n agr\u00edcola y ganadera, se ha convertido en un foco de crecimiento gracias a la [&hellip;]<\/p>\n","protected":false},"author":2,"featured_media":1145408,"comment_status":"open","ping_status":"closed","sticky":false,"template":"","format":"standard","meta":{"om_disable_all_campaigns":false,"jnews-multi-image_gallery":[],"jnews_single_post":[],"jnews_primary_category":[],"jnews_social_meta":[],"footnotes":""},"categories":[43],"tags":[249066,135930,265358,265352,751,277256,277258,12828,265355,277257,14591,141083,265356,277259],"class_list":["post-1145407","post","type-post","status-publish","format-standard","has-post-thumbnail","hentry","category-gourmet","tag-la-perla-food","tag-busqueda-de-personal","tag-costa-brava-foods","tag-costa-brava-mediterranean-foods","tag-empleo","tag-grupo-mazana","tag-heres-a-comma-separated-list-of-tags-for-the-title-litera-meat","tag-industria-alimentaria","tag-litera-meat","tag-mercamadrid","tag-recursos-humanos","tag-sector-carnico","tag-uvesa","tag-uvesa-y-costa-brava-foods-buscan-personal-litera-meat"],"_links":{"self":[{"href":"https:\/\/dimensionturistica.com\/es\/wp-json\/wp\/v2\/posts\/1145407","targetHints":{"allow":["GET"]}}],"collection":[{"href":"https:\/\/dimensionturistica.com\/es\/wp-json\/wp\/v2\/posts"}],"about":[{"href":"https:\/\/dimensionturistica.com\/es\/wp-json\/wp\/v2\/types\/post"}],"author":[{"embeddable":true,"href":"https:\/\/dimensionturistica.com\/es\/wp-json\/wp\/v2\/users\/2"}],"replies":[{"embeddable":true,"href":"https:\/\/dimensionturistica.com\/es\/wp-json\/wp\/v2\/comments?post=1145407"}],"version-history":[{"count":0,"href":"https:\/\/dimensionturistica.com\/es\/wp-json\/wp\/v2\/posts\/1145407\/revisions"}],"wp:featuredmedia":[{"embeddable":true,"href":"https:\/\/dimensionturistica.com\/es\/wp-json\/wp\/v2\/media\/1145408"}],"wp:attachment":[{"href":"https:\/\/dimensionturistica.com\/es\/wp-json\/wp\/v2\/media?parent=1145407"}],"wp:term":[{"taxonomy":"category","embeddable":true,"href":"https:\/\/dimensionturistica.com\/es\/wp-json\/wp\/v2\/categories?post=1145407"},{"taxonomy":"post_tag","embeddable":true,"href":"https:\/\/dimensionturistica.com\/es\/wp-json\/wp\/v2\/tags?post=1145407"}],"curies":[{"name":"wp","href":"https:\/\/api.w.org\/{rel}","templated":true}]}}