{"id":1145394,"date":"2026-04-28T06:56:12","date_gmt":"2026-04-28T06:56:12","guid":{"rendered":"https:\/\/dimensionturistica.com\/es\/?p=1145394"},"modified":"2026-04-28T06:56:12","modified_gmt":"2026-04-28T06:56:12","slug":"pierre-gasly-asume-el-rol-de-embajador-de-lacoste","status":"publish","type":"post","link":"https:\/\/dimensionturistica.com\/es\/pierre-gasly-asume-el-rol-de-embajador-de-lacoste\/","title":{"rendered":"Pierre Gasly asume el rol de embajador de Lacoste."},"content":{"rendered":"<h3>La Fusi\u00f3n de Estilo y Velocidad: Pierre Gasly se Une a Lacoste<\/h3>\n<p>En el vertiginoso mundo de la moda, las colaboraciones entre personalidades y marcas son cada vez m\u00e1s frecuentes. La \u00faltima revelaci\u00f3n ha sido la uni\u00f3n del piloto de F\u00f3rmula 1 Pierre Gasly con la emblem\u00e1tica marca francesa Lacoste. Este anuncio no solo destaca el talento deportivo de Gasly, sino tambi\u00e9n su creciente influencia en el \u00e1mbito de la moda.<\/p>\n<h4>Un Icono de Estilo<\/h4>\n<p>Pierre Gasly, conocido por su destreza en la pista, ha logrado trasladar su carisma y personalidad a la moda. Su estilo distintivo fusiona la elegancia con un toque casual, convirti\u00e9ndolo en un referente tanto para los aficionados a la F1 como para los amantes de la moda. Al ser nombrado embajador de Lacoste, Gasly se convierte en la encarnaci\u00f3n de la filosof\u00eda de la marca: un equilibrio perfecto entre el deporte y el estilo de vida.<\/p>\n<h4>Lacoste: Tradici\u00f3n y Modernidad<\/h4>\n<p>Lacoste, s\u00edmbolo de elegancia deportiva desde su fundaci\u00f3n, presenta una amplia gama de productos que reflejan tanto la tradici\u00f3n como la innovaci\u00f3n. Con una herencia que data de los a\u00f1os 30, la marca ha sabido adaptarse a las tendencias contempor\u00e1neas sin perder su esencia. La elecci\u00f3n de Gasly como embajador subraya la capacidad de Lacoste para conectar con las nuevas generaciones, atrayendo a un p\u00fablico joven que busca autenticidad y estilo.<\/p>\n<h4>M\u00e1s All\u00e1 de la Pista<\/h4>\n<p>La colaboraci\u00f3n entre Gasly y Lacoste no se limita \u00fanicamente al \u00e1mbito deportivo. Ambos comparten un enfoque en la sostenibilidad y la responsabilidad social. Lacoste ha integrado pr\u00e1cticas sostenibles en su proceso de producci\u00f3n, algo que resonar\u00e1 con los valores de los aficionados de Gasly, quienes est\u00e1n cada vez m\u00e1s comprometidos con el medio ambiente.<\/p>\n<h4>Expectativas y Proyecciones<\/h4>\n<p>A medida que la marca y el piloto se embarcan en esta nueva aventura conjunta, se anticipan emocionantes proyectos, desde eventos hasta colecciones exclusivas que har\u00e1n eco en el mundo de la moda. La sinergia entre la velocidad de la F\u00f3rmula 1 y la elegancia atemporal de Lacoste promete sorprender y encantar a los seguidores de ambas partes.<\/p>\n<h4>La Huella de Gasly en la Moda<\/h4>\n<p>La influencia de Pierre Gasly en la moda va m\u00e1s all\u00e1 de esta colaboraci\u00f3n. Su presencia en redes sociales y apariciones en alfombras rojas han demostrado su habilidad para llevar la conversaci\u00f3n sobre moda a un p\u00fablico m\u00e1s amplio. Con cada publicaci\u00f3n y cada atuendo, el piloto no solo refleja su estilo personal, sino que tambi\u00e9n establece tendencias.<\/p>\n<h3>Un Nuevo Cap\u00edtulo<\/h3>\n<p>La asociaci\u00f3n entre Pierre Gasly y Lacoste ejemplifica la intersecci\u00f3n entre el deporte y la moda, donde ambos mundos se complementan para crear una narrativa cautivadora. La energ\u00eda de la F\u00f3rmula 1 se encuentra con la elegancia cl\u00e1sica, lo que abre la puerta a un universo de posibilidades. Esta uni\u00f3n promete redefinir lo que significa ser un embajador de marca, elevando el concepto de estilo y velocidad a nuevas alturas. La moda est\u00e1 en constante evoluci\u00f3n, y con este nuevo cap\u00edtulo, Gasly y Lacoste est\u00e1n listos para dejar una huella imborrable.<\/p>\n<p><em> &#8221; Fuentes www.vogue.mx &#8221; <\/em><\/p>\n","protected":false},"excerpt":{"rendered":"<p>La Fusi\u00f3n de Estilo y Velocidad: Pierre Gasly se Une a Lacoste En el vertiginoso mundo de la moda, las colaboraciones entre personalidades y marcas son cada vez m\u00e1s frecuentes. La \u00faltima revelaci\u00f3n ha sido la uni\u00f3n del piloto de F\u00f3rmula 1 Pierre Gasly con la emblem\u00e1tica marca francesa Lacoste. Este anuncio no solo destaca [&hellip;]<\/p>\n","protected":false},"author":14,"featured_media":1145396,"comment_status":"open","ping_status":"closed","sticky":false,"template":"","format":"standard","meta":{"om_disable_all_campaigns":false,"jnews-multi-image_gallery":[],"jnews_single_post":[],"jnews_primary_category":[],"jnews_social_meta":[],"footnotes":""},"categories":[144872],"tags":[8766,18233,4422,213231,659,29162,34031,25392],"class_list":["post-1145394","post","type-post","status-publish","format-standard","has-post-thumbnail","hentry","category-fashion","tag-automovilismo","tag-embajador","tag-formula-1","tag-lacoste","tag-moda","tag-patrocinio","tag-pierre-gasly","tag-piloto"],"_links":{"self":[{"href":"https:\/\/dimensionturistica.com\/es\/wp-json\/wp\/v2\/posts\/1145394","targetHints":{"allow":["GET"]}}],"collection":[{"href":"https:\/\/dimensionturistica.com\/es\/wp-json\/wp\/v2\/posts"}],"about":[{"href":"https:\/\/dimensionturistica.com\/es\/wp-json\/wp\/v2\/types\/post"}],"author":[{"embeddable":true,"href":"https:\/\/dimensionturistica.com\/es\/wp-json\/wp\/v2\/users\/14"}],"replies":[{"embeddable":true,"href":"https:\/\/dimensionturistica.com\/es\/wp-json\/wp\/v2\/comments?post=1145394"}],"version-history":[{"count":1,"href":"https:\/\/dimensionturistica.com\/es\/wp-json\/wp\/v2\/posts\/1145394\/revisions"}],"predecessor-version":[{"id":1145397,"href":"https:\/\/dimensionturistica.com\/es\/wp-json\/wp\/v2\/posts\/1145394\/revisions\/1145397"}],"wp:featuredmedia":[{"embeddable":true,"href":"https:\/\/dimensionturistica.com\/es\/wp-json\/wp\/v2\/media\/1145396"}],"wp:attachment":[{"href":"https:\/\/dimensionturistica.com\/es\/wp-json\/wp\/v2\/media?parent=1145394"}],"wp:term":[{"taxonomy":"category","embeddable":true,"href":"https:\/\/dimensionturistica.com\/es\/wp-json\/wp\/v2\/categories?post=1145394"},{"taxonomy":"post_tag","embeddable":true,"href":"https:\/\/dimensionturistica.com\/es\/wp-json\/wp\/v2\/tags?post=1145394"}],"curies":[{"name":"wp","href":"https:\/\/api.w.org\/{rel}","templated":true}]}}