{"id":114539,"date":"2021-04-16T12:34:58","date_gmt":"2021-04-16T12:34:58","guid":{"rendered":"https:\/\/dimensionturistica.com\/es\/?p=114539"},"modified":"2021-04-16T12:34:58","modified_gmt":"2021-04-16T12:34:58","slug":"reyes-maroto-la-ministra-muy-criticada-por-el-turismo-y-la-hosteleria-sera-vicepresidenta-de-madrid-si-gabilondo-gana","status":"publish","type":"post","link":"https:\/\/dimensionturistica.com\/es\/reyes-maroto-la-ministra-muy-criticada-por-el-turismo-y-la-hosteleria-sera-vicepresidenta-de-madrid-si-gabilondo-gana\/","title":{"rendered":"Reyes Maroto, la ministra muy criticada por el turismo y la hosteler\u00eda, ser\u00e1 vicepresidenta de Madrid si Gabilondo gana"},"content":{"rendered":"<p> <br \/>\n<\/p>\n<div>\n\t\t\t\t<span class=\"entry-date\">16 abril, 2021<\/span><\/p>\n<p>La ministra de Industria, Comercio y Turismo, Reyes Maroto, ser\u00e1 la vicepresidenta econ\u00f3mica de la Comunidad de Madrid si el candidato socialista, \u00c1ngel Gabilondo, forma gobierno en la regi\u00f3n tras las elecciones del pr\u00f3ximo 4 de mayo.<\/p>\n<p>Maroto, economista de profesi\u00f3n, no puede concurrir a las elecciones porque las listas para el 4M ya est\u00e1n cerradas, pero s\u00ed podr\u00eda ser elegida miembro del Gobierno si Gabilondo suma los n\u00fameros suficientes para ser presidente de la Comunidad de Madrid.<\/p>\n<p>De darse esta circunstancia, la ministra de Industria, Comercio y Turismo ser\u00eda la segunda persona que saldr\u00eda del Gobierno para formar parte del Ejecutivo regional porque Gabilondo contar\u00eda tambi\u00e9n en su gabinete con Hana Jalloul, que ha sido secretaria de Estado de Migraciones con Pedro S\u00e1nchez y que s\u00ed va en la lista del PSOE al 4M, como n\u00famero 2, aunque en realidad ya ha sido desplazada de ese puesto por Reyes Maroto y mandato de \u00c1ngel Gabilondo antes incluso de celebrarse las elecciones auton\u00f3micas en Madrid (4 de mayo).<\/p>\n<p>Gabilondo avanz\u00f3 hace unos d\u00edas que si es elegido presidente formar\u00e1 \u00abel primer gobierno paritario de la historia\u00bb de la Comunidad de Madrid.<\/p>\n<p>Reyes Maroto ya conoce la pol\u00edtica madrile\u00f1a, puesto que fue diputada en la Asamblea desde mayo de 2015 hasta que en junio de 2018 fue nombrada ministra de Industria.<\/p>\n<p>En las elecciones de mayo de 2015 ocup\u00f3 el puesto n\u00famero 20 de la lista de Gabilondo, y en los tres a\u00f1os en los que fue diputada de la Asamblea fue portavoz de la Comisi\u00f3n de Presupuestos, Econom\u00eda, Empleo y Hacienda.<\/p>\n<p>Adem\u00e1s, entre octubre de 2017 y junio de 2018 fue secretaria del \u00e1rea de Desarrollo Sostenible de los socialistas madrile\u00f1os.<\/p>\n<h3>Una ministra muy criticada<\/h3>\n<p>El sector tur\u00edstico, y todo lo relacionado con \u00e9l, desde la agencias de viajes, hoteleros, hosteleros, ocio, espect\u00e1culos, eventos\u2026, es especialmente cr\u00edtico, aunque tambi\u00e9n la industria, con la actuaci\u00f3n del Gobierno y el departamento que dirige Reyes Maroto al que acusan de \u00ababandonarles a su suerte\u00bb y de demonizarles como propagadores del coronavirus en sus establecimientos.<\/p>\n<p>Un resumen de esas cr\u00edticas queda patente en la denuncia que el pasado mes de febrero realiz\u00f3 la asociaci\u00f3n Plataforma Derechos Agencias de Viajes (PDVA) que incluso lleg\u00f3 a lanzar un <em>hashtag<\/em> (#reyesmarotomentirasno) y acusaron a la responsable de Turismo de insultar p\u00fablicamente a los agentes de viajes \u00abmientras se re\u00eda de nuestra situaci\u00f3n desde su esca\u00f1o durante la presentaci\u00f3n de una proposici\u00f3n no de ley de la oposici\u00f3n\u201d. Esta asociaci\u00f3n critic\u00f3 la \u00abactitud perdonavidas que ha adoptado el Ministerio de Industria, Comercio y Turismo hacia nosotros\u00bb. \u00abEllos cobran sus salarios y disfrutan de sus privilegios a cuenta de expoliar a la clase trabajadora y emprendedora de este pa\u00eds\u00bb, afirmaron en un comunicado las agencias de viajes.<\/p>\n<p>Esta organizaci\u00f3n empresarial acus\u00f3 directamente a Maroto de mentir en sede parlamentaria y ante los medios de comunicaci\u00f3n \u201cdiciendo que nos hab\u00eda aportado unos fondos que nunca han llegado\u201d.<\/p>\n<p>Para la PDVA el Ministerio de Industria, Comercio y Turismo y, por supuesto, a su titular, Reyes Maroto,\u00a0\u201cno est\u00e1 capacitado para resolver esta crisis y est\u00e1n m\u00e1s ocupados en otros menesteres m\u00e1s importantes que asegurar la pervivencia de un sector que engloba 9.500 empresas y 70.000 trabajadores directos\u201d.<\/p>\n<p>Sobre el turismo, Reyes Maroto, en RTVE, la televisi\u00f3n oficial del Gobierno, critic\u00f3 igualmente a Isabel D\u00edaz Ayuso, presidenta de la Comunidad, de la llegada masiva de turistas a Madrid, cuando habitualmente lo hacen a trav\u00e9s del Aeropuerto de Adolfo Su\u00e1rez-Barajas, cuyas entradas y salidas son responsabilidad del Gobierno central, de la que ella forma parte.<\/p>\n<p>Maroto tampoco ha sido capaz de resolver las disaster de Nissan, con el cierre de sus plantas en Barcelona, as\u00ed como las de Alcoa, tanto en Asturias como en Galicia, que afectan a much de trabajadores, o como el cierre del Cemex de sus dos plantas en Espa\u00f1a o el de Bosch en Barcelona, de Siemens-Gamesa, de Levi Strauss. En complete, son m\u00e1s de 200.00 empresas y m\u00e1s de 300.000 aut\u00f3nomos los que han echado el cierre en el \u00faltimo a\u00f1o, seg\u00fan el propio Instituto Nacional de Estad\u00edstica.<\/p>\n<p>La disaster del comercio, tambi\u00e9n responsabilidad del Ministerio de Reyes Maroto, no solo ha obligado a cerrar tiendas a peque\u00f1os comerciantes, si no tambi\u00e9n a las grandes cadenas como el Grupo Inditex, H&amp;M y El Corte Ingl\u00e9s, que ha anunciado el primer ERE de su historia con m\u00e1s de 3.000 trabajadores afectados.<\/p>\n<p>Desde la primavera de 2020,\u00a0 Maroto habla de que la recuperaci\u00f3n del turismo es inminente, sin que por el momento hay un s\u00f3lo atisbo o dato que apunte en esa direcci\u00f3n. Eso s\u00ed, ahora cube, que lo importante es la calidad y la sostenibilidad, no la cantidad de turistas que venga a vernos y llenen los vaciados hoteles espa\u00f1oles y reduzcan el paro en as zonas tur\u00edsticas que viven aut\u00e9nticos dramas de supervivencia econ\u00f3mica.<\/p>\n<p>\t\t\t\t\t\t\t\t<!-- .entry-footer --><br \/>\n\t\t\t\t<!-- end .entry-footer -->\n\t\t\t<\/div>\n\n<p><em> &#8221; Fuentes intereconomia.com &#8221; <\/em><\/p>\n","protected":false},"excerpt":{"rendered":"<p>16 abril, 2021 La ministra de Industria, Comercio y Turismo, Reyes Maroto, ser\u00e1 la vicepresidenta econ\u00f3mica de la Comunidad de Madrid si el candidato socialista, \u00c1ngel Gabilondo, forma gobierno en la regi\u00f3n tras las elecciones del pr\u00f3ximo 4 de mayo. Maroto, economista de profesi\u00f3n, no puede concurrir a las elecciones porque las listas para el [&hellip;]<\/p>\n","protected":false},"author":4,"featured_media":114540,"comment_status":"open","ping_status":"closed","sticky":false,"template":"","format":"standard","meta":{"om_disable_all_campaigns":false,"jnews-multi-image_gallery":[],"jnews_single_post":[],"jnews_primary_category":[],"jnews_social_meta":[],"footnotes":""},"categories":[40],"tags":[],"class_list":["post-114539","post","type-post","status-publish","format-standard","has-post-thumbnail","hentry","category-industria"],"_links":{"self":[{"href":"https:\/\/dimensionturistica.com\/es\/wp-json\/wp\/v2\/posts\/114539","targetHints":{"allow":["GET"]}}],"collection":[{"href":"https:\/\/dimensionturistica.com\/es\/wp-json\/wp\/v2\/posts"}],"about":[{"href":"https:\/\/dimensionturistica.com\/es\/wp-json\/wp\/v2\/types\/post"}],"author":[{"embeddable":true,"href":"https:\/\/dimensionturistica.com\/es\/wp-json\/wp\/v2\/users\/4"}],"replies":[{"embeddable":true,"href":"https:\/\/dimensionturistica.com\/es\/wp-json\/wp\/v2\/comments?post=114539"}],"version-history":[{"count":0,"href":"https:\/\/dimensionturistica.com\/es\/wp-json\/wp\/v2\/posts\/114539\/revisions"}],"wp:featuredmedia":[{"embeddable":true,"href":"https:\/\/dimensionturistica.com\/es\/wp-json\/wp\/v2\/media\/114540"}],"wp:attachment":[{"href":"https:\/\/dimensionturistica.com\/es\/wp-json\/wp\/v2\/media?parent=114539"}],"wp:term":[{"taxonomy":"category","embeddable":true,"href":"https:\/\/dimensionturistica.com\/es\/wp-json\/wp\/v2\/categories?post=114539"},{"taxonomy":"post_tag","embeddable":true,"href":"https:\/\/dimensionturistica.com\/es\/wp-json\/wp\/v2\/tags?post=114539"}],"curies":[{"name":"wp","href":"https:\/\/api.w.org\/{rel}","templated":true}]}}