{"id":1145377,"date":"2026-04-28T06:04:44","date_gmt":"2026-04-28T06:04:44","guid":{"rendered":"https:\/\/dimensionturistica.com\/es\/?p=1145377"},"modified":"2026-04-28T06:04:44","modified_gmt":"2026-04-28T06:04:44","slug":"aumentan-las-tarifas-aereas-mientras-escasea-el-combustible-esta-el-verano-europeo-en-stand-by","status":"publish","type":"post","link":"https:\/\/dimensionturistica.com\/es\/aumentan-las-tarifas-aereas-mientras-escasea-el-combustible-esta-el-verano-europeo-en-stand-by\/","title":{"rendered":"\u00bfAumentan las tarifas a\u00e9reas mientras escasea el combustible? \u00bfEst\u00e1 el verano europeo en stand by?"},"content":{"rendered":"<h3>\u00bfEst\u00e1 en peligro el verano europeo?<\/h3>\n<p>A medida que se acercan los meses estivales, el mundo de los viajes se prepara para la intensa temporada de vacaciones. Sin embargo, un panorama inesperado se cierne sobre las ansias de escapadas europeas: el costo de los vuelos ha aumentado de forma alarmante. Este fen\u00f3meno ha despertado inquietudes entre los viajeros, quienes se preguntan si el deseado verano en Europa podr\u00eda quedar en suspenso.<\/p>\n<h4>El impacto de los precios altos<\/h4>\n<p>Las tarifas a\u00e9reas han experimentado un incremento significativo, impulsadas por el aumento en los precios del combustible y otras variables econ\u00f3micas. Las aerol\u00edneas, esforz\u00e1ndose por equilibrar sus balances tras los estragos de la pandemia, han trasladado esos costos a los consumidores. Este escenario ha provocado que muchas personas reeval\u00faen sus planes, convirtiendo so\u00f1ado un viaje a Par\u00eds o Roma en un lujo m\u00e1s que en una realidad.<\/p>\n<h4>Demandas y ofertas fluctuantes<\/h4>\n<p>El desaf\u00edo no solo reside en los altos precios de los boletos, sino tambi\u00e9n en la imprevisibilidad del mercado. Las aerol\u00edneas navegan en aguas turbulentas y, a menudo, se ven forzadas a ajustar sus capacidades para adaptarse a la volatilidad. Esto significa que los destinos m\u00e1s populares enfrentar\u00e1n una mayor competencia por la asignaci\u00f3n de asientos y precios favorables, lo que podr\u00eda llevar a un aumento en la demanda.<\/p>\n<h4>Alternativas en el radar<\/h4>\n<p>Con tanto en juego, los viajeros est\u00e1n comenzando a buscar alternativas. Desde destinos menos conocidos dentro de Europa hasta opciones de viaje m\u00e1s asequibles en regiones cercanas, surge un nuevo enfoque en la planificaci\u00f3n de viajes. Pa\u00edses menos populares est\u00e1n viendo un aumento en el inter\u00e9s, ofreciendo experiencias \u00fanicas a precios m\u00e1s accesibles.<\/p>\n<h4>La resistencia del esp\u00edritu viajero<\/h4>\n<p>A pesar de los desaf\u00edos, el deseo de aventura sigue vivo. Los viajeros est\u00e1n aprendiendo a adaptarse, buscando ofertas y promociones que les permitan disfrutar del verano, aunque eso signifique explorar nuevas rutas o elegir momentos menos demandados para volar. La creatividad en la planificaci\u00f3n de las vacaciones se convierte en una herramienta esencial para quienes seeks to escape the ordinary.<\/p>\n<h4>Un nuevo enfoque de la experiencia<\/h4>\n<p>La situaci\u00f3n actual invita a reconsiderar no solo los destinos, sino tambi\u00e9n el enfoque de las vacaciones. Viajar con un sentido renovado, donde el viaje mismo se convierta en parte integral de la experiencia, puede ofrecer un cambio de perspectiva. Las escapadas en coche, las escapadas de fin de semana o incluso los viajes en tren se presentan como opciones viables y emocionantes, transformando la manera en que se concibe el &#8220;verano ideal&#8221;.<\/p>\n<h3>Reflexiones finales<\/h3>\n<p>La din\u00e1mica de los viajes este verano presenta retos, pero tambi\u00e9n oportunidades para innovar en la forma en que nos conectamos con el mundo. En un panorama que cambia r\u00e1pidamente, el esp\u00edritu de exploraci\u00f3n no debe ser desalentado. Aunque los costos aumentan, la pasi\u00f3n por descubrir sigue viva, prepar\u00e1ndonos para un verano inolvidable en el continente europeo, donde cada rinc\u00f3n tiene su propia historia que contar.<\/p>\n<p><em> &#8221; Fuentes www.vogue.com &#8221; <\/em><\/p>\n","protected":false},"excerpt":{"rendered":"<p>\u00bfEst\u00e1 en peligro el verano europeo? A medida que se acercan los meses estivales, el mundo de los viajes se prepara para la intensa temporada de vacaciones. Sin embargo, un panorama inesperado se cierne sobre las ansias de escapadas europeas: el costo de los vuelos ha aumentado de forma alarmante. Este fen\u00f3meno ha despertado inquietudes [&hellip;]<\/p>\n","protected":false},"author":14,"featured_media":1145378,"comment_status":"open","ping_status":"closed","sticky":false,"template":"","format":"standard","meta":{"om_disable_all_campaigns":false,"jnews-multi-image_gallery":[],"jnews_single_post":[],"jnews_primary_category":[],"jnews_social_meta":[],"footnotes":""},"categories":[144872],"tags":[181993,277252,277250,277248,277249,69354,277251,277247,71628],"class_list":["post-1145377","post","type-post","status-publish","format-standard","has-post-thumbnail","hentry","category-fashion","tag-airline-industry","tag-economic-implications","tag-euro-summer","tag-flight-prices","tag-fuel-costs","tag-latest","tag-travel-budget","tag-travel-retail","tag-travel-trends"],"_links":{"self":[{"href":"https:\/\/dimensionturistica.com\/es\/wp-json\/wp\/v2\/posts\/1145377","targetHints":{"allow":["GET"]}}],"collection":[{"href":"https:\/\/dimensionturistica.com\/es\/wp-json\/wp\/v2\/posts"}],"about":[{"href":"https:\/\/dimensionturistica.com\/es\/wp-json\/wp\/v2\/types\/post"}],"author":[{"embeddable":true,"href":"https:\/\/dimensionturistica.com\/es\/wp-json\/wp\/v2\/users\/14"}],"replies":[{"embeddable":true,"href":"https:\/\/dimensionturistica.com\/es\/wp-json\/wp\/v2\/comments?post=1145377"}],"version-history":[{"count":1,"href":"https:\/\/dimensionturistica.com\/es\/wp-json\/wp\/v2\/posts\/1145377\/revisions"}],"predecessor-version":[{"id":1145379,"href":"https:\/\/dimensionturistica.com\/es\/wp-json\/wp\/v2\/posts\/1145377\/revisions\/1145379"}],"wp:featuredmedia":[{"embeddable":true,"href":"https:\/\/dimensionturistica.com\/es\/wp-json\/wp\/v2\/media\/1145378"}],"wp:attachment":[{"href":"https:\/\/dimensionturistica.com\/es\/wp-json\/wp\/v2\/media?parent=1145377"}],"wp:term":[{"taxonomy":"category","embeddable":true,"href":"https:\/\/dimensionturistica.com\/es\/wp-json\/wp\/v2\/categories?post=1145377"},{"taxonomy":"post_tag","embeddable":true,"href":"https:\/\/dimensionturistica.com\/es\/wp-json\/wp\/v2\/tags?post=1145377"}],"curies":[{"name":"wp","href":"https:\/\/api.w.org\/{rel}","templated":true}]}}