{"id":1145335,"date":"2026-04-28T03:30:38","date_gmt":"2026-04-28T03:30:38","guid":{"rendered":"https:\/\/dimensionturistica.com\/es\/?p=1145335"},"modified":"2026-04-28T03:30:38","modified_gmt":"2026-04-28T03:30:38","slug":"zapatos-entrelazados-y-jeans-blancos-el-estilo-bohemio-que-conquista-a-beatrice-borromeo","status":"publish","type":"post","link":"https:\/\/dimensionturistica.com\/es\/zapatos-entrelazados-y-jeans-blancos-el-estilo-bohemio-que-conquista-a-beatrice-borromeo\/","title":{"rendered":"Zapatos entrelazados y jeans blancos: el estilo bohemio que conquista a Beatrice Borromeo"},"content":{"rendered":"<h3>Tendencia Primaveral: La Elegancia de Beatrice Borromeo<\/h3>\n<p>La llegada de la primavera trae consigo un aire renovado, y este 2026 no es la excepci\u00f3n. En un evento reciente, Beatrice Borromeo ha capturado la atenci\u00f3n de la esfera de la moda con su elecci\u00f3n de estilo, marcando un hito en las tendencias de esta temporada. Su outfit, una fusi\u00f3n perfecta entre lo cl\u00e1sico y lo contempor\u00e1neo, redefine el c\u00f3digo de vestimenta primaveral.<\/p>\n<h4>La Combinaci\u00f3n Perfecta: Jeans Blancos y Zapatos Trenzados<\/h4>\n<p>Uno de los elementos m\u00e1s destacados de su look son, sin duda, los jeans blancos. Vers\u00e1tiles y atemporales, estos se han consolidado como una prenda esencial en cualquier armario. La elecci\u00f3n de este color no solo evoca frescura, sino que tambi\u00e9n permite una amplia gama de combinaciones que pueden ser tanto casuales como elegantes.<\/p>\n<p>Pero la verdadera joya del ensemble radica en los zapatos trenzados, que aportan una dosis de sofisticaci\u00f3n. Esta tendencia ha tomado fuerza en las \u00faltimas temporadas, y Beatrice ha sabido interpretarla de manera magistral. Los zapatos con trenzados no solo son un gui\u00f1o a la artesan\u00eda, sino que tambi\u00e9n a\u00f1aden textura y un toque org\u00e1nico al look. Esta combinaci\u00f3n no solo es visualmente atractiva, sino que tambi\u00e9n resalta la atenci\u00f3n al detalle, un atributo esencial en la moda actual.<\/p>\n<h4>La Paleta de Colores<\/h4>\n<p>Otra caracter\u00edstica notable en su estilo es la paleta de colores. Los tonos neutros y claros, que predominan en su atuendo, reflejan la serenidad que trae la nueva temporada. Este enfoque en la simplicidad permite que los accesorios y detalles de dise\u00f1o se conviertan en los verdaderos protagonistas, enfatizando la riqueza de cada elemento sin recargar el look.<\/p>\n<h4>Inspiraci\u00f3n y Accesorios<\/h4>\n<p>Beatrice ha complementado su atuendo con accesorios cuidadosamente elegidos que realzan su presencia. Unos pendientes sutiles o un bolso estructurado pueden transformar un look b\u00e1sico en una declaraci\u00f3n de moda contundente. Siguiendo esta l\u00ednea, se observa un cambio hacia la preferencia por piezas que den prioridad a la calidad y la funcionalidad, en vez de seguir tendencias pasajeras.<\/p>\n<h4>\u00bfC\u00f3mo Incorporar Este Estilo?<\/h4>\n<p>Este look se puede adaptar f\u00e1cilmente en diferentes contextos, desde una salida casual hasta una cita m\u00e1s formal. Para quienes buscan emular este estilo, la clave est\u00e1 en elegir prendas de alta calidad y en crear un balance entre lo cl\u00e1sico y lo moderno. Invertir en unos buenos jeans blancos y un par de zapatos trenzados puede ser el primer paso hacia un guardarropa m\u00e1s chic y vers\u00e1til.<\/p>\n<h3>Conclusi\u00f3n<\/h3>\n<p>La primavera de 2026 se presenta como la temporada ideal para experimentar con lienzos de estilo frescos y atrevidos. Beatrice Borromeo, a trav\u00e9s de su atuendo, nos invita a jugar con la moda, destacando que menos es m\u00e1s. Con prendas que ofrecen elegancia sin esfuerzo, esta temporada promete convertirse en una celebraci\u00f3n de la individualidad y de la expresi\u00f3n personal. Mantente atento a estos detalles que definir\u00e1n la moda primaveral y que podr\u00edan, f\u00e1cilmente, inspirar tu pr\u00f3ximo look.<\/p>\n<p><em> &#8221; Fuentes www.vogue.mx &#8221; <\/em><\/p>\n","protected":false},"excerpt":{"rendered":"<p>Tendencia Primaveral: La Elegancia de Beatrice Borromeo La llegada de la primavera trae consigo un aire renovado, y este 2026 no es la excepci\u00f3n. En un evento reciente, Beatrice Borromeo ha capturado la atenci\u00f3n de la esfera de la moda con su elecci\u00f3n de estilo, marcando un hito en las tendencias de esta temporada. Su [&hellip;]<\/p>\n","protected":false},"author":14,"featured_media":1145336,"comment_status":"open","ping_status":"closed","sticky":false,"template":"","format":"standard","meta":{"om_disable_all_campaigns":false,"jnews-multi-image_gallery":[],"jnews_single_post":[],"jnews_primary_category":[],"jnews_social_meta":[],"footnotes":""},"categories":[144872],"tags":[25968,47742,6446,7758,166,206206,203156,659,25060,230504,2182,2873,277237],"class_list":["post-1145335","post","type-post","status-publish","format-standard","has-post-thumbnail","hentry","category-fashion","tag-beatrice-borromeo","tag-boho","tag-celebridades","tag-estilo","tag-fashion","tag-jeans-blancos","tag-look-boho","tag-moda","tag-outfit","tag-primavera-verano-2026","tag-tendencias","tag-verano","tag-zapatos-trenzados"],"_links":{"self":[{"href":"https:\/\/dimensionturistica.com\/es\/wp-json\/wp\/v2\/posts\/1145335","targetHints":{"allow":["GET"]}}],"collection":[{"href":"https:\/\/dimensionturistica.com\/es\/wp-json\/wp\/v2\/posts"}],"about":[{"href":"https:\/\/dimensionturistica.com\/es\/wp-json\/wp\/v2\/types\/post"}],"author":[{"embeddable":true,"href":"https:\/\/dimensionturistica.com\/es\/wp-json\/wp\/v2\/users\/14"}],"replies":[{"embeddable":true,"href":"https:\/\/dimensionturistica.com\/es\/wp-json\/wp\/v2\/comments?post=1145335"}],"version-history":[{"count":1,"href":"https:\/\/dimensionturistica.com\/es\/wp-json\/wp\/v2\/posts\/1145335\/revisions"}],"predecessor-version":[{"id":1145337,"href":"https:\/\/dimensionturistica.com\/es\/wp-json\/wp\/v2\/posts\/1145335\/revisions\/1145337"}],"wp:featuredmedia":[{"embeddable":true,"href":"https:\/\/dimensionturistica.com\/es\/wp-json\/wp\/v2\/media\/1145336"}],"wp:attachment":[{"href":"https:\/\/dimensionturistica.com\/es\/wp-json\/wp\/v2\/media?parent=1145335"}],"wp:term":[{"taxonomy":"category","embeddable":true,"href":"https:\/\/dimensionturistica.com\/es\/wp-json\/wp\/v2\/categories?post=1145335"},{"taxonomy":"post_tag","embeddable":true,"href":"https:\/\/dimensionturistica.com\/es\/wp-json\/wp\/v2\/tags?post=1145335"}],"curies":[{"name":"wp","href":"https:\/\/api.w.org\/{rel}","templated":true}]}}