{"id":1145293,"date":"2026-04-28T01:20:53","date_gmt":"2026-04-28T01:20:53","guid":{"rendered":"https:\/\/dimensionturistica.com\/es\/?p=1145293"},"modified":"2026-04-28T01:20:53","modified_gmt":"2026-04-28T01:20:53","slug":"mototaxistas-interrumpen-cruceros-en-juchitan-ciudadanos-demandan-su-desalojo","status":"publish","type":"post","link":"https:\/\/dimensionturistica.com\/es\/mototaxistas-interrumpen-cruceros-en-juchitan-ciudadanos-demandan-su-desalojo\/","title":{"rendered":"Mototaxistas interrumpen cruceros en Juchit\u00e1n; ciudadanos demandan su desalojo."},"content":{"rendered":"<h3>La Traves\u00eda de Juchit\u00e1n: Entre la Comodidad y el Desaf\u00edo de los Mototaxistas<\/h3>\n<p>En el coraz\u00f3n del Istmo de Tehuantepec, Juchit\u00e1n de Zaragoza resplandece con coloridos mercados, una rica cultura zapoteca y la calidez de su gente. Sin embargo, en los \u00faltimos d\u00edas, la ciudad ha sido escenario de tensiones que ponen bajo la lupa la convivencia entre diversos actores urbanos, especialmente los mototaxistas, quienes se han convertido en protagonistas de un movimiento que ha captado la atenci\u00f3n de los ciudadanos y visitantes por igual.<\/p>\n<p>La llegada de los mototaxis a Juchit\u00e1n ha transformado la forma en que los locales y turistas se desplazan. En un entorno donde la movilidad puede convertirse en un desaf\u00edo, estos veh\u00edculos han emergido como una soluci\u00f3n pr\u00e1ctica y accesible. Sin embargo, la comodidad que ofrecen se ha visto empa\u00f1ada por conflictos recientes en los que la ciudadan\u00eda ha demandado el reordenamiento de este servicio.<\/p>\n<p>Un evento significativo en esta controversia ocurri\u00f3 cuando un grupo de mototaxistas bloque\u00f3 varias intersecciones clave de la ciudad, lo que gener\u00f3 una fuerte reacci\u00f3n entre los habitantes. Como en muchos lugares del mundo, el acceso a un transporte eficiente es esencial para la vida diaria, pero cuando la oferta supera su ordenaci\u00f3n, surgen disputas que pueden afectar el flujo normal de la ciudad. La voz de los juchitecos se ha alzado clamando por una regulaci\u00f3n que equilibre la necesidad del transporte con el orden p\u00fablico.<\/p>\n<p>La riqueza cultural de Juchit\u00e1n, famosa por su gastronom\u00eda y festividades, puede verse desbordada por conflictos de movilidad que no solo comprometen la tranquilidad de sus calles, sino que tambi\u00e9n amenazan el atractivo que la ciudad tiene como destino tur\u00edstico. Los bloqueos, adem\u00e1s de generar descontento, pueden desincentivar a aquellos que planeaban disfrutar de la calidez de su gente y de su incomparable patrimonio. La pregunta que surge es: \u00bfc\u00f3mo se puede lograr un equilibrio que contemple las necesidades de todos los ciudadanos y la vitalidad del turismo?<\/p>\n<p>Los habitantes de Juchit\u00e1n, reconocidos por su esp\u00edritu resiliente, buscan respuestas que permitan la convivencia arm\u00f3nica entre mototaxistas y la comunidad. Se habla de la necesidad de implementar un plan de regulaci\u00f3n que favorezca un servicio adecuado, donde los mototaxistas contin\u00faen siendo una opci\u00f3n de transporte viable, pero dentro de un marco que garantice la seguridad y el orden.<\/p>\n<p>A medida que la situaci\u00f3n contin\u00faa evolucionando, las miradas est\u00e1n puestas en c\u00f3mo se desarrollar\u00e1n los acontecimientos. \u00bfSer\u00e1 posible encontrar un camino que garantice la comodidad de un transporte accesible, sin sacrificar la calidad de vida de los juchitecos? En un mundo donde el turismo, la cultura y la vida urbana convergen, Juchit\u00e1n tiene la oportunidad de ser un ejemplo de c\u00f3mo las comunidades pueden adaptarse y encontrar soluciones efectivas.<\/p>\n<p>Para el viajero, Juchit\u00e1n sigue siendo un destino atractivo repleto de historia, color y vida. Pero en medio de esta riqueza, tambi\u00e9n existe la oportunidad de reflexionar sobre el papel de cada uno de nosotros en la din\u00e1mica de nuestras ciudades. A medida que exploramos sus encantos, es importante reconocer los desaf\u00edos que enfrenta la comunidad y apoyarla en su b\u00fasqueda de soluciones, recordando que el verdadero viaje no solo se compone de vistas y experiencias, sino tambi\u00e9n de la gente y sus historias. <\/p>\n<p>La pr\u00f3xima vez que explores Juchit\u00e1n, no dudes en detenerte a conversar con los mototaxistas; su labor va m\u00e1s all\u00e1 del transporte, y en sus relatos puedes encontrar una parte esencial del alma juchiteca. As\u00ed, no solo ser\u00e1s un turista, sino un viajero que aprecia la complejidad de este hermoso rinc\u00f3n del mundo.<\/p>\n<p><em> &#8221; Fuentes entidadoaxaca.mx &#8221; <\/em><\/p>\n","protected":false},"excerpt":{"rendered":"<p>La Traves\u00eda de Juchit\u00e1n: Entre la Comodidad y el Desaf\u00edo de los Mototaxistas En el coraz\u00f3n del Istmo de Tehuantepec, Juchit\u00e1n de Zaragoza resplandece con coloridos mercados, una rica cultura zapoteca y la calidez de su gente. Sin embargo, en los \u00faltimos d\u00edas, la ciudad ha sido escenario de tensiones que ponen bajo la lupa [&hellip;]<\/p>\n","protected":false},"author":4,"featured_media":1145294,"comment_status":"open","ping_status":"closed","sticky":false,"template":"","format":"standard","meta":{"om_disable_all_campaigns":false,"jnews-multi-image_gallery":[],"jnews_single_post":[],"jnews_primary_category":[],"jnews_social_meta":[],"footnotes":""},"categories":[41],"tags":[16362,20125,7425,16412,137010,1347,705,3249,2334,653],"class_list":["post-1145293","post","type-post","status-publish","format-standard","has-post-thumbnail","hentry","category-cruceros","tag-bloqueos","tag-ciudadania","tag-conflicto","tag-juchitan","tag-mototaxistas","tag-movilidad","tag-noticias","tag-oaxaca","tag-protestas","tag-transporte"],"_links":{"self":[{"href":"https:\/\/dimensionturistica.com\/es\/wp-json\/wp\/v2\/posts\/1145293","targetHints":{"allow":["GET"]}}],"collection":[{"href":"https:\/\/dimensionturistica.com\/es\/wp-json\/wp\/v2\/posts"}],"about":[{"href":"https:\/\/dimensionturistica.com\/es\/wp-json\/wp\/v2\/types\/post"}],"author":[{"embeddable":true,"href":"https:\/\/dimensionturistica.com\/es\/wp-json\/wp\/v2\/users\/4"}],"replies":[{"embeddable":true,"href":"https:\/\/dimensionturistica.com\/es\/wp-json\/wp\/v2\/comments?post=1145293"}],"version-history":[{"count":1,"href":"https:\/\/dimensionturistica.com\/es\/wp-json\/wp\/v2\/posts\/1145293\/revisions"}],"predecessor-version":[{"id":1145295,"href":"https:\/\/dimensionturistica.com\/es\/wp-json\/wp\/v2\/posts\/1145293\/revisions\/1145295"}],"wp:featuredmedia":[{"embeddable":true,"href":"https:\/\/dimensionturistica.com\/es\/wp-json\/wp\/v2\/media\/1145294"}],"wp:attachment":[{"href":"https:\/\/dimensionturistica.com\/es\/wp-json\/wp\/v2\/media?parent=1145293"}],"wp:term":[{"taxonomy":"category","embeddable":true,"href":"https:\/\/dimensionturistica.com\/es\/wp-json\/wp\/v2\/categories?post=1145293"},{"taxonomy":"post_tag","embeddable":true,"href":"https:\/\/dimensionturistica.com\/es\/wp-json\/wp\/v2\/tags?post=1145293"}],"curies":[{"name":"wp","href":"https:\/\/api.w.org\/{rel}","templated":true}]}}