{"id":1145232,"date":"2026-04-27T23:07:16","date_gmt":"2026-04-27T23:07:16","guid":{"rendered":"https:\/\/dimensionturistica.com\/es\/?p=1145232"},"modified":"2026-04-27T23:07:16","modified_gmt":"2026-04-27T23:07:16","slug":"los-festivales-de-verano-2026-que-definen-el-turismo-segun-expertos-en-viajes","status":"publish","type":"post","link":"https:\/\/dimensionturistica.com\/es\/los-festivales-de-verano-2026-que-definen-el-turismo-segun-expertos-en-viajes\/","title":{"rendered":"Los festivales de verano 2026 que definen el turismo, seg\u00fan expertos en viajes."},"content":{"rendered":"<h3>Festivales que Transforman el Verano: Rutas y Experiencias \u00danicas<\/h3>\n<p>El verano es una \u00e9poca so\u00f1ada por muchos: sol, playa y la liberaci\u00f3n que aporta el calor. Sin embargo, hay un elemento que transforma esta estaci\u00f3n en algo verdaderamente especial: los festivales. Desde espect\u00e1culos musicales hasta ferias culturales, estos eventos no solo representan una celebraci\u00f3n, sino que tambi\u00e9n dictan las rutas que siguen los viajeros. Si eres un amante de las experiencias \u00fanicas y deseas explorar destinos vibrantes, los festivales de verano son tu mejor gu\u00eda.<\/p>\n<h4>El Efecto Magnetizante de los Festivales<\/h4>\n<p>Imagina una ciudad que, durante una semana, vibra al son de la m\u00fasica en vivo, los aromas de la gastronom\u00eda local y un sinf\u00edn de actividades que atraen a miles de visitantes. En diversos rincones del mundo, los festivales suelen convertirse en el coraz\u00f3n de las ciudades, atrayendo tanto a locales como a turistas. Este fen\u00f3meno ha llevado a que muchos viajeros planifiquen sus escapadas en torno a las fechas de estos eventos, creando as\u00ed rutas tur\u00edsticas que giran en torno a la m\u00fasica, la danza y la cultura.<\/p>\n<h4>Rutas Musicales: El Viaje Como Experiencia<\/h4>\n<p>En Europa, por ejemplo, festivales como el Primavera Sound en Barcelona o el Tomorrowland en B\u00e9lgica no solo destacan por su alineaci\u00f3n estelar, sino tambi\u00e9n por el ambiente que se respira. Los viajeros, atra\u00eddos por la m\u00fasica, suelen prolongar su estad\u00eda para explorar la ciudad, descubrir su historia y disfrutar de otras manifestaciones culturales. Las redes sociales y las plataformas de streaming han intensificado este fen\u00f3meno, convirtiendo a los festivales en aut\u00e9nticos imanes de turismo.<\/p>\n<h4>Gastronom\u00eda y Cultura: Festivales que Deleitan<\/h4>\n<p>Las festividades no se limitan a la m\u00fasica; muchos festivales gastron\u00f3micos est\u00e1n emergiendo en diversas localidades, transform\u00e1ndose en una verdadera celebraci\u00f3n del arte culinario. Eventos como la Feria de la Tapa en Sevilla o el Festival Gastron\u00f3mico en San Sebasti\u00e1n atraen a viajeros que buscan no solo deleitar su paladar, sino tambi\u00e9n adentrarse en las tradiciones de cada regi\u00f3n. As\u00ed, la experiencia culinaria trasciende lo ef\u00edmero para crear conexiones m\u00e1s profundas entre los visitantes y el destino.<\/p>\n<h4>El Impacto en la Sostenibilidad<\/h4>\n<p>A medida que la demanda por experiencias aut\u00e9nticas crece, tambi\u00e9n lo hace la necesidad de viajar de manera m\u00e1s sostenible. Muchos festivales est\u00e1n tomando medidas para reducir su huella ambiental, promoviendo el reciclaje y la utilizaci\u00f3n de energ\u00edas renovables. Esto no solo beneficia al medio ambiente, sino que agrega un valor extra a la experiencia del viajero consciente, que busca disfrutar de la cultura local sin comprometer la belleza natural del destino.<\/p>\n<h4>Desaf\u00edos y Oportunidades<\/h4>\n<p>A pesar del entusiasmo que generan, los festivales tambi\u00e9n enfrentan desaf\u00edos. La masificaci\u00f3n puede llevar a problemas de sostenibilidad y afectaci\u00f3n a los entornos locales. Sin embargo, aquellos organizadores que adoptan un enfoque responsable y sostenible est\u00e1n dando un paso en la direcci\u00f3n correcta, asegurando que estas celebraciones puedan disfrutarse por generaciones futuras. <\/p>\n<h4>Conclusi\u00f3n: Viajeros, \u00bfEst\u00e1n Listos?<\/h4>\n<p>Este verano, deja que los festivales marquen tu itinerario. En cada nota musical, en cada bocado local, hay una historia esperando ser descubierta. As\u00ed que organiza tu ruta, empaca tu equipaje y prep\u00e1rate para vivir experiencias que solo los festivales pueden ofrecer. La aventura te est\u00e1 esperando, y el ritmo del verano la har\u00e1 inolvidable. \u00a1Atr\u00e9vete a ser parte de esta celebraci\u00f3n global!<\/p>\n<p><em> &#8221; Fuentes www.hosteltur.com &#8221; <\/em><\/p>\n","protected":false},"excerpt":{"rendered":"<p>Festivales que Transforman el Verano: Rutas y Experiencias \u00danicas El verano es una \u00e9poca so\u00f1ada por muchos: sol, playa y la liberaci\u00f3n que aporta el calor. Sin embargo, hay un elemento que transforma esta estaci\u00f3n en algo verdaderamente especial: los festivales. Desde espect\u00e1culos musicales hasta ferias culturales, estos eventos no solo representan una celebraci\u00f3n, sino [&hellip;]<\/p>\n","protected":false},"author":4,"featured_media":1145233,"comment_status":"open","ping_status":"closed","sticky":false,"template":"","format":"standard","meta":{"om_disable_all_campaigns":false,"jnews-multi-image_gallery":[],"jnews_single_post":[],"jnews_primary_category":[],"jnews_social_meta":[],"footnotes":""},"categories":[39],"tags":[55723,724,115744,3647,872,29721,29729,2925,2182,544,116819,2873,545],"class_list":["post-1145232","post","type-post","status-publish","format-standard","has-post-thumbnail","hentry","category-viajes","tag-55723","tag-eventos","tag-eventos-musicales","tag-experiencia","tag-festival","tag-kiwi","tag-kiwi-com","tag-ocio","tag-tendencias","tag-turismo","tag-turismo-musical","tag-verano","tag-viajes"],"_links":{"self":[{"href":"https:\/\/dimensionturistica.com\/es\/wp-json\/wp\/v2\/posts\/1145232","targetHints":{"allow":["GET"]}}],"collection":[{"href":"https:\/\/dimensionturistica.com\/es\/wp-json\/wp\/v2\/posts"}],"about":[{"href":"https:\/\/dimensionturistica.com\/es\/wp-json\/wp\/v2\/types\/post"}],"author":[{"embeddable":true,"href":"https:\/\/dimensionturistica.com\/es\/wp-json\/wp\/v2\/users\/4"}],"replies":[{"embeddable":true,"href":"https:\/\/dimensionturistica.com\/es\/wp-json\/wp\/v2\/comments?post=1145232"}],"version-history":[{"count":1,"href":"https:\/\/dimensionturistica.com\/es\/wp-json\/wp\/v2\/posts\/1145232\/revisions"}],"predecessor-version":[{"id":1145234,"href":"https:\/\/dimensionturistica.com\/es\/wp-json\/wp\/v2\/posts\/1145232\/revisions\/1145234"}],"wp:featuredmedia":[{"embeddable":true,"href":"https:\/\/dimensionturistica.com\/es\/wp-json\/wp\/v2\/media\/1145233"}],"wp:attachment":[{"href":"https:\/\/dimensionturistica.com\/es\/wp-json\/wp\/v2\/media?parent=1145232"}],"wp:term":[{"taxonomy":"category","embeddable":true,"href":"https:\/\/dimensionturistica.com\/es\/wp-json\/wp\/v2\/categories?post=1145232"},{"taxonomy":"post_tag","embeddable":true,"href":"https:\/\/dimensionturistica.com\/es\/wp-json\/wp\/v2\/tags?post=1145232"}],"curies":[{"name":"wp","href":"https:\/\/api.w.org\/{rel}","templated":true}]}}