{"id":1145220,"date":"2026-04-27T22:25:15","date_gmt":"2026-04-27T22:25:15","guid":{"rendered":"https:\/\/dimensionturistica.com\/es\/?p=1145220"},"modified":"2026-04-27T22:25:15","modified_gmt":"2026-04-27T22:25:15","slug":"27-ofertas-imperdibles-en-el-evento-de-belleza-de-verano","status":"publish","type":"post","link":"https:\/\/dimensionturistica.com\/es\/27-ofertas-imperdibles-en-el-evento-de-belleza-de-verano\/","title":{"rendered":"27 Ofertas Imperdibles en el Evento de Belleza de Verano"},"content":{"rendered":"<h3>Un Verano Radiante: Las Tendencias de Belleza que Dominan la Temporada<\/h3>\n<p>Con la llegada del verano, el mundo de la belleza se expande y renueva, ofreciendo a los entusiastas de la moda la oportunidad de explorar nuevas tendencias y productos innovadores. Este a\u00f1o, un evento especial se destaca en el horizonte, prometiendo transformar nuestra rutina de belleza y elevar nuestro look estival a nuevas alturas. <\/p>\n<h4>Tendencias que Marcan la Diferencia<\/h4>\n<p>Este verano, se observa un claro desv\u00edo hacia la naturalidad y la frescura. Las texturas ligeras y los acabados luminosos son fundamentales en la paleta de belleza, con productos que resaltan la piel radiante y el cabello saludable. En este sentido, las bases ligeras se convierten en aliadas invaluables, permitiendo que la belleza natural brille sin esfuerzo, mientras que los iluminadores aportan ese toque de magia necesario para un acabado veraniego.<\/p>\n<h4>Innovaciones que Asombran<\/h4>\n<p>Las marcas se est\u00e1n reinventando, ofreciendo f\u00f3rmulas innovadoras que no solo embellecen, sino que tambi\u00e9n cuidan la piel. Ingredientes como el \u00e1cido hialur\u00f3nico y extractos naturales est\u00e1n en el centro de atenci\u00f3n. Estos componentes no solo prometen hidrataci\u00f3n profunda, sino que tambi\u00e9n ayudan a combatir los efectos da\u00f1inos del sol, una consideraci\u00f3n crucial durante la temporada estival. Adem\u00e1s, la sostenibilidad sigue ganando terreno, con productos que no solo son eficaces, sino que tambi\u00e9n respetan el medio ambiente.<\/p>\n<h4>El Poder del Color<\/h4>\n<p>En cuanto a la paleta de colores, los tonos vibrantes y alegres se imponen. Desde labiales en tonos coral hasta sombras de ojos en azules intensos, cada producto es una invitaci\u00f3n a jugar y expresarse. La tendencia del \u201cmakeup no makeup\u201d tambi\u00e9n se combina con acentos audaces, permitiendo a cada persona encontrar su balance ideal entre lo sutil y lo llamativo.<\/p>\n<h4>La Experiencia Online<\/h4>\n<p>La comodidad de las compras online se ha intensificado. Plataformas como Amazon se convierten en el epicentro de las mejores ofertas de belleza. Con un clic, se puede acceder a un universo de productos, desde los m\u00e1s reconocidos hasta lanzamientos emergentes, facilitando que cada entusiasta de la belleza encuentre lo que busca sin salir de casa. La experiencia de compra es r\u00e1pida y eficiente, asegurando que nadie se pierda las \u00faltimas tendencias del verano.<\/p>\n<h4>Consejos para Brillar Este Verano<\/h4>\n<p>Aprovechar al m\u00e1ximo las ofertas y tendencias puede parecer un reto, pero algunos consejos simples pueden marcar la diferencia. Combina productos en capas, alternando entre hidrataci\u00f3n y cobertura, y no temas experimentar con diferentes tonos para encontrar lo que mejor se adapta a tu estilo personal. No olvides siempre proteger tu piel del sol; la mejor base es una piel saludable.<\/p>\n<p>Este verano, el mundo de la belleza se presenta como un lienzo lleno de posibilidades, y las herramientas para crear un look \u00fanico est\u00e1n a solo un clic de distancia. As\u00ed, los apasionados de la moda pueden celebrar la temporada con una est\u00e9tica refrescante y vibrante que captura la esencia del calor estival. \u00bfListos para sumergirse en esta aventura de color y luz? La belleza veraniega est\u00e1 a punto de florecer.<\/p>\n<p><em> &#8221; Fuentes www.vogue.com &#8221; <\/em><\/p>\n","protected":false},"excerpt":{"rendered":"<p>Un Verano Radiante: Las Tendencias de Belleza que Dominan la Temporada Con la llegada del verano, el mundo de la belleza se expande y renueva, ofreciendo a los entusiastas de la moda la oportunidad de explorar nuevas tendencias y productos innovadores. Este a\u00f1o, un evento especial se destaca en el horizonte, prometiendo transformar nuestra rutina [&hellip;]<\/p>\n","protected":false},"author":14,"featured_media":1145221,"comment_status":"open","ping_status":"closed","sticky":false,"template":"","format":"standard","meta":{"om_disable_all_campaigns":false,"jnews-multi-image_gallery":[],"jnews_single_post":[],"jnews_primary_category":[],"jnews_social_meta":[],"footnotes":""},"categories":[144872],"tags":[579,200911,70499,70213,247017,69545,62298,202,24096,277206],"class_list":["post-1145220","post","type-post","status-publish","format-standard","has-post-thumbnail","hentry","category-fashion","tag-amazon","tag-beauty-products","tag-discounts","tag-event","tag-must-have-items","tag-promotions","tag-sales","tag-shopping","tag-summer","tag-summer-beauty-deals"],"_links":{"self":[{"href":"https:\/\/dimensionturistica.com\/es\/wp-json\/wp\/v2\/posts\/1145220","targetHints":{"allow":["GET"]}}],"collection":[{"href":"https:\/\/dimensionturistica.com\/es\/wp-json\/wp\/v2\/posts"}],"about":[{"href":"https:\/\/dimensionturistica.com\/es\/wp-json\/wp\/v2\/types\/post"}],"author":[{"embeddable":true,"href":"https:\/\/dimensionturistica.com\/es\/wp-json\/wp\/v2\/users\/14"}],"replies":[{"embeddable":true,"href":"https:\/\/dimensionturistica.com\/es\/wp-json\/wp\/v2\/comments?post=1145220"}],"version-history":[{"count":1,"href":"https:\/\/dimensionturistica.com\/es\/wp-json\/wp\/v2\/posts\/1145220\/revisions"}],"predecessor-version":[{"id":1145222,"href":"https:\/\/dimensionturistica.com\/es\/wp-json\/wp\/v2\/posts\/1145220\/revisions\/1145222"}],"wp:featuredmedia":[{"embeddable":true,"href":"https:\/\/dimensionturistica.com\/es\/wp-json\/wp\/v2\/media\/1145221"}],"wp:attachment":[{"href":"https:\/\/dimensionturistica.com\/es\/wp-json\/wp\/v2\/media?parent=1145220"}],"wp:term":[{"taxonomy":"category","embeddable":true,"href":"https:\/\/dimensionturistica.com\/es\/wp-json\/wp\/v2\/categories?post=1145220"},{"taxonomy":"post_tag","embeddable":true,"href":"https:\/\/dimensionturistica.com\/es\/wp-json\/wp\/v2\/tags?post=1145220"}],"curies":[{"name":"wp","href":"https:\/\/api.w.org\/{rel}","templated":true}]}}