{"id":1145217,"date":"2026-04-27T22:24:43","date_gmt":"2026-04-27T22:24:43","guid":{"rendered":"https:\/\/dimensionturistica.com\/es\/?p=1145217"},"modified":"2026-04-27T22:24:43","modified_gmt":"2026-04-27T22:24:43","slug":"la-aventura-ciclista-mas-intensa-hacia-el-mundial-dos-cordobeses-recorreran-7-500-km-en-bicicleta-cruzando-diez-naciones","status":"publish","type":"post","link":"https:\/\/dimensionturistica.com\/es\/la-aventura-ciclista-mas-intensa-hacia-el-mundial-dos-cordobeses-recorreran-7-500-km-en-bicicleta-cruzando-diez-naciones\/","title":{"rendered":"La aventura ciclista m\u00e1s intensa hacia el Mundial: dos cordobeses recorrer\u00e1n 7.500 km en bicicleta, cruzando diez naciones."},"content":{"rendered":"<h3>Pedaleando hacia el Mundial: Una Aventura sin Fronteras<\/h3>\n<p>El f\u00fatbol no es solo un deporte; es una pasi\u00f3n que une a los pueblos, une corazones. Y cuando se trata de un evento de la magnitud del Mundial, esa pasi\u00f3n se transforma en un viaje \u00fanico que trasciende el juego. As\u00ed es como dos intr\u00e9pidos cordobeses, \u00c1lvarez y Gonz\u00e1lez, decidieron vivir esta experiencia de una manera que pocos se atrever\u00edan: recorriendo m\u00e1s de 7,500 kil\u00f3metros en bicicleta, atravesando diez pa\u00edses en su ruta hacia el campeonato mundial que se celebrar\u00e1 en 2026.<\/p>\n<h4>Una Traviesa Ruta<\/h4>\n<p>La aventura de estos ciclistas argentinos es mucho m\u00e1s que un simple desplazamiento geogr\u00e1fico. Comenzando su traves\u00eda en su tierra natal en C\u00f3rdoba, estos aventureros se lanzar\u00e1n por caminos que los llevar\u00e1n a trav\u00e9s de las vastas pampas argentinas, surcando monta\u00f1as y cruzando r\u00edos, mientras navegan por el cambiante paisaje del continente sudamericano. Con cada pedaleada, no solo se enfrentar\u00e1n a desaf\u00edos f\u00edsicos, sino que tambi\u00e9n se sumergir\u00e1n en la rica diversidad cultural de cada pa\u00eds que visitan.<\/p>\n<h4>La Belleza de la Amistad<\/h4>\n<p>M\u00e1s all\u00e1 de la kilom\u00e9trica distancia, este viaje se convierte en un tributo a la amistad y la camarader\u00eda. Pedalear durante d\u00edas bajo el sol abrasador, compartir an\u00e9cdotas con personas de diferentes pa\u00edses, y disfrutar de la cocina local se convertir\u00e1n en momentos inolvidables que forjar\u00e1n un lazo a\u00fan m\u00e1s fuerte entre ellos.<\/p>\n<h4>Un Recorrido Intr\u00e9pido<\/h4>\n<p>Su ruta los llevar\u00e1 a cruzar fronteras ic\u00f3nicas como Brasil y Uruguay, con paradas en lugares emblem\u00e1ticos llenos de historia. Imagina pedalear por las costas del Atl\u00e1ntico, mientras el sonido de las olas acompa\u00f1a cada milla recorrida. La experiencia se enriquecer\u00e1 con la posibilidad de conocer a otros aficionados al f\u00fatbol, que se convertir\u00e1n en aliados y amigos en el camino.<\/p>\n<h4>Desaf\u00edos y Preparativos<\/h4>\n<p>Sin embargo, la aventura no est\u00e1 exenta de retos. Los ciclistas deben prepararse f\u00edsicamente y mentalmente para enfrentar no solo la exigencia del trayecto, sino tambi\u00e9n los imprevistos que pueden surgir en el camino: cambios clim\u00e1ticos, terrenos accidentados y, por supuesto, mantenerse motivados durante largas jornadas.<\/p>\n<h4>Un Viaje que Inspira<\/h4>\n<p>La traves\u00eda de estos cordobeses no solo ser\u00e1 una experiencia personal; tambi\u00e9n tiene un mensaje universal: seguir nuestros sue\u00f1os puede llevarnos a lugares inimaginables. A trav\u00e9s de su viaje, inspirar\u00e1n a otros a explorar el mundo, a salir de su zona de confort y a ver el deporte como un veh\u00edculo para conectar y descubrir nuevas culturas.<\/p>\n<h3>La Meta<\/h3>\n<p>El objetivo final de \u00c1lvarez y Gonz\u00e1lez es llegar al Mundial de 2026 en condiciones f\u00edsicas y espirituales al m\u00e1ximo, listos para celebrar el encuentro de su selecci\u00f3n en un evento que trasciende el deporte y se convierte en un festival de culturas. Su haza\u00f1a prometedora se convierte en una invitaci\u00f3n para que todos nos aventuremos m\u00e1s all\u00e1 de las pantallas, saliendo a vivir experiencias que nos enriquezcan y nos acerquen a la esencia misma de lo que significa ser humano.<\/p>\n<p>As\u00ed, el viaje de estos dos cordobeses pedaleando hacia el Mundial se transforma en un s\u00edmbolo de valent\u00eda, amistad y la inquebrantable pasi\u00f3n por el f\u00fatbol que, sin duda, resonar\u00e1 en los corazones de los aficionados al deporte. Un recordatorio de que, a veces, el camino m\u00e1s extraordinario no es solo el destino, sino cada pedalada que nos acerca a nuestras metas.<\/p>\n<p><em> &#8221; Fuentes www.infobae.com &#8221; <\/em><\/p>\n","protected":false},"excerpt":{"rendered":"<p>Pedaleando hacia el Mundial: Una Aventura sin Fronteras El f\u00fatbol no es solo un deporte; es una pasi\u00f3n que une a los pueblos, une corazones. Y cuando se trata de un evento de la magnitud del Mundial, esa pasi\u00f3n se transforma en un viaje \u00fanico que trasciende el juego. As\u00ed es como dos intr\u00e9pidos cordobeses, [&hellip;]<\/p>\n","protected":false},"author":4,"featured_media":1145218,"comment_status":"open","ping_status":"closed","sticky":false,"template":"","format":"standard","meta":{"om_disable_all_campaigns":false,"jnews-multi-image_gallery":[],"jnews_single_post":[],"jnews_primary_category":[],"jnews_social_meta":[],"footnotes":""},"categories":[39],"tags":[277205,768,13687,2388,558,664,2280,3755,6818,204879],"class_list":["post-1145217","post","type-post","status-publish","format-standard","has-post-thumbnail","hentry","category-viajes","tag-7-500-km","tag-argentina","tag-aventura","tag-ciclismo","tag-cordoba","tag-deporte","tag-mundial","tag-paises","tag-recorrido","tag-viaje-extremo"],"_links":{"self":[{"href":"https:\/\/dimensionturistica.com\/es\/wp-json\/wp\/v2\/posts\/1145217","targetHints":{"allow":["GET"]}}],"collection":[{"href":"https:\/\/dimensionturistica.com\/es\/wp-json\/wp\/v2\/posts"}],"about":[{"href":"https:\/\/dimensionturistica.com\/es\/wp-json\/wp\/v2\/types\/post"}],"author":[{"embeddable":true,"href":"https:\/\/dimensionturistica.com\/es\/wp-json\/wp\/v2\/users\/4"}],"replies":[{"embeddable":true,"href":"https:\/\/dimensionturistica.com\/es\/wp-json\/wp\/v2\/comments?post=1145217"}],"version-history":[{"count":1,"href":"https:\/\/dimensionturistica.com\/es\/wp-json\/wp\/v2\/posts\/1145217\/revisions"}],"predecessor-version":[{"id":1145219,"href":"https:\/\/dimensionturistica.com\/es\/wp-json\/wp\/v2\/posts\/1145217\/revisions\/1145219"}],"wp:featuredmedia":[{"embeddable":true,"href":"https:\/\/dimensionturistica.com\/es\/wp-json\/wp\/v2\/media\/1145218"}],"wp:attachment":[{"href":"https:\/\/dimensionturistica.com\/es\/wp-json\/wp\/v2\/media?parent=1145217"}],"wp:term":[{"taxonomy":"category","embeddable":true,"href":"https:\/\/dimensionturistica.com\/es\/wp-json\/wp\/v2\/categories?post=1145217"},{"taxonomy":"post_tag","embeddable":true,"href":"https:\/\/dimensionturistica.com\/es\/wp-json\/wp\/v2\/tags?post=1145217"}],"curies":[{"name":"wp","href":"https:\/\/api.w.org\/{rel}","templated":true}]}}