{"id":1145169,"date":"2026-04-27T21:01:19","date_gmt":"2026-04-27T21:01:19","guid":{"rendered":"https:\/\/dimensionturistica.com\/es\/?p=1145169"},"modified":"2026-04-27T21:01:19","modified_gmt":"2026-04-27T21:01:19","slug":"lady-gaga-y-doechii-deslumbran-en-la-pasarela-con-runway","status":"publish","type":"post","link":"https:\/\/dimensionturistica.com\/es\/lady-gaga-y-doechii-deslumbran-en-la-pasarela-con-runway\/","title":{"rendered":"Lady Gaga y Doechii Deslumbran en la Pasarela con &#8220;Runway&#8221;"},"content":{"rendered":"<h3>Moda y M\u00fasica: El Dueto Perfecto en la Pasarela<\/h3>\n<p>En el fascinante mundo de la moda, pocos eventos logran capturar tanto la atenci\u00f3n como las pasarelas de alta costura, donde la creatividad y la innovaci\u00f3n se entrelazan con los ecos de la m\u00fasica. Recientemente, dos figuras ic\u00f3nicas han dejado una impresi\u00f3n duradera en este escenario: la inigualable Lady Gaga y la emergente estrella del R&amp;B, Doechii. <\/p>\n<p>Imagina un lugar donde el ritmo de una melod\u00eda se fusiona con la est\u00e9tica visual m\u00e1s deslumbrante. Esa fue la atm\u00f3sfera vibrante que llen\u00f3 el aire durante el \u00faltimo desfile, donde ambas artistas no solo brillaron por su talento, sino tambi\u00e9n por la forma en que redefinieron las fronteras entre la moda y el entretenimiento. <\/p>\n<p>Lady Gaga, conocida por su estilo audaz y provocador, deslumbr\u00f3 con un look que captur\u00f3 la esencia de su personalidad: arriesgada, \u00fanica y siempre inesperada. Con cada paso en la pasarela, la diva demostr\u00f3 que la moda es una forma de expresi\u00f3n art\u00edstica, un lienzo para mostrar no solo prendas, sino tambi\u00e9n emociones. Su presencia es un recordatorio de que la moda puede ser tanto un reflejo de nuestra identidad como una declaraci\u00f3n de intenciones.<\/p>\n<p>Por otro lado, Doechii, con su estilo fresco y su energ\u00eda din\u00e1mica, marc\u00f3 su huella con un look igualmente encantador. Su habilidad para combinar audacia y elegancia reson\u00f3 con una generaci\u00f3n m\u00e1s joven que busca autenticidad y voz propia. En cada movimiento, se pod\u00eda sentir la fusi\u00f3n de la m\u00fasica y la moda, llevando a los espectadores en un viaje que iba m\u00e1s all\u00e1 de lo visual.<\/p>\n<p>Este magno evento no solo se trat\u00f3 de tendencias, sino tambi\u00e9n de la narrativa que rodea a cada artista. Ambos transmitieron un mensaje poderoso sobre la autoexpresi\u00f3n, la aceptaci\u00f3n y la ruptura de estereotipos. Justo cuando la moda parec\u00eda estancarse en patrones predecibles, la intervenci\u00f3n de estas dos artistas inyect\u00f3 una dosis de frescura y emoci\u00f3n que se sent\u00eda en cada rinc\u00f3n del venue.<\/p>\n<p>Los desfiles se han convertido en el nuevo escenario para que las figuras p\u00fablicas se manifiesten, no solo por su vestimenta, sino tambi\u00e9n por su postura ante temas sociales y culturales. En este sentido, Gaga y Doechii no solo vistieron trajes; llevaron consigo un mensaje sobre la diversidad, la autoaceptaci\u00f3n y la importancia de ser aut\u00e9nticos en un mundo que a menudo pide conformidad.<\/p>\n<p>Para los amantes del turismo, estos eventos son un atractivo irresistible. La posibilidad de presenciar un desfile de estas proporciones no s\u00f3lo promete una experiencia visual \u00fanica, sino tambi\u00e9n la oportunidad de involucrarse en un entorno que celebra la creatividad y la cultura contempor\u00e1nea. Si est\u00e1s planeando un viaje, considera incluir en tu itinerario la asistencia a uno de estos desfiles. Es una experiencia que va m\u00e1s all\u00e1 de lo material, invit\u00e1ndote a ser parte de una narrativa m\u00e1s amplia sobre qui\u00e9nes somos y c\u00f3mo nos expresamos en un mundo en constante cambio.<\/p>\n<p>As\u00ed, la moda y la m\u00fasica contin\u00faan su danza interminable, una combinaci\u00f3n que promete seguir cautivando e inspirando a generaciones venideras. Quien se atreva a contemplar esta fusi\u00f3n, sin duda, se encontrar\u00e1 en el epicentro de una revoluci\u00f3n cultural que apenas comienza a mostrar su verdadero potencial. \u00a1Prep\u00e1rate para dejarte llevar por la magia de la pasarela!<\/p>\n<p><em> &#8221; Fuentes columnadigital.com &#8221; <\/em><\/p>\n","protected":false},"excerpt":{"rendered":"<p>Moda y M\u00fasica: El Dueto Perfecto en la Pasarela En el fascinante mundo de la moda, pocos eventos logran capturar tanto la atenci\u00f3n como las pasarelas de alta costura, donde la creatividad y la innovaci\u00f3n se entrelazan con los ecos de la m\u00fasica. Recientemente, dos figuras ic\u00f3nicas han dejado una impresi\u00f3n duradera en este escenario: [&hellip;]<\/p>\n","protected":false},"author":4,"featured_media":1145170,"comment_status":"open","ping_status":"closed","sticky":false,"template":"","format":"standard","meta":{"om_disable_all_campaigns":false,"jnews-multi-image_gallery":[],"jnews_single_post":[],"jnews_primary_category":[],"jnews_social_meta":[],"footnotes":""},"categories":[39],"tags":[6804,4569,233985,97392,212520,7758,266332,166,207157,659,2282,94447,1252,2182,442],"class_list":["post-1145169","post","type-post","status-publish","format-standard","has-post-thumbnail","hentry","category-viajes","tag-artistas","tag-colaboracion","tag-columna-digital","tag-dimension-turistica-magazine","tag-doechii","tag-estilo","tag-estilo-vanguardista","tag-fashion","tag-lady-gaga","tag-moda","tag-musica","tag-runway","tag-tendencia","tag-tendencias","tag-video"],"_links":{"self":[{"href":"https:\/\/dimensionturistica.com\/es\/wp-json\/wp\/v2\/posts\/1145169","targetHints":{"allow":["GET"]}}],"collection":[{"href":"https:\/\/dimensionturistica.com\/es\/wp-json\/wp\/v2\/posts"}],"about":[{"href":"https:\/\/dimensionturistica.com\/es\/wp-json\/wp\/v2\/types\/post"}],"author":[{"embeddable":true,"href":"https:\/\/dimensionturistica.com\/es\/wp-json\/wp\/v2\/users\/4"}],"replies":[{"embeddable":true,"href":"https:\/\/dimensionturistica.com\/es\/wp-json\/wp\/v2\/comments?post=1145169"}],"version-history":[{"count":1,"href":"https:\/\/dimensionturistica.com\/es\/wp-json\/wp\/v2\/posts\/1145169\/revisions"}],"predecessor-version":[{"id":1145171,"href":"https:\/\/dimensionturistica.com\/es\/wp-json\/wp\/v2\/posts\/1145169\/revisions\/1145171"}],"wp:featuredmedia":[{"embeddable":true,"href":"https:\/\/dimensionturistica.com\/es\/wp-json\/wp\/v2\/media\/1145170"}],"wp:attachment":[{"href":"https:\/\/dimensionturistica.com\/es\/wp-json\/wp\/v2\/media?parent=1145169"}],"wp:term":[{"taxonomy":"category","embeddable":true,"href":"https:\/\/dimensionturistica.com\/es\/wp-json\/wp\/v2\/categories?post=1145169"},{"taxonomy":"post_tag","embeddable":true,"href":"https:\/\/dimensionturistica.com\/es\/wp-json\/wp\/v2\/tags?post=1145169"}],"curies":[{"name":"wp","href":"https:\/\/api.w.org\/{rel}","templated":true}]}}