{"id":1145166,"date":"2026-04-27T20:43:08","date_gmt":"2026-04-27T20:43:08","guid":{"rendered":"https:\/\/dimensionturistica.com\/es\/?p=1145166"},"modified":"2026-04-27T20:43:08","modified_gmt":"2026-04-27T20:43:08","slug":"lady-gaga-y-doechii-marcan-tendencia-en-el-video-runway-con-estilo-vanguardista","status":"publish","type":"post","link":"https:\/\/dimensionturistica.com\/es\/lady-gaga-y-doechii-marcan-tendencia-en-el-video-runway-con-estilo-vanguardista\/","title":{"rendered":"Lady Gaga y Doechii Marcan Tendencia en el Video &#8220;Runway&#8221; con Estilo Vanguardista"},"content":{"rendered":"<p><strong>La Sinergia Entre Moda y M\u00fasica en la \u00daltima Colaboraci\u00f3n Visual de Lady Gaga y Doechii<\/strong><\/p>\n<p>En el vibrante universo de la moda y la m\u00fasica, una reciente producci\u00f3n ha capturado la atenci\u00f3n de audiencias globales, fusionando estilos ic\u00f3nicos y sonidos innovadores. La uni\u00f3n entre Lady Gaga y la prometedora artista Doechii ha llevado a la pasarela al terreno audiovisual, donde cada fotograma se convierte en una declaraci\u00f3n de intenciones.<\/p>\n<h3>Un Desfile de Creatividad Desatada<\/h3>\n<p>El video musical, que se presenta como una aut\u00e9ntica obra de arte, combina elementos de pasarela y performance, ofreciendo un espect\u00e1culo visual que desaf\u00eda las normas convencionales. Con un enfoque en la alta moda, los trajes exhibidos no solo reflejan las \u00faltimas tendencias, sino que tambi\u00e9n cuentan una historia. Cada atuendo es una mezcla de colores llamativos, texturas sorprendentes y siluetas audaces que mantienen a los espectadores al borde de sus asientos.<\/p>\n<h3>Estilo Sin Fronteras<\/h3>\n<p>Lo que realmente destaca en esta colaboraci\u00f3n es el atrevimiento en el dise\u00f1o. Desde piezas arquitect\u00f3nicas que redibujan la figura humana hasta accesorios inesperados que deslumbran, la moda se convierte en un discurso visual que complementa la m\u00fasica en un di\u00e1logo sin\u00e9rgico. Las satisfacciones est\u00e9ticas que brinda cada prenda incitan a la imaginaci\u00f3n, llevando a todos, desde los fan\u00e1ticos de la m\u00fasica hasta los entusiastas de la moda, a explorar nuevas posibilidades creativas.<\/p>\n<h3>Una Experiencia Sensorial Completa<\/h3>\n<p>La direcci\u00f3n creativa del video juega un papel crucial en su impacto. La cuidadosa selecci\u00f3n de cada imagen, en armon\u00eda con la m\u00fasica de Doechii, crea una experiencia sensorial envolvente. No se trata solo de ver; se trata de sentir cada nota y cada estampa. Esta experiencia multicultural y multifac\u00e9tica tambi\u00e9n refleja una evoluci\u00f3n en la representaci\u00f3n del arte, donde la moda se convierte en un lenguaje que habla de identidad, emancipaci\u00f3n y libertad.<\/p>\n<h3>El Futuro de la Moda en el Escenario Musical<\/h3>\n<p>La colaboraci\u00f3n de Lady Gaga y Doechii marca un hito en c\u00f3mo los artistas pueden reinventar la narrativa de la moda a trav\u00e9s de la m\u00fasica. A medida que el mundo se mueve hacia una era donde los l\u00edmites entre diferentes disciplinas se difuminan, este proyecto se establece como un referente. Es un recordatorio de que la creatividad no conoce fronteras y que cada detalle cuenta en la construcci\u00f3n de una imagen memorable.<\/p>\n<h3>La Reacci\u00f3n del P\u00fablico<\/h3>\n<p>Las reacciones en redes sociales no se han hecho esperar. No solo se ha generado un torrente de comentarios admirativos sobre la est\u00e9tica presentada, sino que la comunidad fashionista ha comenzado a debatir sobre las implicaciones de tales colaboraciones en el futuro de la industria. Se vislumbra un espacio donde el arte y la expresi\u00f3n personal no solo son valorados, sino tambi\u00e9n imprescindibles.<\/p>\n<p>Al final, esta uni\u00f3n entre Lady Gaga y Doechii sobresale como un ejemplo de lo que sucede cuando dos fuerzas creativas se encuentran. Indudablemente, el escenario musical y la pasarela estar\u00e1n conectados de maneras cada vez m\u00e1s innovadoras, y este video musical solo es el principio de un recorrido fascinante que promete transformaciones impactantes en ambas industrias.<\/p>\n<p><em> &#8221; Fuentes www.vogue.com &#8221; <\/em><\/p>\n","protected":false},"excerpt":{"rendered":"<p>La Sinergia Entre Moda y M\u00fasica en la \u00daltima Colaboraci\u00f3n Visual de Lady Gaga y Doechii En el vibrante universo de la moda y la m\u00fasica, una reciente producci\u00f3n ha capturado la atenci\u00f3n de audiencias globales, fusionando estilos ic\u00f3nicos y sonidos innovadores. La uni\u00f3n entre Lady Gaga y la prometedora artista Doechii ha llevado a [&hellip;]<\/p>\n","protected":false},"author":14,"featured_media":1145167,"comment_status":"open","ping_status":"closed","sticky":false,"template":"","format":"standard","meta":{"om_disable_all_campaigns":false,"jnews-multi-image_gallery":[],"jnews_single_post":[],"jnews_primary_category":[],"jnews_social_meta":[],"footnotes":""},"categories":[144872],"tags":[201518,222254,198487,73240,212520,166,207157,441,205070,100654,94447,217117,372,111204,373],"class_list":["post-1145166","post","type-post","status-publish","format-standard","has-post-thumbnail","hentry","category-fashion","tag-artistry","tag-camp","tag-celebrity-style","tag-collaboration","tag-doechii","tag-fashion","tag-lady-gaga","tag-music","tag-music-video","tag-performance","tag-runway","tag-storytypenews-trending","tag-style","tag-textaboveleftsmall","tag-web"],"_links":{"self":[{"href":"https:\/\/dimensionturistica.com\/es\/wp-json\/wp\/v2\/posts\/1145166","targetHints":{"allow":["GET"]}}],"collection":[{"href":"https:\/\/dimensionturistica.com\/es\/wp-json\/wp\/v2\/posts"}],"about":[{"href":"https:\/\/dimensionturistica.com\/es\/wp-json\/wp\/v2\/types\/post"}],"author":[{"embeddable":true,"href":"https:\/\/dimensionturistica.com\/es\/wp-json\/wp\/v2\/users\/14"}],"replies":[{"embeddable":true,"href":"https:\/\/dimensionturistica.com\/es\/wp-json\/wp\/v2\/comments?post=1145166"}],"version-history":[{"count":1,"href":"https:\/\/dimensionturistica.com\/es\/wp-json\/wp\/v2\/posts\/1145166\/revisions"}],"predecessor-version":[{"id":1145168,"href":"https:\/\/dimensionturistica.com\/es\/wp-json\/wp\/v2\/posts\/1145166\/revisions\/1145168"}],"wp:featuredmedia":[{"embeddable":true,"href":"https:\/\/dimensionturistica.com\/es\/wp-json\/wp\/v2\/media\/1145167"}],"wp:attachment":[{"href":"https:\/\/dimensionturistica.com\/es\/wp-json\/wp\/v2\/media?parent=1145166"}],"wp:term":[{"taxonomy":"category","embeddable":true,"href":"https:\/\/dimensionturistica.com\/es\/wp-json\/wp\/v2\/categories?post=1145166"},{"taxonomy":"post_tag","embeddable":true,"href":"https:\/\/dimensionturistica.com\/es\/wp-json\/wp\/v2\/tags?post=1145166"}],"curies":[{"name":"wp","href":"https:\/\/api.w.org\/{rel}","templated":true}]}}