{"id":1145160,"date":"2026-04-27T20:37:33","date_gmt":"2026-04-27T20:37:33","guid":{"rendered":"https:\/\/dimensionturistica.com\/es\/?p=1145160"},"modified":"2026-04-27T20:37:33","modified_gmt":"2026-04-27T20:37:33","slug":"morelos-activa-su-estrategia-rumbo-al-mundial-2026-con-una-apuesta-por-el-turismo-el-espacio-publico-y-la-economia-local","status":"publish","type":"post","link":"https:\/\/dimensionturistica.com\/es\/morelos-activa-su-estrategia-rumbo-al-mundial-2026-con-una-apuesta-por-el-turismo-el-espacio-publico-y-la-economia-local\/","title":{"rendered":"Morelos activa su estrategia rumbo al mundial 2026 con una apuesta por el turismo, el espacio p\u00fablico y la econom\u00eda local"},"content":{"rendered":"\n<p>De cara a la Copa Mundial de Futbol 2026, el Gobierno del Estado present\u00f3 \u201cMorelos, la Primavera del Mundial\u201d, una estrategia integral que articula turismo, activaci\u00f3n territorial, convivencia comunitaria, recuperaci\u00f3n de espacios p\u00fablicos y promoci\u00f3n de la identidad local a trav\u00e9s de una agenda estatal con alcance en los 36 municipios.<\/p>\n\n\n\n<p>La presentaci\u00f3n fue encabezada por la gobernadora Margarita Gonz\u00e1lez Saravia, quien plante\u00f3 esta iniciativa como una oportunidad para convertir el entusiasmo generado por el futbol en una plataforma de bienestar, dinamizaci\u00f3n econ\u00f3mica y apropiaci\u00f3n social del territorio.<\/p>\n\n\n\n<p>\u201cHoy estamos reunidos y reunidas para celebrar uno de los eventos que siempre est\u00e1 en el coraz\u00f3n de las y los mexicanos: el futbol. Esta es una gran oportunidad para que este campeonato mundial se convierta en una fiesta deportiva y social; Morelos est\u00e1 de fiesta, Morelos es la primavera del Mundial\u201d, expres\u00f3 la titular del Poder Ejecutivo estatal.<\/p>\n\n\n\n<figure class=\"wp-block-gallery has-nested-images columns-default is-cropped wp-block-gallery-1 is-layout-flex wp-block-gallery-is-layout-flex\">\n<figure class=\"wp-block-image size-large\"><img decoding=\"async\" width=\"500\" height=\"334\" data-id=\"1145161\" src=\"https:\/\/dimensionturistica.com\/es\/wp-content\/uploads\/2026\/04\/2MORELOS.jpg\" alt=\"\" class=\"wp-image-1145161\" srcset=\"https:\/\/dimensionturistica.com\/es\/wp-content\/uploads\/2026\/04\/2MORELOS.jpg 500w, https:\/\/dimensionturistica.com\/es\/wp-content\/uploads\/2026\/04\/2MORELOS-300x200.jpg 300w\" sizes=\"(max-width: 500px) 100vw, 500px\" \/><\/figure>\n<\/figure>\n\n\n\n<p>Su mensaje coloc\u00f3 el proyecto en una dimensi\u00f3n que va m\u00e1s all\u00e1 de lo deportivo. La estrategia no se limita a acompa\u00f1ar el ambiente mundialista, sino que busca traducirlo en actividad econ\u00f3mica, atracci\u00f3n de visitantes, fortalecimiento comunitario y una nueva conversaci\u00f3n p\u00fablica sobre el uso del espacio com\u00fan. En los hechos, se trata de una intervenci\u00f3n con componentes de imagen urbana, recreaci\u00f3n, infraestructura y consumo local.<\/p>\n\n\n\n<p>Para el sector travel &amp; trade, el valor de esta apuesta radica en que Morelos no se posiciona \u00fanicamente como un espectador del Mundial 2026, sino como un destino que ha decidido construir una agenda propia alrededor del acontecimiento deportivo m\u00e1s importante del planeta.<\/p>\n\n\n\n<p>El secretario de Turismo de Morelos, Daniel Altafi Valladares, sostuvo que esta estrategia permite proyectar al estado desde una l\u00f3gica contempor\u00e1nea de experiencia, cercan\u00eda y competitividad territorial, aprovechando un fen\u00f3meno global para activar vocaciones locales y generar beneficios concretos para la poblaci\u00f3n.<\/p>\n\n\n\n<p>Uno de los ejes principales del programa ser\u00e1 la operaci\u00f3n de cuatro sedes mundialistas durante 45 d\u00edas: la Plaza General Emiliano Zapata y el Parque Estatal Urbano Barranca de Chapultepec, en Cuernavaca, as\u00ed como las plazas p\u00fablicas de Tepoztl\u00e1n y Tlaltizap\u00e1n, este \u00faltimo confirmado como uno de los puntos estrat\u00e9gicos dentro de la agenda estatal.<\/p>\n\n\n\n<figure class=\"wp-block-gallery has-nested-images columns-default is-cropped wp-block-gallery-2 is-layout-flex wp-block-gallery-is-layout-flex\">\n<figure class=\"wp-block-image size-large\"><img decoding=\"async\" width=\"500\" height=\"334\" data-id=\"1145162\" src=\"https:\/\/dimensionturistica.com\/es\/wp-content\/uploads\/2026\/04\/9MORELOS.jpg\" alt=\"\" class=\"wp-image-1145162\" srcset=\"https:\/\/dimensionturistica.com\/es\/wp-content\/uploads\/2026\/04\/9MORELOS.jpg 500w, https:\/\/dimensionturistica.com\/es\/wp-content\/uploads\/2026\/04\/9MORELOS-300x200.jpg 300w\" sizes=\"(max-width: 500px) 100vw, 500px\" \/><\/figure>\n<\/figure>\n\n\n\n<p>Estos espacios contar\u00e1n con canchas temporales, activaciones deportivas y l\u00fadicas, as\u00ed como zonas fotogr\u00e1ficas, configurando un modelo de animaci\u00f3n urbana con alto potencial para incrementar la permanencia, activar el consumo local y fortalecer la experiencia del visitante.<\/p>\n\n\n\n<p>La estrategia incluye las Caravanas del Mundial, que llevar\u00e1n din\u00e1micas y actividades deportivas a los 36 municipios del estado del 30 de abril al 18 de julio, los d\u00edas jueves, viernes y s\u00e1bado.<\/p>\n\n\n\n<p>Entre las activaciones previstas se encuentran fut-tenis, tiro a gol, tiro al blanco, boliche con bal\u00f3n y dominadas, dise\u00f1adas para p\u00fablicos amplios y con un fuerte componente participativo. Esta cobertura estatal permite que el proyecto no quede concentrado en los destinos tradicionalmente m\u00e1s visibles, sino que distribuya presencia, convocatoria y derrama en todo el territorio.<\/p>\n\n\n\n<p>Otro de los componentes m\u00e1s importantes del proyecto es su dimensi\u00f3n de legado. Dentro de esta estrategia se contempla la rehabilitaci\u00f3n de 16 canchas y la construcci\u00f3n de 12 nuevos espacios para la pr\u00e1ctica del futbol en distintos puntos del estado.<\/p>\n\n\n\n<figure class=\"wp-block-gallery has-nested-images columns-default is-cropped wp-block-gallery-3 is-layout-flex wp-block-gallery-is-layout-flex\">\n<figure class=\"wp-block-image size-large\"><img decoding=\"async\" width=\"500\" height=\"334\" data-id=\"1145163\" src=\"https:\/\/dimensionturistica.com\/es\/wp-content\/uploads\/2026\/04\/1MORELOS.jpg\" alt=\"\" class=\"wp-image-1145163\" srcset=\"https:\/\/dimensionturistica.com\/es\/wp-content\/uploads\/2026\/04\/1MORELOS.jpg 500w, https:\/\/dimensionturistica.com\/es\/wp-content\/uploads\/2026\/04\/1MORELOS-300x200.jpg 300w\" sizes=\"(max-width: 500px) 100vw, 500px\" \/><\/figure>\n<\/figure>\n\n\n\n<p>A ello se suma la creaci\u00f3n de murales mundialistas en plazas p\u00fablicas, canchas deportivas y el Paso Expr\u00e9s, elaborados por artistas urbanos con elementos visuales asociados al futbol y a la Copa del Mundo. Esta intervenci\u00f3n refuerza el componente visual y simb\u00f3lico de la estrategia, al tiempo que mejora la imagen del entorno urbano.<\/p>\n\n\n\n<p>La agenda tambi\u00e9n destaca por su capacidad de atender distintos segmentos. Entre las acciones m\u00e1s relevantes figura el Mundialito Escolar Morelos 2026, dirigido a estudiantes de educaci\u00f3n b\u00e1sica, media superior y superior, con una base superior a 110 mil estudiantes y m\u00e1s de 1,600 planteles inscritos.<\/p>\n\n\n\n<p>Asimismo, se desarrollar\u00e1 el Torneo de las y los trabajadores, con participaci\u00f3n de ayuntamientos y dependencias gubernamentales; el Mundialito DIF Morelos, enfocado en ni\u00f1as y ni\u00f1os; y la Copa Robotix, con torneos de robots en diversas categor\u00edas, cuyo lanzamiento de convocatoria est\u00e1 previsto en mayo y tendr\u00e1 como sede el Parque Acapantzingo.<\/p>\n\n\n\n<p>Otra de las acciones es la incorporaci\u00f3n del componente gastron\u00f3mico a trav\u00e9s del recetario \u201cBotanas del Mundial\u201d, una propuesta que coloca a los productos agropecuarios del estado como protagonistas de la cocina local.<\/p>\n\n\n\n<p>La iniciativa contribuye a promover la riqueza del campo morelense y a vincular la conversaci\u00f3n mundialista con una experiencia de sabor, identidad y consumo territorial. Para el ecosistema tur\u00edstico, esto ampl\u00eda la capacidad de integraci\u00f3n entre productores, cocinas locales, mercados y oferta complementaria.<\/p>\n\n\n\n<p>La agenda presentada contempla tambi\u00e9n la transmisi\u00f3n de partidos de la Copa del Mundo en las plazas p\u00fablicas de los Pueblos M\u00e1gicos de Tepoztl\u00e1n y Tlaltizap\u00e1n, acompa\u00f1adas de un pabell\u00f3n gastron\u00f3mico y artesanal, cl\u00ednicas deportivas y charlas motivacionales.<\/p>\n\n\n\n<p>A ello se sumar\u00e1 el programa \u201cMorelos Mundialista\u201d, que se transmitir\u00e1 a partir del 28 de mayo por el Instituto Morelense de Radio y Televisi\u00f3n, con contenidos de an\u00e1lisis deportivo, as\u00ed como segmentos culturales, gastron\u00f3micos y de identidad local, los martes y jueves a las 17:30 horas.<\/p>\n\n\n\n<p>La lectura estrat\u00e9gica de \u201cMorelos, la Primavera del Mundial\u201d confirma que el estado ha decidido aprovechar una coyuntura global para impulsar una narrativa propia de destino: cercana, participativa, activa y con capacidad de dejar huella en el territorio.<\/p>\n\n\n\n<p>As\u00ed, el futbol se convierte en detonador de una pol\u00edtica de activaci\u00f3n m\u00e1s amplia, en la que conviven infraestructura, identidad, gastronom\u00eda, espacio p\u00fablico y movilidad tur\u00edstica. Con esta estrategia, Morelos, la tierra que nos une, se proyecta como un destino que sabe capitalizar grandes coyunturas internacionales desde su propia escala, su propia narrativa y vocaci\u00f3n territorial. En esa ruta, el estado reafirma una visi\u00f3n clara: aprovechar el Mundial para dejar beneficios duraderos en la vida p\u00fablica y comunitaria de la entidad, consolidando a Morelos, la primavera de M\u00e9xico.<\/p>\n","protected":false},"excerpt":{"rendered":"<p>De cara a la Copa Mundial de Futbol 2026, el Gobierno del Estado present\u00f3 \u201cMorelos, la Primavera del Mundial\u201d, una estrategia integral que articula turismo, activaci\u00f3n territorial, convivencia comunitaria, recuperaci\u00f3n de espacios p\u00fablicos y promoci\u00f3n de la identidad local a trav\u00e9s de una agenda estatal con alcance en los 36 municipios. La presentaci\u00f3n fue encabezada [&hellip;]<\/p>\n","protected":false},"author":1,"featured_media":1145164,"comment_status":"open","ping_status":"closed","sticky":false,"template":"","format":"standard","meta":{"om_disable_all_campaigns":false,"jnews-multi-image_gallery":[],"jnews_single_post":{"format":"standard"},"jnews_primary_category":[],"jnews_social_meta":[],"footnotes":""},"categories":[39],"tags":[],"class_list":["post-1145160","post","type-post","status-publish","format-standard","has-post-thumbnail","hentry","category-viajes"],"_links":{"self":[{"href":"https:\/\/dimensionturistica.com\/es\/wp-json\/wp\/v2\/posts\/1145160","targetHints":{"allow":["GET"]}}],"collection":[{"href":"https:\/\/dimensionturistica.com\/es\/wp-json\/wp\/v2\/posts"}],"about":[{"href":"https:\/\/dimensionturistica.com\/es\/wp-json\/wp\/v2\/types\/post"}],"author":[{"embeddable":true,"href":"https:\/\/dimensionturistica.com\/es\/wp-json\/wp\/v2\/users\/1"}],"replies":[{"embeddable":true,"href":"https:\/\/dimensionturistica.com\/es\/wp-json\/wp\/v2\/comments?post=1145160"}],"version-history":[{"count":1,"href":"https:\/\/dimensionturistica.com\/es\/wp-json\/wp\/v2\/posts\/1145160\/revisions"}],"predecessor-version":[{"id":1145165,"href":"https:\/\/dimensionturistica.com\/es\/wp-json\/wp\/v2\/posts\/1145160\/revisions\/1145165"}],"wp:featuredmedia":[{"embeddable":true,"href":"https:\/\/dimensionturistica.com\/es\/wp-json\/wp\/v2\/media\/1145164"}],"wp:attachment":[{"href":"https:\/\/dimensionturistica.com\/es\/wp-json\/wp\/v2\/media?parent=1145160"}],"wp:term":[{"taxonomy":"category","embeddable":true,"href":"https:\/\/dimensionturistica.com\/es\/wp-json\/wp\/v2\/categories?post=1145160"},{"taxonomy":"post_tag","embeddable":true,"href":"https:\/\/dimensionturistica.com\/es\/wp-json\/wp\/v2\/tags?post=1145160"}],"curies":[{"name":"wp","href":"https:\/\/api.w.org\/{rel}","templated":true}]}}