{"id":1145150,"date":"2026-04-27T20:26:22","date_gmt":"2026-04-27T20:26:22","guid":{"rendered":"https:\/\/dimensionturistica.com\/es\/?p=1145150"},"modified":"2026-04-27T20:26:22","modified_gmt":"2026-04-27T20:26:22","slug":"wework-lanza-wework-go-impulsando-una-forma-mas-inteligente-de-trabajar-para-los-profesionales-en-movimiento","status":"publish","type":"post","link":"https:\/\/dimensionturistica.com\/es\/wework-lanza-wework-go-impulsando-una-forma-mas-inteligente-de-trabajar-para-los-profesionales-en-movimiento\/","title":{"rendered":"WeWork lanza WeWork Go, impulsando una forma m\u00e1s inteligente de trabajar para los profesionales en movimiento"},"content":{"rendered":"\n<p>WeWork, la plataforma global l\u00edder en espacios de trabajo, expande su oferta de productos con el lanzamiento de WeWork Go, una soluci\u00f3n de espacio de trabajo completamente nueva dise\u00f1ada para los profesionales en movimiento.<\/p>\n\n\n\n<p>Las cabinas de oficina privadas de WeWork (pods) ofrecen entornos privados y de alta calidad para el trabajo concentrado en \u00e1reas de alto tr\u00e1fico, incluyendo aeropuertos, centros de convenciones y otros destinos din\u00e1micos donde la productividad a menudo compite con el ruido y las distracciones. Esta nueva oferta se basa en la plataforma verticalmente integrada de WeWork, lo que permite a los consumidores beneficiarse de los espacios, servicios y tecnolog\u00eda de la compa\u00f1\u00eda: cu\u00e1ndo, d\u00f3nde y c\u00f3mo lo necesiten.<\/p>\n\n\n\n<figure class=\"wp-block-gallery has-nested-images columns-default is-cropped wp-block-gallery-1 is-layout-flex wp-block-gallery-is-layout-flex\">\n<figure class=\"wp-block-image size-large\"><img decoding=\"async\" width=\"500\" height=\"300\" data-id=\"1145151\" src=\"https:\/\/dimensionturistica.com\/es\/wp-content\/uploads\/2026\/04\/2WOW.jpg\" alt=\"\" class=\"wp-image-1145151\" srcset=\"https:\/\/dimensionturistica.com\/es\/wp-content\/uploads\/2026\/04\/2WOW.jpg 500w, https:\/\/dimensionturistica.com\/es\/wp-content\/uploads\/2026\/04\/2WOW-300x180.jpg 300w\" sizes=\"(max-width: 500px) 100vw, 500px\" \/><\/figure>\n<\/figure>\n\n\n\n<p>&#8220;La jornada laboral ya no es est\u00e1tica; no comienza ni termina en un escritorio. Ocurre en una terminal concurrida entre vuelos hacia tu oficina regional; cuando necesitas organizar una reuni\u00f3n con un cliente mientras asistes a una conferencia de 1,000 personas; o cuando est\u00e1s de viaje y tienes que atender una llamada importante en el bullicioso vest\u00edbulo de un hotel. Con WeWork Go, llevamos la calidad, privacidad y experiencia de una oficina de WeWork a los lugares d\u00f3nde y cu\u00e1ndo las personas m\u00e1s lo necesitan. Es una extensi\u00f3n poderosa de nuestra plataforma y otro paso audaz para ofrecer soluciones inmobiliarias dise\u00f1adas para la forma en que el mundo trabaja hoy&#8221;, afirm\u00f3 John Santora, CEO de WeWork.<\/p>\n\n\n\n<p>El producto WeWork Go ofrece tres modelos: un formato para un solo usuario ideal para el trabajo independiente, uno multiusuario para colaboraci\u00f3n que puede albergar hasta cuatro personas, y una cabina dise\u00f1ada bajo normativas de accesibilidad universal (ADA). Las caracter\u00edsticas clave de su dise\u00f1o incluyen:<\/p>\n\n\n\n<p>\u25cf&nbsp;&nbsp;&nbsp;&nbsp;&nbsp; Estructura y acabados de calidad arquitect\u00f3nica: Construidas con una carcasa exterior de policarbonato negro pulido, las cabinas incluyen detalles de primera calidad, como un escritorio de laminado de madera de alta presi\u00f3n y un revestimiento de vinilo duradero.<\/p>\n\n\n\n<p>\u25cf&nbsp;&nbsp;&nbsp;&nbsp;&nbsp; Aislamiento ac\u00fastico de primer nivel: Los materiales exteriores densos bloquean el ruido exterior, mientras que las superficies interiores suaves absorben el sonido, creando una clase de transmisi\u00f3n de sonido (STC) excepcionalmente alta.<\/p>\n\n\n\n<figure class=\"wp-block-gallery has-nested-images columns-default is-cropped wp-block-gallery-2 is-layout-flex wp-block-gallery-is-layout-flex\">\n<figure class=\"wp-block-image size-large\"><img decoding=\"async\" width=\"500\" height=\"500\" data-id=\"1145152\" src=\"https:\/\/dimensionturistica.com\/es\/wp-content\/uploads\/2026\/04\/5WOW.jpg\" alt=\"\" class=\"wp-image-1145152\" srcset=\"https:\/\/dimensionturistica.com\/es\/wp-content\/uploads\/2026\/04\/5WOW.jpg 500w, https:\/\/dimensionturistica.com\/es\/wp-content\/uploads\/2026\/04\/5WOW-300x300.jpg 300w, https:\/\/dimensionturistica.com\/es\/wp-content\/uploads\/2026\/04\/5WOW-150x150.jpg 150w, https:\/\/dimensionturistica.com\/es\/wp-content\/uploads\/2026\/04\/5WOW-75x75.jpg 75w, https:\/\/dimensionturistica.com\/es\/wp-content\/uploads\/2026\/04\/5WOW-350x350.jpg 350w\" sizes=\"(max-width: 500px) 100vw, 500px\" \/><\/figure>\n<\/figure>\n\n\n\n<p>\u25cf&nbsp;&nbsp;&nbsp;&nbsp;&nbsp; Iluminaci\u00f3n cuidada: Cada cabina cuenta con una l\u00e1mpara centralizada de alto rendimiento para una iluminaci\u00f3n directa y suave, mientras que los paneles laterales transparentes aseguran el paso de luz natural en todo el espacio.<\/p>\n\n\n\n<p>\u25cf&nbsp;&nbsp;&nbsp;&nbsp;&nbsp; Asientos ergon\u00f3micos y c\u00f3modos: Un banco bajo con amortiguaci\u00f3n de tela suave favorece una postura relajada, ideal para cualquier tarea, desde una r\u00e1pida reuni\u00f3n de sincronizaci\u00f3n de 15 minutos hasta una llamada crucial de una hora.<\/p>\n\n\n\n<p>\u25cf&nbsp;&nbsp;&nbsp;&nbsp;&nbsp; Conectividad integrada de alta velocidad: Las cabinas contar\u00e1n con el internet inal\u00e1mbrico de nivel empresarial de WeWork, con monitores opcionales para la colaboraci\u00f3n en equipo o tareas inform\u00e1ticas.<\/p>\n\n\n\n<p>\u25cf&nbsp;&nbsp;&nbsp;&nbsp;&nbsp; Materiales ecol\u00f3gicos: Creadas en asociaci\u00f3n con Bureau, las cabinas utilizan materiales responsables con el medio ambiente y hacen un uso eficiente de los recursos.<\/p>\n\n\n\n<p>&#8220;Al igual que lideramos la evoluci\u00f3n de la experiencia en la oficina, WeWork Go redefinir\u00e1 c\u00f3mo se trabaja en entornos disruptivos. Abordamos el concepto con el objetivo de capturar la esencia de un espacio de trabajo de WeWork en una cabina \u00fanica, elegante y premium&#8221;, coment\u00f3 Ebbie Wisecarver, Directora de Dise\u00f1o y Producto de WeWork. &#8220;Cada elemento, desde la ac\u00fastica y la iluminaci\u00f3n hasta los materiales y la comodidad, fue dise\u00f1ado intencionalmente para brindar la experiencia enfocada y de alta calidad por la que WeWork es reconocido. El resultado es un espacio de trabajo que se siente sofisticado e intuitivo, sin dejar de ser accesible para cualquier persona, en cualquier lugar&#8221;.<\/p>\n\n\n\n<p>WeWork Go est\u00e1 dise\u00f1ado para usarse sin fricciones, facilitando a cualquier persona \u2014incluso a quienes no son miembros de WeWork\u2014 reservar una cabina en segundos. Los usuarios pueden reservar instant\u00e1neamente su espacio directamente desde el exterior de la cabina, conect\u00e1ndose de manera fluida con la aplicaci\u00f3n WeWork Go para un acceso inmediato. Cada cabina est\u00e1 disponible con tarifas flexibles, que var\u00edan seg\u00fan la ubicaci\u00f3n y la duraci\u00f3n de la sesi\u00f3n, permitiendo a los usuarios elegir la opci\u00f3n que mejor se adapte a sus necesidades.<\/p>\n\n\n\n<figure class=\"wp-block-gallery has-nested-images columns-default is-cropped wp-block-gallery-3 is-layout-flex wp-block-gallery-is-layout-flex\">\n<figure class=\"wp-block-image size-large\"><img decoding=\"async\" width=\"500\" height=\"280\" data-id=\"1145153\" src=\"https:\/\/dimensionturistica.com\/es\/wp-content\/uploads\/2026\/04\/1WOW-1.jpg\" alt=\"\" class=\"wp-image-1145153\" srcset=\"https:\/\/dimensionturistica.com\/es\/wp-content\/uploads\/2026\/04\/1WOW-1.jpg 500w, https:\/\/dimensionturistica.com\/es\/wp-content\/uploads\/2026\/04\/1WOW-1-300x168.jpg 300w\" sizes=\"(max-width: 500px) 100vw, 500px\" \/><\/figure>\n<\/figure>\n\n\n\n<p>WeWork Go hace su debut oficial esta semana en la Convenci\u00f3n Anual 2026 de Semafor World Economy en Washington D.C., la reuni\u00f3n m\u00e1s grande de los principales directores ejecutivos globales y l\u00edderes gubernamentales en los Estados Unidos. A medida que WeWork Go se expanda globalmente, se integrar\u00e1 en el ecosistema m\u00e1s amplio de membres\u00edas y productos de la compa\u00f1\u00eda, creando una experiencia laboral m\u00e1s conectada e inteligente.<\/p>\n\n\n\n<p>Este lanzamiento marca el primer producto nuevo de WeWork desde la introducci\u00f3n de WeWork Workplace en julio de 2022. La oferta actual de WeWork tambi\u00e9n incluye WeWork All Access, WeWork On Demand, Private Office (Oficinas Privadas) y Sourced and Managed Solutions. WeWork Go forma parte de una plataforma verticalmente integrada que ofrece una combinaci\u00f3n personalizada de bienes ra\u00edces, servicios y tecnolog\u00eda, construida para potenciar la forma en que las empresas trabajan hoy, y adaptarse a c\u00f3mo trabajar\u00e1n ma\u00f1ana.<\/p>\n\n\n\n<p>Al aprovechar la plataforma inmobiliaria global de WeWork, empresas de todos los tama\u00f1os pueden utilizar su conjunto completo de productos de oficina para satisfacer una amplia gama de necesidades. Esto permite a las organizaciones innovar estrat\u00e9gicamente y mejorar su productividad, al mismo tiempo que atraen talento, elevan la experiencia de sus equipos y fomentan la retenci\u00f3n de sus empleados.<\/p>\n","protected":false},"excerpt":{"rendered":"<p>WeWork, la plataforma global l\u00edder en espacios de trabajo, expande su oferta de productos con el lanzamiento de WeWork Go, una soluci\u00f3n de espacio de trabajo completamente nueva dise\u00f1ada para los profesionales en movimiento. Las cabinas de oficina privadas de WeWork (pods) ofrecen entornos privados y de alta calidad para el trabajo concentrado en \u00e1reas [&hellip;]<\/p>\n","protected":false},"author":1,"featured_media":1145155,"comment_status":"open","ping_status":"closed","sticky":false,"template":"","format":"standard","meta":{"om_disable_all_campaigns":false,"jnews-multi-image_gallery":[],"jnews_single_post":[],"jnews_primary_category":[],"jnews_social_meta":[],"footnotes":""},"categories":[40],"tags":[],"class_list":["post-1145150","post","type-post","status-publish","format-standard","has-post-thumbnail","hentry","category-industria"],"_links":{"self":[{"href":"https:\/\/dimensionturistica.com\/es\/wp-json\/wp\/v2\/posts\/1145150","targetHints":{"allow":["GET"]}}],"collection":[{"href":"https:\/\/dimensionturistica.com\/es\/wp-json\/wp\/v2\/posts"}],"about":[{"href":"https:\/\/dimensionturistica.com\/es\/wp-json\/wp\/v2\/types\/post"}],"author":[{"embeddable":true,"href":"https:\/\/dimensionturistica.com\/es\/wp-json\/wp\/v2\/users\/1"}],"replies":[{"embeddable":true,"href":"https:\/\/dimensionturistica.com\/es\/wp-json\/wp\/v2\/comments?post=1145150"}],"version-history":[{"count":1,"href":"https:\/\/dimensionturistica.com\/es\/wp-json\/wp\/v2\/posts\/1145150\/revisions"}],"predecessor-version":[{"id":1145156,"href":"https:\/\/dimensionturistica.com\/es\/wp-json\/wp\/v2\/posts\/1145150\/revisions\/1145156"}],"wp:featuredmedia":[{"embeddable":true,"href":"https:\/\/dimensionturistica.com\/es\/wp-json\/wp\/v2\/media\/1145155"}],"wp:attachment":[{"href":"https:\/\/dimensionturistica.com\/es\/wp-json\/wp\/v2\/media?parent=1145150"}],"wp:term":[{"taxonomy":"category","embeddable":true,"href":"https:\/\/dimensionturistica.com\/es\/wp-json\/wp\/v2\/categories?post=1145150"},{"taxonomy":"post_tag","embeddable":true,"href":"https:\/\/dimensionturistica.com\/es\/wp-json\/wp\/v2\/tags?post=1145150"}],"curies":[{"name":"wp","href":"https:\/\/api.w.org\/{rel}","templated":true}]}}