{"id":1145113,"date":"2026-04-27T19:38:11","date_gmt":"2026-04-27T19:38:11","guid":{"rendered":"https:\/\/dimensionturistica.com\/es\/?p=1145113"},"modified":"2026-04-27T19:38:11","modified_gmt":"2026-04-27T19:38:11","slug":"excursiones-en-ibiza-mas-de-200-personas-mayores-emprenderan-un-tour-cultural-a-ibiza-y-formentera-a-partir-del-5-de-mayo","status":"publish","type":"post","link":"https:\/\/dimensionturistica.com\/es\/excursiones-en-ibiza-mas-de-200-personas-mayores-emprenderan-un-tour-cultural-a-ibiza-y-formentera-a-partir-del-5-de-mayo\/","title":{"rendered":"EXCURSIONES EN IBIZA: M\u00e1s de 200 personas mayores emprender\u00e1n un tour cultural a Ibiza y Formentera a partir del 5 de mayo"},"content":{"rendered":"<p><strong>Ibiza: Un Viaje Cultural para Nuestros Mayores<\/strong><\/p>\n<p>En el coraz\u00f3n del Mediterr\u00e1neo, la isla de Ibiza no es solo un para\u00edso festivo, sino tambi\u00e9n un refugio de cultura y tradici\u00f3n que invita a sus habitantes a explorar su rica historia. Recientemente, un emocionante programa ha surgido para ofrecer a los mayores de la isla la oportunidad de adentrarse en sus propias ra\u00edces culturales, fomentando un sentido renovado de comunidad y pertenencia.<\/p>\n<p>Este innovador viaje cultural est\u00e1 dise\u00f1ado espec\u00edficamente para que los mayores de Ibiza puedan descubrir y redescubrir la esencia de su entorno. A trav\u00e9s de recorridos guiados, talleres artesanal, y charlas informativas, los participantes tendr\u00e1n la ocasi\u00f3n de sumergirse en las tradiciones locales, al tiempo que comparten experiencias y an\u00e9cdotas con sus pares.<\/p>\n<p>Uno de los aspectos m\u00e1s destacados del programa es el recorrido por los lugares emblem\u00e1ticos de la isla. Desde la impresionante arquitectura de Dalt Vila, patrimonio mundial de la UNESCO, hasta los pintorescos mercados de artesan\u00edas, cada visita est\u00e1 pensada para enriquecer el conocimiento de los participantes sobre su historia y cultura. Adem\u00e1s, este acercamiento a la herencia cultural les permite conectar con su pasado, fortaleciendo el sentido de identidad.<\/p>\n<p>El viaje no solo busca educar, sino tambi\u00e9n fomentar el desarrollo personal y social. A trav\u00e9s de la interacci\u00f3n con otros mayores, los participantes tienen la oportunidad de crear nuevas amistades y revivir la alegr\u00eda compartiendo momentos significativos. Esta conexi\u00f3n emocional no solo revitaliza el esp\u00edritu, sino que tambi\u00e9n contribuye a combatir la soledad y el aislamiento que a menudo enfrentan las personas mayores.<\/p>\n<p>Adem\u00e1s, la importancia de integrar a los mayores en actividades culturales va m\u00e1s all\u00e1 del disfrute personal. Este tipo de iniciativas contribuye a un envejecimiento activo y participativo, donde los mayores pueden ser vistos por las generaciones j\u00f3venes como pilares de sabidur\u00eda y experiencia. As\u00ed, se promueve un respeto mutuo y un aprendizaje intergeneracional, fundamental para el tejido social de cualquier comunidad.<\/p>\n<p>Para los organizadores, el prop\u00f3sito de este viaje va m\u00e1s all\u00e1 de simplemente ofrecer entretenimiento. Quieren incentivar la curiosidad y el amor por la cultura local entre los mayores, asegurando que la historia de Ibiza siga viva en las generaciones venideras. Asimismo, se busca involucrar a las autoridades locales y empresariales para crear un entorno m\u00e1s inclusivo que beneficie a todos los ciudadanos, independientemente de su edad.<\/p>\n<p>En conclusi\u00f3n, este proyecto representa una gran oportunidad para que los mayores de Ibiza no solo descubran su propia cultura, sino que tambi\u00e9n se reconecten con la comunidad. En un lugar donde el ritmo de la vida puede ser fren\u00e9tico, espacios como este son esenciales para recordar la importancia de las ra\u00edces y de las conexiones humanas. Al final, no se trata solo de un viaje, sino de un viaje hacia el coraz\u00f3n de lo que significa ser parte de una comunidad vibrante y acogedora. Ibiza, por lo tanto, no solo espera con los brazos abiertos a aquellos que deseen perderse en sus playas paradis\u00edacas, sino tambi\u00e9n a quienes desean encontrar su lugar en la rica tapeza cultural de la isla.<\/p>\n<p><em> &#8221; Fuentes www.diariodeibiza.es &#8221; <\/em><\/p>\n","protected":false},"excerpt":{"rendered":"<p>Ibiza: Un Viaje Cultural para Nuestros Mayores En el coraz\u00f3n del Mediterr\u00e1neo, la isla de Ibiza no es solo un para\u00edso festivo, sino tambi\u00e9n un refugio de cultura y tradici\u00f3n que invita a sus habitantes a explorar su rica historia. Recientemente, un emocionante programa ha surgido para ofrecer a los mayores de la isla la [&hellip;]<\/p>\n","protected":false},"author":4,"featured_media":1145114,"comment_status":"open","ping_status":"closed","sticky":false,"template":"","format":"standard","meta":{"om_disable_all_campaigns":false,"jnews-multi-image_gallery":[],"jnews_single_post":[],"jnews_primary_category":[],"jnews_social_meta":[],"footnotes":""},"categories":[39],"tags":[1105,3240,662,2749,8699,8477,5441,14915,4508,145401,544,570,2873,681,545],"class_list":["post-1145113","post","type-post","status-publish","format-standard","has-post-thumbnail","hentry","category-viajes","tag-actividades","tag-comunidad","tag-cultura","tag-cultural","tag-excursiones","tag-formentera","tag-ibiza","tag-mayo","tag-mayores","tag-participaran","tag-turismo","tag-turistas","tag-verano","tag-viaje","tag-viajes"],"_links":{"self":[{"href":"https:\/\/dimensionturistica.com\/es\/wp-json\/wp\/v2\/posts\/1145113","targetHints":{"allow":["GET"]}}],"collection":[{"href":"https:\/\/dimensionturistica.com\/es\/wp-json\/wp\/v2\/posts"}],"about":[{"href":"https:\/\/dimensionturistica.com\/es\/wp-json\/wp\/v2\/types\/post"}],"author":[{"embeddable":true,"href":"https:\/\/dimensionturistica.com\/es\/wp-json\/wp\/v2\/users\/4"}],"replies":[{"embeddable":true,"href":"https:\/\/dimensionturistica.com\/es\/wp-json\/wp\/v2\/comments?post=1145113"}],"version-history":[{"count":1,"href":"https:\/\/dimensionturistica.com\/es\/wp-json\/wp\/v2\/posts\/1145113\/revisions"}],"predecessor-version":[{"id":1145115,"href":"https:\/\/dimensionturistica.com\/es\/wp-json\/wp\/v2\/posts\/1145113\/revisions\/1145115"}],"wp:featuredmedia":[{"embeddable":true,"href":"https:\/\/dimensionturistica.com\/es\/wp-json\/wp\/v2\/media\/1145114"}],"wp:attachment":[{"href":"https:\/\/dimensionturistica.com\/es\/wp-json\/wp\/v2\/media?parent=1145113"}],"wp:term":[{"taxonomy":"category","embeddable":true,"href":"https:\/\/dimensionturistica.com\/es\/wp-json\/wp\/v2\/categories?post=1145113"},{"taxonomy":"post_tag","embeddable":true,"href":"https:\/\/dimensionturistica.com\/es\/wp-json\/wp\/v2\/tags?post=1145113"}],"curies":[{"name":"wp","href":"https:\/\/api.w.org\/{rel}","templated":true}]}}