{"id":1145089,"date":"2026-04-27T18:57:42","date_gmt":"2026-04-27T18:57:42","guid":{"rendered":"https:\/\/dimensionturistica.com\/es\/?p=1145089"},"modified":"2026-04-27T18:57:42","modified_gmt":"2026-04-27T18:57:42","slug":"indrive-entra-al-circulo-de-unicornios-del-wef-y-refuerza-su-apuesta-por-mexico-y-los-mercados-emergentes","status":"publish","type":"post","link":"https:\/\/dimensionturistica.com\/es\/indrive-entra-al-circulo-de-unicornios-del-wef-y-refuerza-su-apuesta-por-mexico-y-los-mercados-emergentes\/","title":{"rendered":"inDrive entra al c\u00edrculo de unicornios del WEF y refuerza su apuesta por M\u00e9xico y los mercados emergentes"},"content":{"rendered":"\n<p>inDrive, una de las plataformas de movilidad y entregas con mayor desarrollo en M\u00e9xico y otros mercados emergentes, anunci\u00f3 su integraci\u00f3n a la Comunidad Unicornio del Foro Econ\u00f3mico Mundial (WEF, por sus siglas en ingl\u00e9s), un grupo que re\u00fane a empresas tecnol\u00f3gicas privadas de alto crecimiento, valoradas en m\u00e1s de mil millones de d\u00f3lares y reconocidas por su capacidad de impacto global.<\/p>\n\n\n\n<p>Creado en 2022, este grupo funciona como un espacio de colaboraci\u00f3n para que compa\u00f1\u00edas a la vanguardia de la disrupci\u00f3n tecnol\u00f3gica trabajen con l\u00edderes de la industria y responsables de pol\u00edticas p\u00fablicas, con el objetivo de abordar desaf\u00edos globales y acelerar el avance de soluciones innovadoras en \u00e1mbitos como los servicios digitales, el entorno de transporte urbano y la inclusi\u00f3n financiera.<\/p>\n\n\n\n<figure class=\"wp-block-gallery has-nested-images columns-default is-cropped wp-block-gallery-1 is-layout-flex wp-block-gallery-is-layout-flex\">\n<figure class=\"wp-block-image size-large\"><img decoding=\"async\" width=\"500\" height=\"315\" data-id=\"1145090\" src=\"https:\/\/dimensionturistica.com\/es\/wp-content\/uploads\/2026\/04\/6RIVE.jpg\" alt=\"\" class=\"wp-image-1145090\" srcset=\"https:\/\/dimensionturistica.com\/es\/wp-content\/uploads\/2026\/04\/6RIVE.jpg 500w, https:\/\/dimensionturistica.com\/es\/wp-content\/uploads\/2026\/04\/6RIVE-300x189.jpg 300w\" sizes=\"(max-width: 500px) 100vw, 500px\" \/><\/figure>\n<\/figure>\n\n\n\n<p>La incorporaci\u00f3n de la compa\u00f1\u00eda ocurre en un momento en el que los servicios basados en aplicaciones est\u00e1n redefiniendo industrias clave como la movilidad y la log\u00edstica de \u00faltima milla en M\u00e9xico, donde factores como la generaci\u00f3n de ingresos por parte de conductores y repartidores, la transparencia de precios y la competencia econ\u00f3mica se han vuelto temas centrales dentro de la conversaci\u00f3n p\u00fablica.<\/p>\n\n\n\n<p>M\u00e9xico es uno de los mercados estrat\u00e9gicos para la operaci\u00f3n global de inDrive y un centro de referencia para su desarrollo en Am\u00e9rica Latina. Tan solo en 2025, la plataforma super\u00f3 los 200 millones de viajes completados en el pa\u00eds, consolidando su papel dentro del ecosistema digital local. Desde esta base operativa, la integraci\u00f3n al WEF permitir\u00e1 fortalecer la participaci\u00f3n de la empresa en debates internacionales sobre el futuro de la econom\u00eda colaborativa.<\/p>\n\n\n\n<figure class=\"wp-block-gallery has-nested-images columns-default is-cropped wp-block-gallery-2 is-layout-flex wp-block-gallery-is-layout-flex\">\n<figure class=\"wp-block-image size-large\"><img decoding=\"async\" width=\"500\" height=\"281\" data-id=\"1145091\" src=\"https:\/\/dimensionturistica.com\/es\/wp-content\/uploads\/2026\/04\/2DRIVE-1.jpg\" alt=\"\" class=\"wp-image-1145091\" srcset=\"https:\/\/dimensionturistica.com\/es\/wp-content\/uploads\/2026\/04\/2DRIVE-1.jpg 500w, https:\/\/dimensionturistica.com\/es\/wp-content\/uploads\/2026\/04\/2DRIVE-1-300x169.jpg 300w\" sizes=\"(max-width: 500px) 100vw, 500px\" \/><\/figure>\n<\/figure>\n\n\n\n<p>Desde la perspectiva de la operaci\u00f3n en contextos con alta diversidad de ingresos y din\u00e1micas de acceso distintas a las de econom\u00edas m\u00e1s industrializadas, la compa\u00f1\u00eda ha impulsado un modelo basado en la libertad de elecci\u00f3n y la transparencia en precios, que permite a pasajeros y conductores negociar directamente el costo de cada viaje. En pa\u00edses en desarrollo, esquemas m\u00e1s flexibles contribuyen a mejorar tanto la accesibilidad del servicio como las oportunidades de generaci\u00f3n de ingresos, de acuerdo con un reciente estudio de Oxford Economics.<\/p>\n\n\n\n<p>En l\u00ednea con este posicionamiento, y con base en tendencias del sector identificadas en el reporte de impacto de la Asociaci\u00f3n de Internet M\u00e9xico (AIMX), las y los conductores en inDrive aseguran haber incrementado sus ingresos en m\u00e1s de 30%, mientras que el negocio y las iniciativas sociales impulsadas por la compa\u00f1\u00eda han impactado positivamente a m\u00e1s de 10 millones de personas en el pa\u00eds desde mediados de 2022.<\/p>\n\n\n\n<p>\u201cSer parte de la Comunidad Unicornio del Foro Econ\u00f3mico Mundial valida que existen modelos alternativos en la econom\u00eda digital que pueden escalar globalmente\u201d, dijo Arsen Tomsky, fundador y CEO de inDrive. \u201cEn mercados como M\u00e9xico, donde millones de personas utilizan aplicaciones para desplazarse y generar ingresos, es clave construir esquemas m\u00e1s transparentes y equitativos\u201d.<\/p>\n\n\n\n<figure class=\"wp-block-gallery has-nested-images columns-default is-cropped wp-block-gallery-3 is-layout-flex wp-block-gallery-is-layout-flex\">\n<figure class=\"wp-block-image size-large\"><img decoding=\"async\" width=\"500\" height=\"281\" data-id=\"1145092\" src=\"https:\/\/dimensionturistica.com\/es\/wp-content\/uploads\/2026\/04\/4DRIVE-1.jpg\" alt=\"\" class=\"wp-image-1145092\" srcset=\"https:\/\/dimensionturistica.com\/es\/wp-content\/uploads\/2026\/04\/4DRIVE-1.jpg 500w, https:\/\/dimensionturistica.com\/es\/wp-content\/uploads\/2026\/04\/4DRIVE-1-300x169.jpg 300w\" sizes=\"(max-width: 500px) 100vw, 500px\" \/><\/figure>\n<\/figure>\n\n\n\n<p>Para la operaci\u00f3n en M\u00e9xico, esta integraci\u00f3n abre tambi\u00e9n una oportunidad para posicionar la experiencia del pa\u00eds dentro de la conversaci\u00f3n internacional sobre innovaci\u00f3n tecnol\u00f3gica con enfoque humano: \u201cNuestro pa\u00eds se ha convertido en un punto de referencia para entender c\u00f3mo evolucionan las plataformas de movilidad en mercados emergentes. Formar parte de esta Comunidad nos permite llevar estos aprendizajes a la conversaci\u00f3n global y contribuir con evidencia sobre el impacto tangible de modelos m\u00e1s transparentes\u201d, se\u00f1al\u00f3 Rafael Garza Medrano, director general de inDrive en M\u00e9xico.<\/p>\n\n\n\n<figure class=\"wp-block-gallery has-nested-images columns-default is-cropped wp-block-gallery-4 is-layout-flex wp-block-gallery-is-layout-flex\">\n<figure class=\"wp-block-image size-large\"><img decoding=\"async\" width=\"474\" height=\"180\" data-id=\"1145094\" src=\"https:\/\/dimensionturistica.com\/es\/wp-content\/uploads\/2026\/04\/7DRIVE.jpg\" alt=\"\" class=\"wp-image-1145094\" srcset=\"https:\/\/dimensionturistica.com\/es\/wp-content\/uploads\/2026\/04\/7DRIVE.jpg 474w, https:\/\/dimensionturistica.com\/es\/wp-content\/uploads\/2026\/04\/7DRIVE-300x114.jpg 300w\" sizes=\"(max-width: 474px) 100vw, 474px\" \/><\/figure>\n<\/figure>\n\n\n\n<p>Con su incorporaci\u00f3n al WEF, la empresa buscar\u00e1 fortalecer la presencia de perspectivas provenientes de Am\u00e9rica Latina en los espacios donde se definen tendencias sobre movilidad y entregas en el entorno digital urbano, contribuyendo a que las lecciones de pa\u00edses del Sur Global formen parte activa de la conversaci\u00f3n internacional sobre el avance de la tecnolog\u00eda, la inclusi\u00f3n financiera y el desarrollo sostenible.<\/p>\n","protected":false},"excerpt":{"rendered":"<p>inDrive, una de las plataformas de movilidad y entregas con mayor desarrollo en M\u00e9xico y otros mercados emergentes, anunci\u00f3 su integraci\u00f3n a la Comunidad Unicornio del Foro Econ\u00f3mico Mundial (WEF, por sus siglas en ingl\u00e9s), un grupo que re\u00fane a empresas tecnol\u00f3gicas privadas de alto crecimiento, valoradas en m\u00e1s de mil millones de d\u00f3lares y [&hellip;]<\/p>\n","protected":false},"author":1,"featured_media":1145097,"comment_status":"open","ping_status":"closed","sticky":false,"template":"","format":"standard","meta":{"om_disable_all_campaigns":false,"jnews-multi-image_gallery":[],"jnews_single_post":[],"jnews_primary_category":[],"jnews_social_meta":[],"footnotes":""},"categories":[40],"tags":[],"class_list":["post-1145089","post","type-post","status-publish","format-standard","has-post-thumbnail","hentry","category-industria"],"_links":{"self":[{"href":"https:\/\/dimensionturistica.com\/es\/wp-json\/wp\/v2\/posts\/1145089","targetHints":{"allow":["GET"]}}],"collection":[{"href":"https:\/\/dimensionturistica.com\/es\/wp-json\/wp\/v2\/posts"}],"about":[{"href":"https:\/\/dimensionturistica.com\/es\/wp-json\/wp\/v2\/types\/post"}],"author":[{"embeddable":true,"href":"https:\/\/dimensionturistica.com\/es\/wp-json\/wp\/v2\/users\/1"}],"replies":[{"embeddable":true,"href":"https:\/\/dimensionturistica.com\/es\/wp-json\/wp\/v2\/comments?post=1145089"}],"version-history":[{"count":1,"href":"https:\/\/dimensionturistica.com\/es\/wp-json\/wp\/v2\/posts\/1145089\/revisions"}],"predecessor-version":[{"id":1145098,"href":"https:\/\/dimensionturistica.com\/es\/wp-json\/wp\/v2\/posts\/1145089\/revisions\/1145098"}],"wp:featuredmedia":[{"embeddable":true,"href":"https:\/\/dimensionturistica.com\/es\/wp-json\/wp\/v2\/media\/1145097"}],"wp:attachment":[{"href":"https:\/\/dimensionturistica.com\/es\/wp-json\/wp\/v2\/media?parent=1145089"}],"wp:term":[{"taxonomy":"category","embeddable":true,"href":"https:\/\/dimensionturistica.com\/es\/wp-json\/wp\/v2\/categories?post=1145089"},{"taxonomy":"post_tag","embeddable":true,"href":"https:\/\/dimensionturistica.com\/es\/wp-json\/wp\/v2\/tags?post=1145089"}],"curies":[{"name":"wp","href":"https:\/\/api.w.org\/{rel}","templated":true}]}}