{"id":1145084,"date":"2026-04-27T18:42:17","date_gmt":"2026-04-27T18:42:17","guid":{"rendered":"https:\/\/dimensionturistica.com\/es\/?p=1145084"},"modified":"2026-04-27T18:42:17","modified_gmt":"2026-04-27T18:42:17","slug":"jalisco-impulsa-su-industria-audiovisual-con-el-programa-de-incentivos-filma-2026","status":"publish","type":"post","link":"https:\/\/dimensionturistica.com\/es\/jalisco-impulsa-su-industria-audiovisual-con-el-programa-de-incentivos-filma-2026\/","title":{"rendered":"Jalisco Impulsa su industria audiovisual con el Programa de Incentivos FILMA 2026"},"content":{"rendered":"\n<p>Para fortalecer la industria audiovisual del estado con apoyos directos a producciones nacionales e internacionales, el impulso a empresas locales y la apertura de nuevas alianzas globales, el Gobierno de Jalisco present\u00f3, a trav\u00e9s de FILMA Jalisco, el Programa de Incentivos FILMA 2026.<\/p>\n\n\n\n<p>El programa contar\u00e1 con una bolsa total de 92 millones 503 mil 836 pesos, distribuida en tres l\u00edneas estrat\u00e9gicas.<\/p>\n\n\n\n<p>La primera es Cash Rebate, con 70 millones de pesos, destinada a producciones que realicen gastos en Jalisco y generen derrama econ\u00f3mica en la entidad.<\/p>\n\n\n\n<figure class=\"wp-block-gallery has-nested-images columns-default is-cropped wp-block-gallery-1 is-layout-flex wp-block-gallery-is-layout-flex\">\n<figure class=\"wp-block-image size-large\"><img decoding=\"async\" width=\"500\" height=\"331\" data-id=\"1145085\" src=\"https:\/\/dimensionturistica.com\/es\/wp-content\/uploads\/2026\/04\/4JALIOSCO.jpg\" alt=\"\" class=\"wp-image-1145085\" srcset=\"https:\/\/dimensionturistica.com\/es\/wp-content\/uploads\/2026\/04\/4JALIOSCO.jpg 500w, https:\/\/dimensionturistica.com\/es\/wp-content\/uploads\/2026\/04\/4JALIOSCO-300x199.jpg 300w\" sizes=\"(max-width: 500px) 100vw, 500px\" \/><\/figure>\n<\/figure>\n\n\n\n<p>Miriana Moro, Gerenta de Relaciones P\u00fablicas y Eventos, en representaci\u00f3n de la Comisi\u00f3n de Filmaciones de Jalisco \u2014que forma parte de la Secretar\u00eda de Turismo\u2014, destac\u00f3 su papel como instancia clave para operar y gestionar los recursos p\u00fablicos destinados a impulsar la producci\u00f3n audiovisual en el estado.<\/p>\n\n\n\n<p>\u201cNos parece relevante (&#8230;) favorecer la producci\u00f3n audiovisual en el estado de Jalisco, que al final todo se alinea a las intenciones de hacer a Jalisco como un hub no s\u00f3lo nacional sino tambi\u00e9n internacional en cuanto a la producci\u00f3n c\u00edclica y audiovisual\u201d, dijo la Gerenta.<\/p>\n\n\n\n<p>\u201cLa industria no es solamente hacer pel\u00edculas, sino que ahora tenemos una industria global muy potente, que tiene que ver con la producci\u00f3n de series, tanto para plataformas, televisi\u00f3n y tambi\u00e9n publicidad. Estamos enfocados en ofrecer (&#8230;) una estructura s\u00f3lida que nos ponga en el mapa global de la producci\u00f3n audiovisual\u201d, agreg\u00f3.<\/p>\n\n\n\n<p>Como novedad para este a\u00f1o, se incorpora Coproducci\u00f3n Internacional, con una bolsa de 10 millones de pesos, para impulsar alianzas entre productoras locales y extranjeras, ampliar mercados y posicionar a Jalisco como un polo creativo de alcance global.<\/p>\n\n\n\n<figure class=\"wp-block-gallery has-nested-images columns-default is-cropped wp-block-gallery-2 is-layout-flex wp-block-gallery-is-layout-flex\">\n<figure class=\"wp-block-image size-large\"><img decoding=\"async\" width=\"500\" height=\"333\" data-id=\"1145086\" src=\"https:\/\/dimensionturistica.com\/es\/wp-content\/uploads\/2026\/04\/1JALISCO-1.jpg\" alt=\"\" class=\"wp-image-1145086\" srcset=\"https:\/\/dimensionturistica.com\/es\/wp-content\/uploads\/2026\/04\/1JALISCO-1.jpg 500w, https:\/\/dimensionturistica.com\/es\/wp-content\/uploads\/2026\/04\/1JALISCO-1-300x200.jpg 300w\" sizes=\"(max-width: 500px) 100vw, 500px\" \/><\/figure>\n<\/figure>\n\n\n\n<p>En dicho contexto, Noem\u00ed Pizano, Gerenta de Est\u00edmulos y Desarrollo para la industria F\u00edlmica y Audiovisual, afirm\u00f3 que la convocatoria de Coproducci\u00f3n Internacional est\u00e1 orientada a impulsar la internacionalizaci\u00f3n de la industria audiovisual jalisciense mediante alianzas con socios en otros pa\u00edses.<\/p>\n\n\n\n<p>\u201cNuestro programa comienza desde incentivos para un gui\u00f3n hasta la posibilidad de tener una coproducci\u00f3n internacional con otro pa\u00eds, con otra ciudad de otro pa\u00eds. De esta manera se recorre a trav\u00e9s de los incentivos toda la lista, toda la cadena de valor de la industria audiovisual jalisciense\u201d, afirm\u00f3 Pizano.<\/p>\n\n\n\n<p>La segunda intervenci\u00f3n es Industria Local, con 12 millones 503 mil 836 pesos, orientada a fortalecer a empresas jaliscienses mediante apoyos para largometrajes, cortometrajes, reescritura de gui\u00f3n y festivales especializados.<\/p>\n\n\n\n<p>En la edici\u00f3n anterior, este programa respald\u00f3 46 proyectos con una inversi\u00f3n superior a 100 millones de pesos, lo que deton\u00f3 una derrama econ\u00f3mica mayor a 826.5 millones de pesos, consolidando a Jalisco como referente nacional en la industria audiovisual.<\/p>\n\n\n\n<p>Para saber m\u00e1s:<\/p>\n\n\n\n<p>\u25cf Las Reglas de Operaci\u00f3n fueron publicadas el 30 de marzo, y el periodo de recepci\u00f3n de postulaciones ser\u00e1 del 2 de mayo al 12 de junio de 2026, en el portal oficial filma.jalisco.gob.mx .<\/p>\n\n\n\n<p>&nbsp;\u25cfLos interesados pueden escribir un correo electr\u00f3nico a convocatorias.filma@jalisco.gob.mx .<\/p>\n","protected":false},"excerpt":{"rendered":"<p>Para fortalecer la industria audiovisual del estado con apoyos directos a producciones nacionales e internacionales, el impulso a empresas locales y la apertura de nuevas alianzas globales, el Gobierno de Jalisco present\u00f3, a trav\u00e9s de FILMA Jalisco, el Programa de Incentivos FILMA 2026. El programa contar\u00e1 con una bolsa total de 92 millones 503 mil [&hellip;]<\/p>\n","protected":false},"author":1,"featured_media":1145087,"comment_status":"open","ping_status":"closed","sticky":false,"template":"","format":"standard","meta":{"om_disable_all_campaigns":false,"jnews-multi-image_gallery":[],"jnews_single_post":[],"jnews_primary_category":[],"jnews_social_meta":[],"footnotes":""},"categories":[39],"tags":[],"class_list":["post-1145084","post","type-post","status-publish","format-standard","has-post-thumbnail","hentry","category-viajes"],"_links":{"self":[{"href":"https:\/\/dimensionturistica.com\/es\/wp-json\/wp\/v2\/posts\/1145084","targetHints":{"allow":["GET"]}}],"collection":[{"href":"https:\/\/dimensionturistica.com\/es\/wp-json\/wp\/v2\/posts"}],"about":[{"href":"https:\/\/dimensionturistica.com\/es\/wp-json\/wp\/v2\/types\/post"}],"author":[{"embeddable":true,"href":"https:\/\/dimensionturistica.com\/es\/wp-json\/wp\/v2\/users\/1"}],"replies":[{"embeddable":true,"href":"https:\/\/dimensionturistica.com\/es\/wp-json\/wp\/v2\/comments?post=1145084"}],"version-history":[{"count":1,"href":"https:\/\/dimensionturistica.com\/es\/wp-json\/wp\/v2\/posts\/1145084\/revisions"}],"predecessor-version":[{"id":1145088,"href":"https:\/\/dimensionturistica.com\/es\/wp-json\/wp\/v2\/posts\/1145084\/revisions\/1145088"}],"wp:featuredmedia":[{"embeddable":true,"href":"https:\/\/dimensionturistica.com\/es\/wp-json\/wp\/v2\/media\/1145087"}],"wp:attachment":[{"href":"https:\/\/dimensionturistica.com\/es\/wp-json\/wp\/v2\/media?parent=1145084"}],"wp:term":[{"taxonomy":"category","embeddable":true,"href":"https:\/\/dimensionturistica.com\/es\/wp-json\/wp\/v2\/categories?post=1145084"},{"taxonomy":"post_tag","embeddable":true,"href":"https:\/\/dimensionturistica.com\/es\/wp-json\/wp\/v2\/tags?post=1145084"}],"curies":[{"name":"wp","href":"https:\/\/api.w.org\/{rel}","templated":true}]}}