{"id":1145075,"date":"2026-04-27T18:32:09","date_gmt":"2026-04-27T18:32:09","guid":{"rendered":"https:\/\/dimensionturistica.com\/es\/?p=1145075"},"modified":"2026-04-27T18:32:09","modified_gmt":"2026-04-27T18:32:09","slug":"guanajuato-capital-presenta-la-experiencia-gastronomica-mas-esperada-del-ano-festival-fuego-y-sabor","status":"publish","type":"post","link":"https:\/\/dimensionturistica.com\/es\/guanajuato-capital-presenta-la-experiencia-gastronomica-mas-esperada-del-ano-festival-fuego-y-sabor\/","title":{"rendered":"Guanajuato Capital presenta la experiencia gastron\u00f3mica m\u00e1s esperada del a\u00f1o: Festival Fuego y Sabor"},"content":{"rendered":"\n<p>La excelencia culinaria y el entretenimiento converger\u00e1n en una noche extraordinaria con la segunda edici\u00f3n del Festival Fuego y Sabor, a celebrarse el pr\u00f3ximo s\u00e1bado 16 de mayo en la Alh\u00f3ndiga de Granaditas, uno de los recintos hist\u00f3ricos m\u00e1s emblem\u00e1ticos de M\u00e9xico.<\/p>\n\n\n\n<p>Concebido como una plataforma para enaltecer la riqueza gastron\u00f3mica nacional, este exclusivo festival reunir\u00e1 a distinguidas casas de asado, chefs de prestigio, expertos en mixolog\u00eda contempor\u00e1nea y propuestas art\u00edsticas.<\/p>\n\n\n\n<p>Los asistentes disfrutar\u00e1n una experiencia sensorial en torno al fuego y las brasas, donde las t\u00e9cnicas m\u00e1s refinadas del grill se fusionar\u00e1n con ingredientes selectos, cortes premium y propuestas innovadoras.<\/p>\n\n\n\n<p>Entre los establecimientos anfitriones y participantes destacan:<\/p>\n\n\n\n<p>La Chuleta Metalera<\/p>\n\n\n\n<figure class=\"wp-block-gallery has-nested-images columns-default is-cropped wp-block-gallery-1 is-layout-flex wp-block-gallery-is-layout-flex\">\n<figure class=\"wp-block-image size-large\"><img decoding=\"async\" width=\"686\" height=\"672\" data-id=\"1145076\" src=\"https:\/\/dimensionturistica.com\/es\/wp-content\/uploads\/2026\/04\/unnamed-11.png\" alt=\"\" class=\"wp-image-1145076\" srcset=\"https:\/\/dimensionturistica.com\/es\/wp-content\/uploads\/2026\/04\/unnamed-11.png 686w, https:\/\/dimensionturistica.com\/es\/wp-content\/uploads\/2026\/04\/unnamed-11-300x294.png 300w\" sizes=\"(max-width: 686px) 100vw, 686px\" \/><\/figure>\n<\/figure>\n\n\n\n<p>Los A\u00f1elos<\/p>\n\n\n\n<p>Casa Valadez<\/p>\n\n\n\n<p>Virgen de la Cueva<\/p>\n\n\n\n<p>Hacienda San Mat\u00edas<\/p>\n\n\n\n<p>Agave Grill<\/p>\n\n\n\n<p>Nuevo Campo Viejo<\/p>\n\n\n\n<p>La Tasca de la Paz<\/p>\n\n\n\n<p>Amorcito Coraz\u00f3n<\/p>\n\n\n\n<p>Cada propuesta aportar\u00e1 identidad, creatividad y excelencia a una jornada dise\u00f1ada para deleitar a los paladares m\u00e1s exigentes. El festival incorporar\u00e1 una destacada selecci\u00f3n de bebidas de autor y experiencias de mixolog\u00eda contempor\u00e1nea.<\/p>\n\n\n\n<p>La programaci\u00f3n musical acompa\u00f1ar\u00e1 toda la jornada con presentaciones en vivo. Como acto estelar llegar\u00e1 Rock Jude Fest, espect\u00e1culo tributo a los grandes cl\u00e1sicos del rock con la participaci\u00f3n de: Leonardo de Lozanne, Dennise Guti\u00e9rrez, Daniel Guti\u00e9rrez y V\u00edctor Carr\u00e9. Adem\u00e1s, el lineup incluye a: DJ Dvol, Avenida Cover, Pepe Garc\u00eda, Los M\u00e9rcales, DJ Kally, Alexa y Fire Collective.<\/p>\n\n\n\n<p>Adem\u00e1s, el festival contar\u00e1 con una exclusiva zona de bazaristas y emprendedores locales, espacio dedicado a impulsar el talento regional y acercar productos hechos en Guanajuato a visitantes nacionales e internacionales.<\/p>\n\n\n\n<p>Preventa exclusiva en:<\/p>\n\n\n\n<p>www.fuegoysabor.mx<\/p>\n\n\n\n<p>Preventa: $450 MXN<\/p>\n\n\n\n<p>D\u00eda del evento: $600 MXN<\/p>\n\n\n\n<p>El acceso incluye entrada general y concierto de clausura.<\/p>\n\n\n\n<p>Tras el \u00e9xito de su primera edici\u00f3n, Festival Fuego y Sabor se perfila como uno de los encuentros gastron\u00f3micos m\u00e1s relevantes del a\u00f1o, impulsando una oferta que integra cocina, cultura, entretenimiento y patrimonio.<\/p>\n","protected":false},"excerpt":{"rendered":"<p>La excelencia culinaria y el entretenimiento converger\u00e1n en una noche extraordinaria con la segunda edici\u00f3n del Festival Fuego y Sabor, a celebrarse el pr\u00f3ximo s\u00e1bado 16 de mayo en la Alh\u00f3ndiga de Granaditas, uno de los recintos hist\u00f3ricos m\u00e1s emblem\u00e1ticos de M\u00e9xico. Concebido como una plataforma para enaltecer la riqueza gastron\u00f3mica nacional, este exclusivo festival [&hellip;]<\/p>\n","protected":false},"author":1,"featured_media":1145077,"comment_status":"open","ping_status":"closed","sticky":false,"template":"","format":"standard","meta":{"om_disable_all_campaigns":false,"jnews-multi-image_gallery":[],"jnews_single_post":[],"jnews_primary_category":[],"jnews_social_meta":[],"footnotes":""},"categories":[39],"tags":[],"class_list":["post-1145075","post","type-post","status-publish","format-standard","has-post-thumbnail","hentry","category-viajes"],"_links":{"self":[{"href":"https:\/\/dimensionturistica.com\/es\/wp-json\/wp\/v2\/posts\/1145075","targetHints":{"allow":["GET"]}}],"collection":[{"href":"https:\/\/dimensionturistica.com\/es\/wp-json\/wp\/v2\/posts"}],"about":[{"href":"https:\/\/dimensionturistica.com\/es\/wp-json\/wp\/v2\/types\/post"}],"author":[{"embeddable":true,"href":"https:\/\/dimensionturistica.com\/es\/wp-json\/wp\/v2\/users\/1"}],"replies":[{"embeddable":true,"href":"https:\/\/dimensionturistica.com\/es\/wp-json\/wp\/v2\/comments?post=1145075"}],"version-history":[{"count":1,"href":"https:\/\/dimensionturistica.com\/es\/wp-json\/wp\/v2\/posts\/1145075\/revisions"}],"predecessor-version":[{"id":1145078,"href":"https:\/\/dimensionturistica.com\/es\/wp-json\/wp\/v2\/posts\/1145075\/revisions\/1145078"}],"wp:featuredmedia":[{"embeddable":true,"href":"https:\/\/dimensionturistica.com\/es\/wp-json\/wp\/v2\/media\/1145077"}],"wp:attachment":[{"href":"https:\/\/dimensionturistica.com\/es\/wp-json\/wp\/v2\/media?parent=1145075"}],"wp:term":[{"taxonomy":"category","embeddable":true,"href":"https:\/\/dimensionturistica.com\/es\/wp-json\/wp\/v2\/categories?post=1145075"},{"taxonomy":"post_tag","embeddable":true,"href":"https:\/\/dimensionturistica.com\/es\/wp-json\/wp\/v2\/tags?post=1145075"}],"curies":[{"name":"wp","href":"https:\/\/api.w.org\/{rel}","templated":true}]}}